{"id":193051,"date":"2026-08-27T07:23:11","date_gmt":"2026-08-27T07:23:11","guid":{"rendered":"https:\/\/www.europesays.com\/cz\/193051\/"},"modified":"2026-08-27T07:23:11","modified_gmt":"2026-08-27T07:23:11","slug":"magyarova-vlada-jednoznacne-odsoudila-ruskou-agresi-na-ukrajine","status":"publish","type":"post","link":"https:\/\/www.europesays.com\/cz\/193051\/","title":{"rendered":"Magyarova vl\u00e1da jednozna\u010dn\u011b odsoudila ruskou agresi na Ukrajin\u011b"},"content":{"rendered":"<p class=\"c_bB\">Magyar v\u00a0t\u011bchto dnech podepsal pokyny pro ma\u010farskou delegaci, kter\u00e1 se z\u00fa\u010dastn\u00ed 81.\u00a0zased\u00e1n\u00ed Valn\u00e9ho shrom\u00e1\u017ed\u011bn\u00ed OSN. Ty jasn\u011b odsuzuj\u00ed ruskou vojenskou agresi na Ukrajin\u011b, podporuj\u00ed suverenitu a\u00a0\u00fazemn\u00ed celistvost Ukrajiny.<\/p>\n<p class=\"c_bB\">\u201ePodle vl\u00e1dy p\u0159edstavuje Rusko hrozbu pro Ma\u010farsko, Evropu i\u00a0glob\u00e1ln\u00ed \u0159\u00e1d, stejn\u011b jako pro Ma\u010fary \u017eij\u00edc\u00ed v\u00a0Zakarpatsku,\u201c cituje web <a data-dot=\"atm-link\" target=\"_blank\" rel=\"noopener nofollow\" href=\"https:\/\/index.hu\/belfold\/2026\/08\/26\/magyar-peter-uj-kulpolitikai-iranyelv-magyar-kozlony-oroszorszag-fenyegetes-magyarorszag-karpataljai-kisebbseg\/\" class=\"c_I\">index.hu<\/a> zm\u00edn\u011bn\u00fd dokument.<\/p>\n<p class=\"c_bB\">Budape\u0161\u0165 v\u00a0souvislosti s\u00a0rusko-ukrajinsk\u00fdm konfliktem vyz\u00fdv\u00e1 k\u00a0jedn\u00e1n\u00ed o\u00a0udr\u017eiteln\u00e9m m\u00edru a\u00a0dlouhodob\u00fdch bezpe\u010dnostn\u00edch z\u00e1ruk\u00e1ch. \u00dakolem ma\u010farsk\u00e9 delegace na 81.\u00a0zased\u00e1n\u00ed Valn\u00e9ho shrom\u00e1\u017ed\u011bn\u00ed OSN bude jednat v\u00a0souladu s\u00a0c\u00edli vl\u00e1dy a\u00a0prosazovat ma\u010farsk\u00e9 n\u00e1rodn\u00ed z\u00e1jmy.<\/p>\n<p>P\u0159edvol\u00e1n\u00ed velvyslance<\/p>\n<p class=\"c_bB\">Po kv\u011btnov\u00e9m rusk\u00e9m \u00fatoku v\u00a0Zakarpatsku si nov\u00e1 ma\u010farsk\u00e1 ministryn\u011b zahrani\u010d\u00ed Anita Orb\u00e1nov\u00e1 (Tisza) p\u0159edvolala rusk\u00e9ho velvyslance, aby mu tlumo\u010dila ostr\u00fd nesouhlas s\u00a0\u00fatokem na \u00fazem\u00ed, kde \u017eije po\u010detn\u00e1 ma\u010farsk\u00e1 men\u0161ina.<\/p>\n<p class=\"c_bB\">Ukrajinsk\u00fd prezident Volodymyr Zelenskyj v\u00a0srpnu pozval ma\u010farsk\u00e9ho premi\u00e9ra Magyara na n\u00e1v\u0161t\u011bvu Kyjeva. Zelenskyj v\u00a0dopise vyj\u00e1d\u0159il vd\u011b\u010dnost za \u201epodporu suverenity a\u00a0\u00fazemn\u00ed celistvosti Ukrajiny\u201c v\u00a0dob\u011b \u201ebrut\u00e1ln\u00ed rusk\u00e9 agrese\u201c.<\/p>\n<p class=\"c_bB\">\u201eD\u00edky volb\u011b ma\u010farsk\u00e9ho lidu otev\u00edr\u00e1me novou kapitolu v\u00a0na\u0161ich dvoustrann\u00fdch vztaz\u00edch, kter\u00e1 je zalo\u017eena na vz\u00e1jemn\u011b prosp\u011b\u0161n\u00e9 spolupr\u00e1ci, vz\u00e1jemn\u00e9m respektu, m\u00edru a\u00a0porozum\u011bn\u00ed,\u201c dodal.<\/p>\n<p class=\"c_bB\">P\u0159edchoz\u00ed Orb\u00e1nova vl\u00e1da udr\u017eovala dobr\u00e9 vztahy s\u00a0Moskvou i\u00a0po rusk\u00e9 agresi na Ukrajin\u011b. P\u0159edev\u0161\u00edm b\u00fdval\u00fd \u0161\u00e9f ma\u010farsk\u00e9 diplomacie P\u00e9ter Szijj\u00e1rt\u00f3 m\u011bl nadstandardn\u00ed vztahy se sv\u00fdm rusk\u00fdm kolegou Sergejem Lavrovem. V\u00a0roce 2024\u00a0nap\u0159\u00edklad v\u00a0telefonick\u00e9m rozhovoru nab\u00eddl Lavrovovi, \u017ee mu po\u0161le dokument Evropsk\u00e9 unie, kter\u00fd obsahoval vyjedn\u00e1vac\u00ed r\u00e1mec pro zah\u00e1jen\u00ed p\u0159\u00edstupov\u00fdch rozhovor\u016f s\u00a0Ukrajinou.<\/p>\n<p><a data-dot=\"atm-link\" target=\"_self\" href=\"https:\/\/www.novinky.cz\/clanek\/zahranicni-evropa-magyar-potvrdil-ze-vysetri-ruske-kontakty-exministra-zahranici-szijjartoa-40588498\" class=\"c_I\" rel=\"nofollow noopener\"><img fetchpriority=\"high\" height=\"2284\" width=\"4061\" src=\"https:\/\/www.europesays.com\/cz\/wp-content\/uploads\/2026\/08\/1787815391_10_v3kDN.jpeg\" loading=\"eager\" decoding=\"sync\" class=\"c_t c_r\"\/><\/a><\/p>\n","protected":false},"excerpt":{"rendered":"Magyar v\u00a0t\u011bchto dnech podepsal pokyny pro ma\u010farskou delegaci, kter\u00e1 se z\u00fa\u010dastn\u00ed 81.\u00a0zased\u00e1n\u00ed Valn\u00e9ho shrom\u00e1\u017ed\u011bn\u00ed OSN. Ty jasn\u011b odsuzuj\u00ed&hellip;\n","protected":false},"author":2,"featured_media":193052,"comment_status":"","ping_status":"","sticky":false,"template":"","format":"standard","meta":{"footnotes":"","_share_on_mastodon":"0"},"categories":[3],"tags":[109,108,106,796,1361,110],"class_list":["post-193051","post","type-post","status-publish","format-standard","has-post-thumbnail","category-evropa","tag-europa","tag-europe","tag-evropa","tag-madarsko","tag-podpora","tag-ukrajina"],"share_on_mastodon":{"url":"https:\/\/pubeurope.com\/@cz\/117166276789651508","error":""},"_links":{"self":[{"href":"https:\/\/www.europesays.com\/cz\/wp-json\/wp\/v2\/posts\/193051","targetHints":{"allow":["GET"]}}],"collection":[{"href":"https:\/\/www.europesays.com\/cz\/wp-json\/wp\/v2\/posts"}],"about":[{"href":"https:\/\/www.europesays.com\/cz\/wp-json\/wp\/v2\/types\/post"}],"author":[{"embeddable":true,"href":"https:\/\/www.europesays.com\/cz\/wp-json\/wp\/v2\/users\/2"}],"replies":[{"embeddable":true,"href":"https:\/\/www.europesays.com\/cz\/wp-json\/wp\/v2\/comments?post=193051"}],"version-history":[{"count":0,"href":"https:\/\/www.europesays.com\/cz\/wp-json\/wp\/v2\/posts\/193051\/revisions"}],"wp:featuredmedia":[{"embeddable":true,"href":"https:\/\/www.europesays.com\/cz\/wp-json\/wp\/v2\/media\/193052"}],"wp:attachment":[{"href":"https:\/\/www.europesays.com\/cz\/wp-json\/wp\/v2\/media?parent=193051"}],"wp:term":[{"taxonomy":"category","embeddable":true,"href":"https:\/\/www.europesays.com\/cz\/wp-json\/wp\/v2\/categories?post=193051"},{"taxonomy":"post_tag","embeddable":true,"href":"https:\/\/www.europesays.com\/cz\/wp-json\/wp\/v2\/tags?post=193051"}],"curies":[{"name":"wp","href":"https:\/\/api.w.org\/{rel}","templated":true}]}}