{"id":193141,"date":"2026-08-27T08:34:09","date_gmt":"2026-08-27T08:34:09","guid":{"rendered":"https:\/\/www.europesays.com\/cz\/193141\/"},"modified":"2026-08-27T08:34:09","modified_gmt":"2026-08-27T08:34:09","slug":"ohromna-euforie-dlouha-noc-slovan-je-v-lize-mistru-gratuloval-i-nadseny-franz","status":"publish","type":"post","link":"https:\/\/www.europesays.com\/cz\/193141\/","title":{"rendered":"Ohromn\u00e1 euforie, dlouh\u00e1 noc! Slovan je v\u00a0Lize mistr\u016f, gratuloval i\u00a0nad\u0161en\u00fd Franz"},"content":{"rendered":"<p class=\"b_bA\">Slovan se vrac\u00ed do Ligy mistr\u016f po ro\u010dn\u00ed odmlce, v\u00a0sezon\u011b 2024\/25\u00a0prohr\u00e1l v\u0161ech osm duel\u016f, do nich\u017e v\u00a0ligov\u00e9 f\u00e1zi nasko\u010dil.<\/p>\n<p class=\"b_bA\">Man\u010daft, kter\u00fd moment\u00e1ln\u011b tr\u00e9nuje fotbalov\u00e1 ikona Yaya Tour\u00e9, ale vzpom\u00ednky na posledn\u00ed \u00fa\u010dast v\u00a0tuto chv\u00edli netr\u00e1p\u00ed. Jak avizoval \u0160porar, top\u00ed se v\u00a0euforii.<\/p>\n<p class=\"b_bA\">U\u017e od des\u00e1t\u00e9 minuty prodlou\u017een\u00ed. St\u0159\u00eddaj\u00edc\u00ed Nino Marcelli v\u00a0tu dobu za rem\u00edzov\u00e9ho stavu vybojoval balon na st\u0159edu h\u0159i\u0161t\u011b, ide\u00e1ln\u011b ho pot\u00e1hl a\u00a0do v\u00e1pna vysunul Mart\u00edneze. Rtu\u0165ovit\u00fd z\u00e1lo\u017en\u00edk z\u00a0Panamy brank\u00e1\u0159e \u017dana Lebana obelstil jak\u00fdmsi hybridem mezi obst\u0159elem a\u00a0lobem. Balon si na\u0161el cestu do s\u00edt\u011b, na branku panamsk\u00e9ho reprezentanta u\u017e Celje nezareagovalo, i\u00a0kdy\u017e t\u0159eba u\u00a0stoprocentn\u00ed \u0161ance Armandase Ku\u010dyse st\u00e1li p\u0159i Slovanu v\u0161ichni svat\u00ed.<\/p>\n<p class=\"b_bA\">\u201eDruh\u00fd g\u00f3l? Geni\u00e1ln\u00ed. A\u00a0prvn\u00ed? Geni\u00e1ln\u00ed,\u201c smekl ve studiu kan\u00e1lu Nova Sport tren\u00e9r Franti\u0161ek Straka.<\/p>\n<p class=\"b_bA\">Ano, i\u00a0prvn\u00ed trefa m\u011bla v\u00edce ne\u017e slu\u0161n\u00e9 parametry. Postaral se o\u00a0ni kapit\u00e1n \u0160porar. Slovinec, kter\u00fd sest\u0159elil man\u010daft ze sv\u00e9 domoviny, si v\u00a0prvn\u00ed p\u016fli n\u00e1ramn\u011b st\u00e1hl ze vzduchu dlouh\u00fd pas Kenana Bajri\u010de, dal\u0161\u00edho Slovince v\u00a0barv\u00e1ch Slovanu. A\u00a0vyb\u00edhaj\u00edc\u00edho Lebana efektn\u011b p\u0159ehodil, \u010d\u00edm\u017e poslal sv\u016fj man\u010daft do veden\u00ed.<\/p>\n<p class=\"b_bA\">\u201e\u0160el jsem tam, zab\u011bhl do prostoru. Bajri\u010d mi to dal ide\u00e1ln\u011b. Nechci mluvit moc o\u00a0sob\u011b, ale celkem p\u011bkn\u00fd g\u00f3l,\u201c \u0161ibalsky vypr\u00e1v\u011bl \u0160porar, je\u0161t\u011b pln\u00fd postupov\u00e9 euforie.<\/p>\n<p class=\"b_bA\">Celje je\u0161t\u011b do pauzy kontrovalo prom\u011bn\u011bnou penaltou Svita Se\u0161lara, do konce \u0159\u00e1dn\u00e9 hrac\u00ed doby u\u017e g\u00f3l nepadl. Proto se \u0161lo do prodlou\u017een\u00ed, kter\u00e9 rozhodla poveden\u00e1 branka Mart\u00edneze.<\/p>\n<p class=\"b_bA\">P\u016flhodinu nav\u00edc sledoval kapit\u00e1n \u0160porar u\u017e z\u00a0lavi\u010dky. \u201ePotvrdilo se mi, \u017ee nikdy nem\u016f\u017eu b\u00fdt tren\u00e9r. Stoprocentn\u011b. Byl jsem \u0161\u00edlen\u011b nerv\u00f3zn\u00ed. Daleko lep\u0161\u00ed je b\u00fdt na h\u0159i\u0161ti, kdy s\u00a0t\u00edm \u010dlov\u011bk m\u016f\u017ee n\u011bco ud\u011blat,\u201c l\u00ed\u010dil. Nen\u00ed se \u010demu divit. Celje se hnalo za vyrovn\u00e1n\u00edm, cinkla dokonce i\u00a0ty\u010d. Ale Slovan vysn\u011bn\u00fd postup mezi evropskou smet\u00e1nku stejn\u011b dot\u00e1hl.<\/p>\n<p class=\"b_bA\">Pro masivn\u00ed tren\u00e9rsk\u00fd \u00fasp\u011bch jde i\u00a0pro Yayu Tour\u00e9ho, kou\u010de Slovanu a\u00a0ikonu fotbalu z\u00a0Pob\u0159e\u017e\u00ed slonoviny. V\u017edy\u0165 v\u00a0Bratislav\u011b je v\u016fbec poprv\u00e9 v\u00a0kari\u00e9\u0159e hlavn\u00edm tren\u00e9rem dosp\u011bl\u00e9ho man\u010daftu!<\/p>\n<p class=\"b_bA\">\u201eP\u0159i\u0161el do Slovanu s\u00a0jedn\u00edm c\u00edlem. Splnil ho. Takhle si buduje\u0161 respekt, presti\u017e. Tahle radost, kterou hr\u00e1\u010di pro\u017e\u00edvaj\u00ed, je na fotbale to nejkr\u00e1sn\u011bj\u0161\u00ed,\u201c vypr\u00e1v\u011bl Straka.<\/p>\n<p class=\"b_bA\">Slovan, stejn\u011b jako pra\u017esk\u00e1 Slavia, tak s\u00a0nap\u011bt\u00edm vyhl\u00ed\u017e\u00ed \u010dtvrte\u010dn\u00ed los. Jeho pr\u016fb\u011bh m\u016f\u017eete sledovat od 18:00\u00a0na Sport.cz. Ve h\u0159e je i\u00a0feder\u00e1ln\u00ed derby. <\/p>\n<p class=\"b_bA\">Postup slav\u00ed i\u00a0b\u00fdval\u00fd \u00fato\u010dn\u00edk Teplic Roman \u010cerepkai, jen\u017e do hry nasko\u010dil z\u00a0lavi\u010dky, a\u00a0stoper Svetozar Markovi\u010d, kter\u00fd kopal za Plze\u0148. Srbsk\u00fd obr\u00e1nce odehr\u00e1l cel\u00e9 utk\u00e1n\u00ed.<\/p>\n<p><a data-dot=\"atm-link\" target=\"_self\" href=\"https:\/\/www.sport.cz\/clanek\/fotbal-liga-mistru-provokace-fenerbahce-vytocily-lyon-sulc-se-zapojil-do-potycky-pak-se-rozpoutala-hromadna-rvacka-5519079\" class=\"b_V g_ia\" rel=\"nofollow noopener\"><img fetchpriority=\"high\" height=\"1198\" width=\"1598\" src=\"https:\/\/www.europesays.com\/cz\/wp-content\/uploads\/2026\/08\/1787819649_266_fotbal-lyon.jpeg\" loading=\"eager\" decoding=\"sync\" class=\"b_B b_z\"\/><\/a><\/p>\n","protected":false},"excerpt":{"rendered":"Slovan se vrac\u00ed do Ligy mistr\u016f po ro\u010dn\u00ed odmlce, v\u00a0sezon\u011b 2024\/25\u00a0prohr\u00e1l v\u0161ech osm duel\u016f, do nich\u017e v\u00a0ligov\u00e9 f\u00e1zi&hellip;\n","protected":false},"author":2,"featured_media":193142,"comment_status":"","ping_status":"","sticky":false,"template":"","format":"standard","meta":{"footnotes":"","_share_on_mastodon":"0"},"categories":[15],"tags":[326,1190,23882,94,93],"class_list":["post-193141","post","type-post","status-publish","format-standard","has-post-thumbnail","category-sport","tag-fotbal","tag-liga-mistru-uefa","tag-slovan-bratislava","tag-sport","tag-sports"],"share_on_mastodon":{"url":"https:\/\/pubeurope.com\/@cz\/117166556089741146","error":""},"_links":{"self":[{"href":"https:\/\/www.europesays.com\/cz\/wp-json\/wp\/v2\/posts\/193141","targetHints":{"allow":["GET"]}}],"collection":[{"href":"https:\/\/www.europesays.com\/cz\/wp-json\/wp\/v2\/posts"}],"about":[{"href":"https:\/\/www.europesays.com\/cz\/wp-json\/wp\/v2\/types\/post"}],"author":[{"embeddable":true,"href":"https:\/\/www.europesays.com\/cz\/wp-json\/wp\/v2\/users\/2"}],"replies":[{"embeddable":true,"href":"https:\/\/www.europesays.com\/cz\/wp-json\/wp\/v2\/comments?post=193141"}],"version-history":[{"count":0,"href":"https:\/\/www.europesays.com\/cz\/wp-json\/wp\/v2\/posts\/193141\/revisions"}],"wp:featuredmedia":[{"embeddable":true,"href":"https:\/\/www.europesays.com\/cz\/wp-json\/wp\/v2\/media\/193142"}],"wp:attachment":[{"href":"https:\/\/www.europesays.com\/cz\/wp-json\/wp\/v2\/media?parent=193141"}],"wp:term":[{"taxonomy":"category","embeddable":true,"href":"https:\/\/www.europesays.com\/cz\/wp-json\/wp\/v2\/categories?post=193141"},{"taxonomy":"post_tag","embeddable":true,"href":"https:\/\/www.europesays.com\/cz\/wp-json\/wp\/v2\/tags?post=193141"}],"curies":[{"name":"wp","href":"https:\/\/api.w.org\/{rel}","templated":true}]}}