{"id":193325,"date":"2026-08-27T11:19:09","date_gmt":"2026-08-27T11:19:09","guid":{"rendered":"https:\/\/www.europesays.com\/cz\/193325\/"},"modified":"2026-08-27T11:19:09","modified_gmt":"2026-08-27T11:19:09","slug":"footcast-k-318-derby-prazskych-s-a-vyhraje-kovac-prvni-ligove-utkani-v-plzni","status":"publish","type":"post","link":"https:\/\/www.europesays.com\/cz\/193325\/","title":{"rendered":"Footcast k 318. derby pra\u017esk\u00fdch \u201eS\u201c. A vyhraje Kov\u00e1\u010d prvn\u00ed ligov\u00e9 utk\u00e1n\u00ed v Plzni?"},"content":{"rendered":"<p>O v\u00edkendu se rozd\u011bl\u00ed \u010cesk\u00e1 republika na dva t\u00e1bory &#8211; spar\u0165ansk\u00fd a sl\u00e1vistick\u00fd. 318. derby pra\u017esk\u00fdch \u201eS\u201c uzav\u0159e ned\u011bln\u00ed program 6. kola nejvy\u0161\u0161\u00ed fotbalov\u00e9 sout\u011b\u017ee. Posledn\u00ed utk\u00e1n\u00ed mezi Slavi\u00ed a Spartou v Edenu dopadlo fiaskem a kontumac\u00ed ve prosp\u011bch t\u00fdmu Briana Priskeho. V aktu\u00e1ln\u00ed epizod\u011b Footcast Preview se probralo derby ze v\u0161ech mo\u017en\u00fdch \u00fahl\u016f, ale nez\u016fstalo jen u n\u011bj. Dostalo se i na ostatn\u00ed zaj\u00edmav\u00e9 ligov\u00e9 z\u00e1pasy.<\/p>\n<p>Z\u00e1pas kola:\u00a0AC Sparta Praha &#8211; Slavia Praha\u00a0<\/p>\n<p>Zat\u00edmco Sparta m\u011bla pomalej\u0161\u00ed rozjezd a ztr\u00e1cela body, te\u010f zv\u00edt\u011bzila dvakr\u00e1t po sob\u011b a nas\u00e1zela p\u0159itom 8 branek. Se\u0161\u00edvan\u00ed vypadali zkraje sezony perfektn\u011b, jen\u017ee posledn\u00ed dva duely skon\u010dily rem\u00edzou a n\u00e1hle je tu derby se v\u0161\u00edm v\u0161udy. Priske m\u016f\u017ee do derby pou\u017e\u00edt i dv\u011b nov\u00e9 posily Mbe Soha a Hoevera, kte\u0159\u00ed dorazili tento t\u00fdden. U Slavie se bude nejv\u00edc \u0159e\u0161it, jestli nastoup\u00ed v z\u00e1kladn\u00ed sestav\u011b Tom\u00e1\u0161 Chor\u00fd.\u00a0<\/p>\n<p>Hr\u00e1\u010d ke sledov\u00e1n\u00ed: Denis Vi\u0161insk\u00fd (Viktoria Plze\u0148)<\/p>\n<p>\u010cesk\u00fd reprezentant a \u00fa\u010dastn\u00edk letn\u00edho mistrovstv\u00ed sv\u011bta nastoupil za Plze\u0148 v z\u00e1kladn\u00ed sestav\u011b jen v 1. kole, od t\u00e9 doby chodil do hry jako \u017eol\u00edk. Te\u010f p\u0159eb\u00edr\u00e1 Viktori\u00e1ny Radoslav Kov\u00e1\u010d, pod kter\u00fdm m\u011bl Vi\u0161insk\u00fd v Liberci nejlep\u0161\u00ed sezonu v kari\u00e9\u0159e. D\u00e1 se vych\u00e1zet z toho, \u017ee t\u0159iadvacetilet\u00fd z\u00e1lo\u017en\u00edk nasko\u010d\u00ed od \u00favodn\u00ed minuty a bude m\u00edt velkou chu\u0165 se uk\u00e1zat. Do Doosan ar\u00e9ny p\u0159ijede Slov\u00e1cko, a to bude cht\u00edt hr\u00e1t fotbal, Vi\u0161insk\u00fd m\u016f\u017ee m\u00edt dost prostoru na sv\u00e9 finesy a koncovku.<\/p>\n<p>Je p\u0159ed n\u00e1mi 6. kolo, jeho\u017e zlat\u00fdm h\u0159ebem bude 318. derby pra\u017esk\u00fdch \u201eS\u201c! Vyhraje Slavia na Letn\u00e9 poprv\u00e9 od roku 2020? Z\u016fstane Sparta na sv\u00e9m stadionu stoprocentn\u00ed? V jak\u00e9m sv\u011btle se uvede nov\u00fd kou\u010d Viktorie Plze\u0148 Radoslav Kov\u00e1\u010d? Spoustu ot\u00e1zek, na kter\u00e9 n\u00e1m d\u00e1 odpov\u011b\u010f n\u00e1sleduj\u00edc\u00ed v\u00edkend. Sledujte dal\u0161\u00ed d\u00edl Footcast Preview na Oneplay Sport 1 ve \u010dtvrtek od 20.00, abyste se l\u00e9pe zorientovali.<\/p>\n<p>Skupina o\u00a0titulPlay-off o\u00a0um\u00edst\u011bn\u00edSkupina o\u00a0z\u00e1chranu<a class=\"global-image__container global-image__container--default-rounding\" href=\"https:\/\/isport.blesk.cz\/clanek\/fotbal-chance-liga\/479132\/jak-se-dari-posilam-slavie-pred-derby-sok-na-kridle-risk-ve-stredu-i-stoper-za-ocekavanim.html\" data-ac-image=\"\" target=\"_self\" rel=\"nofollow noopener\"><img decoding=\"async\" class=\"global-image__img\" src=\"https:\/\/www.europesays.com\/cz\/wp-content\/uploads\/2026\/08\/9949662.jpg\" width=\"680\" loading=\"lazy\" alt=\"Jak se da\u0159\u00ed posil\u00e1m Slavie p\u0159ed derby: \u0161ok na k\u0159\u00eddle, risk ve st\u0159edu i stoper za o\u010dek\u00e1v\u00e1n\u00edm\" title=\"Jak se da\u0159\u00ed posil\u00e1m Slavie p\u0159ed derby: \u0161ok na k\u0159\u00eddle, risk ve st\u0159edu i stoper za o\u010dek\u00e1v\u00e1n\u00edm\"\/><\/a><a class=\"article-card__title\" href=\"https:\/\/isport.blesk.cz\/clanek\/fotbal-chance-liga\/479132\/jak-se-dari-posilam-slavie-pred-derby-sok-na-kridle-risk-ve-stredu-i-stoper-za-ocekavanim.html\" title=\"Jak se da\u0159\u00ed posil\u00e1m Slavie p\u0159ed derby: \u0161ok na k\u0159\u00eddle, risk ve st\u0159edu i stoper za o\u010dek\u00e1v\u00e1n\u00edm\" rel=\"nofollow noopener\" target=\"_blank\"><br \/>\n                            Jak se da\u0159\u00ed posil\u00e1m Slavie p\u0159ed derby: \u0161ok na k\u0159\u00eddle, risk ve st\u0159edu i stoper za o\u010dek\u00e1v\u00e1n\u00edm<br \/>\n                        <\/a><a class=\"global-image__container global-image__container--default-rounding\" href=\"https:\/\/isport.blesk.cz\/clanek\/fotbal-chance-liga\/479052\/sparta-oznami-noveho-kapitana-favorit-je-jasny-vetsina-adeptu-totiz-ma-nejake-ale.html\" data-ac-image=\"\" target=\"_self\" rel=\"nofollow noopener\"><img decoding=\"async\" class=\"global-image__img\" src=\"https:\/\/www.europesays.com\/cz\/wp-content\/uploads\/2026\/08\/9948462.jpg\" width=\"680\" loading=\"lazy\" alt=\"Sparta ozn\u00e1m\u00ed nov\u00e9ho kapit\u00e1na, favorit je jasn\u00fd. V\u011bt\u0161ina adept\u016f toti\u017e m\u00e1 n\u011bjak\u00e9 ALE\" title=\"Sparta ozn\u00e1m\u00ed nov\u00e9ho kapit\u00e1na, favorit je jasn\u00fd. V\u011bt\u0161ina adept\u016f toti\u017e m\u00e1 n\u011bjak\u00e9 ALE\"\/><\/a><a class=\"article-card__title\" href=\"https:\/\/isport.blesk.cz\/clanek\/fotbal-chance-liga\/479052\/sparta-oznami-noveho-kapitana-favorit-je-jasny-vetsina-adeptu-totiz-ma-nejake-ale.html\" title=\"Sparta ozn\u00e1m\u00ed nov\u00e9ho kapit\u00e1na, favorit je jasn\u00fd. V\u011bt\u0161ina adept\u016f toti\u017e m\u00e1 n\u011bjak\u00e9 ALE\" rel=\"nofollow noopener\" target=\"_blank\"><br \/>\n                            Sparta ozn\u00e1m\u00ed nov\u00e9ho kapit\u00e1na, favorit je jasn\u00fd. V\u011bt\u0161ina adept\u016f toti\u017e m\u00e1 n\u011bjak\u00e9 ALE<br \/>\n                        <\/a><\/p>\n","protected":false},"excerpt":{"rendered":"O v\u00edkendu se rozd\u011bl\u00ed \u010cesk\u00e1 republika na dva t\u00e1bory &#8211; spar\u0165ansk\u00fd a sl\u00e1vistick\u00fd. 318. derby pra\u017esk\u00fdch \u201eS\u201c uzav\u0159e&hellip;\n","protected":false},"author":2,"featured_media":193326,"comment_status":"","ping_status":"","sticky":false,"template":"","format":"standard","meta":{"footnotes":"","_share_on_mastodon":"0"},"categories":[30],"tags":[1198,2201,42,862,22452,328,326,98,99,867,864,94,4800],"class_list":["post-193325","post","type-post","status-publish","format-standard","has-post-thumbnail","category-praha","tag-ac-sparta-praha","tag-brian-priske","tag-cesko","tag-chance-liga","tag-denis-visinsky","tag-fc-viktoria-plzen","tag-fotbal","tag-prague","tag-praha","tag-radoslav-kovac","tag-sk-slavia-praha","tag-sport","tag-stadion-eden"],"share_on_mastodon":{"url":"https:\/\/pubeurope.com\/@cz\/117167204944913100","error":""},"_links":{"self":[{"href":"https:\/\/www.europesays.com\/cz\/wp-json\/wp\/v2\/posts\/193325","targetHints":{"allow":["GET"]}}],"collection":[{"href":"https:\/\/www.europesays.com\/cz\/wp-json\/wp\/v2\/posts"}],"about":[{"href":"https:\/\/www.europesays.com\/cz\/wp-json\/wp\/v2\/types\/post"}],"author":[{"embeddable":true,"href":"https:\/\/www.europesays.com\/cz\/wp-json\/wp\/v2\/users\/2"}],"replies":[{"embeddable":true,"href":"https:\/\/www.europesays.com\/cz\/wp-json\/wp\/v2\/comments?post=193325"}],"version-history":[{"count":0,"href":"https:\/\/www.europesays.com\/cz\/wp-json\/wp\/v2\/posts\/193325\/revisions"}],"wp:featuredmedia":[{"embeddable":true,"href":"https:\/\/www.europesays.com\/cz\/wp-json\/wp\/v2\/media\/193326"}],"wp:attachment":[{"href":"https:\/\/www.europesays.com\/cz\/wp-json\/wp\/v2\/media?parent=193325"}],"wp:term":[{"taxonomy":"category","embeddable":true,"href":"https:\/\/www.europesays.com\/cz\/wp-json\/wp\/v2\/categories?post=193325"},{"taxonomy":"post_tag","embeddable":true,"href":"https:\/\/www.europesays.com\/cz\/wp-json\/wp\/v2\/tags?post=193325"}],"curies":[{"name":"wp","href":"https:\/\/api.w.org\/{rel}","templated":true}]}}