{"id":193367,"date":"2026-08-27T11:54:13","date_gmt":"2026-08-27T11:54:13","guid":{"rendered":"https:\/\/www.europesays.com\/cz\/193367\/"},"modified":"2026-08-27T11:54:13","modified_gmt":"2026-08-27T11:54:13","slug":"dostal-na-ms-v-poznani-hladce-postoupil-do-semifinale-zavodu-na-500-metru","status":"publish","type":"post","link":"https:\/\/www.europesays.com\/cz\/193367\/","title":{"rendered":"Dost\u00e1l na MS v\u00a0Poznani hladce postoupil do semifin\u00e1le z\u00e1vodu na 500\u00a0metr\u016f"},"content":{"rendered":"<p class=\"b_bA\">Dost\u00e1la v\u00a0p\u0159\u00edprav\u011b na \u0161ampion\u00e1t zbrzdila vir\u00f3za, kv\u016fli kter\u00e9 musel vynechat n\u011bkolik tr\u00e9nink\u016f. Nakonec se odhl\u00e1sil z\u00a0kilometrov\u00e9 trati a\u00a0v Polsku z\u00e1vod\u00ed jen na neolympijsk\u00e9 p\u011btistovce, na kter\u00e9 je v\u010detn\u011b titul\u016f z\u00a0posledn\u00edch dvou let u\u017e p\u011btin\u00e1sobn\u00fdm sv\u011btov\u00fdm \u0161ampionem.<\/p>\n<p class=\"b_bA\">Brat\u0159i Fuksov\u00e9 si v\u00a0p\u0159\u00edpad\u011b v\u00edt\u011bzstv\u00ed mohli zajistit p\u0159\u00edm\u00fd postup do fin\u00e1le, ale dojeli t\u0159et\u00ed s\u00a0p\u016flsekundovou ztr\u00e1tou na \u010delo. \u0160picar s\u00a0Havlem byli druz\u00ed, do semifin\u00e1le proklouzly i\u00a0Paloudov\u00e1 s\u00a0Hanu\u0161ovou, kter\u00e9 skon\u010dily sedm\u00e9. Odpoledne jsou na programu semifin\u00e1le, na kilometru pojede obh\u00e1jce zlata a\u00a0olympijsk\u00fd v\u00edt\u011bz Martin Fuksa.<\/p>\n<p><a data-dot=\"atm-link\" target=\"_self\" href=\"https:\/\/www.sport.cz\/clanek\/vodni-sporty-martin-fuksa-vykrocil-na-ms-za-zlatym-hattrickem-na-kilometru-postoupil-do-semifinale-5519008\" class=\"b_V g_ia\" rel=\"nofollow noopener\"><img fetchpriority=\"high\" height=\"1080\" width=\"1441\" src=\"https:\/\/www.europesays.com\/cz\/wp-content\/uploads\/2026\/08\/1787831653_750_kanoistika-fuksa.jpeg\" loading=\"eager\" decoding=\"sync\" class=\"b_B b_z\"\/><\/a><\/p>\n","protected":false},"excerpt":{"rendered":"Dost\u00e1la v\u00a0p\u0159\u00edprav\u011b na \u0161ampion\u00e1t zbrzdila vir\u00f3za, kv\u016fli kter\u00e9 musel vynechat n\u011bkolik tr\u00e9nink\u016f. Nakonec se odhl\u00e1sil z\u00a0kilometrov\u00e9 trati a\u00a0v&hellip;\n","protected":false},"author":2,"featured_media":193368,"comment_status":"","ping_status":"","sticky":false,"template":"","format":"standard","meta":{"footnotes":"","_share_on_mastodon":"0"},"categories":[10],"tags":[17,21,23041,27778,16,18,19,22,20],"class_list":["post-193367","post","type-post","status-publish","format-standard","has-post-thumbnail","category-zpravy","tag-headlines","tag-hlavni-udalosti","tag-josef-dostal","tag-kajak","tag-news","tag-top-news","tag-top-stories","tag-udalosti-dne","tag-zpravy"],"share_on_mastodon":{"url":"https:\/\/pubeurope.com\/@cz\/117167342389644939","error":""},"_links":{"self":[{"href":"https:\/\/www.europesays.com\/cz\/wp-json\/wp\/v2\/posts\/193367","targetHints":{"allow":["GET"]}}],"collection":[{"href":"https:\/\/www.europesays.com\/cz\/wp-json\/wp\/v2\/posts"}],"about":[{"href":"https:\/\/www.europesays.com\/cz\/wp-json\/wp\/v2\/types\/post"}],"author":[{"embeddable":true,"href":"https:\/\/www.europesays.com\/cz\/wp-json\/wp\/v2\/users\/2"}],"replies":[{"embeddable":true,"href":"https:\/\/www.europesays.com\/cz\/wp-json\/wp\/v2\/comments?post=193367"}],"version-history":[{"count":0,"href":"https:\/\/www.europesays.com\/cz\/wp-json\/wp\/v2\/posts\/193367\/revisions"}],"wp:featuredmedia":[{"embeddable":true,"href":"https:\/\/www.europesays.com\/cz\/wp-json\/wp\/v2\/media\/193368"}],"wp:attachment":[{"href":"https:\/\/www.europesays.com\/cz\/wp-json\/wp\/v2\/media?parent=193367"}],"wp:term":[{"taxonomy":"category","embeddable":true,"href":"https:\/\/www.europesays.com\/cz\/wp-json\/wp\/v2\/categories?post=193367"},{"taxonomy":"post_tag","embeddable":true,"href":"https:\/\/www.europesays.com\/cz\/wp-json\/wp\/v2\/tags?post=193367"}],"curies":[{"name":"wp","href":"https:\/\/api.w.org\/{rel}","templated":true}]}}