{"id":193435,"date":"2026-08-27T12:53:08","date_gmt":"2026-08-27T12:53:08","guid":{"rendered":"https:\/\/www.europesays.com\/cz\/193435\/"},"modified":"2026-08-27T12:53:08","modified_gmt":"2026-08-27T12:53:08","slug":"usmev-trenere-brankare-vezmu-na-dovolenou-vtipkoval-toure-po-postupu-idnes-cz","status":"publish","type":"post","link":"https:\/\/www.europesays.com\/cz\/193435\/","title":{"rendered":"\u00dasm\u011bv, tren\u00e9re! Brank\u00e1\u0159e vezmu na dovolenou, vtipkoval Tour\u00e9 po postupu &#8211; iDNES.cz"},"content":{"rendered":"<p><a href=\"https:\/\/news.google.com\/rss\/articles\/CBMivgFBVV95cUxNZThEMjl0TE1wRElucGdScHVIUEY4VDB0bDdDZkVOUGlNeHJrSWw3ZVE5YThjTHA3dXdWWDgtT0d2RXFZUkpXRGhwcTR5OUR0SEt2ZGtMa19xVU5oR0o0UWZDTWo2OFM1enV3VjN4NDRVUFItSE1EQmI3WWl3MTdKeHdoaGk2UnB3LTBDeEk0aDBBTU5WdHhfRzhvekJ4R0FIeFR2djFZMGxTckVGY1RiLU1KRkVWNE0wLTl5eFdB?oc=5\" target=\"_blank\" rel=\"nofollow noopener\">\u00dasm\u011bv, tren\u00e9re! Brank\u00e1\u0159e vezmu na dovolenou, vtipkoval Tour\u00e9 po postupu<\/a>&nbsp;&nbsp;iDNES.cz<a href=\"https:\/\/news.google.com\/rss\/articles\/CBMiwgFBVV95cUxOZ2dBdUx3OTZqcHNwLXNGdUxFSXUtek1xbDdHdVpvZE9uQ3hhU0ZpSXBNTko1SVhiWFg5cHA4cU5ReG9Pc0E3d0pzSFBqVWFVdkpZc1JHVHdWeWVOdzhnUjgwZWxUSHYwRkJqcDU0MDhRcXNFaV90XzljU203VWMtcWZ6UTJTZXJQdWUyNkVxb2pvZEdGeENzRUllS2dPUW9WUFVJMTRWa2NSTk0td2lpSEoxVE1tM3dPTTdvb1ZfX1Nxdw?oc=5\" target=\"_blank\" rel=\"nofollow noopener\">Africk\u00e1 legenda na lavi\u010dce Slovanu. Reklamn\u00ed tah, nebo terno?<\/a>&nbsp;&nbsp;Seznam Zpr\u00e1vy<a href=\"https:\/\/news.google.com\/rss\/articles\/CBMipgFBVV95cUxONnhQb0g2MkE3XzBodjY4MThfUU5DQV9iRW9fWFNxQ1NEaFpkZzdJVjZkbHRsUUZRZWY5NVYzbm1MekotVEFIVDJyQ0txTWVFWk1vc0Ntb3B6ejdua0JyOGtsSzdEbGRyZ0dScVpqM2hLQ0JUa1ItMW9Velp4Y3R3ZFpDNUZjQ2tlZWVpOTJnRHFvTWNhcE5IVWhQSFd3QkFaeFV0Yy1R?oc=5\" target=\"_blank\" rel=\"nofollow noopener\">Slovan slav\u00ed postup do Ligy mistr\u016f. Drama rozhodlo a\u017e prodlou\u017een\u00ed<\/a>&nbsp;&nbsp;TN.cz<a href=\"https:\/\/news.google.com\/rss\/articles\/CBMiekFVX3lxTE9XMDBwUTRhUzZUazJjcGZRSG9WaWE1RzdvWTg2RXdWclFNUENUZDJNeFZHYWxVeXR0V29qaDhWYjAycjlkWDVwV0dTS1ktZ0NnS05idkJfWHRZOUJRT01JeUZqUGhrOGZTWXBlWVpKczVfaXkzTS0zYm9B?oc=5\" target=\"_blank\" rel=\"nofollow noopener\">Fotbal Online: Celje &#8211; Slovan Bratislava 1:2P, Liga mistr\u016f<\/a>&nbsp;&nbsp;iDNES.cz<a href=\"https:\/\/news.google.com\/rss\/articles\/CBMizAFBVV95cUxPMW1KYnJoSW5aQWV0ekVxNWdvOUZadUx4Ql9SN3pueWdmUlB2elh0ZF92d2ZidDQ5UlAtNjhTeGFoTC1OdW9jZXFqSDBrRnhVaHhPVVhuZnMzUTd5UkFidllwS1pzc0pMSG1uNWZhUjdqSUVuejFRVi1aOUZnSnZYcDVnVTB5LTVCaUJUWWRTbm53YnBmcmdrUElCa2JESW1YcDB5aEl5bVZ6VS1yOU5NLUJZSjE0eDI4VUVyZjhvMW53YzlfT1dRRDRmNFI?oc=5\" target=\"_blank\" rel=\"nofollow noopener\">Slovan Bratislava je po dvou letech v Lize mistr\u016f. V Celje rozhodla nov\u00e1 posila<\/a>&nbsp;&nbsp;FotbalPortal<\/p>\n","protected":false},"excerpt":{"rendered":"\u00dasm\u011bv, tren\u00e9re! Brank\u00e1\u0159e vezmu na dovolenou, vtipkoval Tour\u00e9 po postupu&nbsp;&nbsp;iDNES.czAfrick\u00e1 legenda na lavi\u010dce Slovanu. Reklamn\u00ed tah, nebo terno?&nbsp;&nbsp;Seznam&hellip;\n","protected":false},"author":2,"featured_media":193436,"comment_status":"","ping_status":"","sticky":false,"template":"","format":"standard","meta":{"footnotes":"","_share_on_mastodon":"0"},"categories":[15],"tags":[1190,44756,23882,94,93,44531],"class_list":["post-193435","post","type-post","status-publish","format-standard","has-post-thumbnail","category-sport","tag-liga-mistru-uefa","tag-nk-mik-cm-celje","tag-slovan-bratislava","tag-sport","tag-sports","tag-yaya-toure"],"share_on_mastodon":{"url":"https:\/\/pubeurope.com\/@cz\/117167574476175534","error":""},"_links":{"self":[{"href":"https:\/\/www.europesays.com\/cz\/wp-json\/wp\/v2\/posts\/193435","targetHints":{"allow":["GET"]}}],"collection":[{"href":"https:\/\/www.europesays.com\/cz\/wp-json\/wp\/v2\/posts"}],"about":[{"href":"https:\/\/www.europesays.com\/cz\/wp-json\/wp\/v2\/types\/post"}],"author":[{"embeddable":true,"href":"https:\/\/www.europesays.com\/cz\/wp-json\/wp\/v2\/users\/2"}],"replies":[{"embeddable":true,"href":"https:\/\/www.europesays.com\/cz\/wp-json\/wp\/v2\/comments?post=193435"}],"version-history":[{"count":0,"href":"https:\/\/www.europesays.com\/cz\/wp-json\/wp\/v2\/posts\/193435\/revisions"}],"wp:featuredmedia":[{"embeddable":true,"href":"https:\/\/www.europesays.com\/cz\/wp-json\/wp\/v2\/media\/193436"}],"wp:attachment":[{"href":"https:\/\/www.europesays.com\/cz\/wp-json\/wp\/v2\/media?parent=193435"}],"wp:term":[{"taxonomy":"category","embeddable":true,"href":"https:\/\/www.europesays.com\/cz\/wp-json\/wp\/v2\/categories?post=193435"},{"taxonomy":"post_tag","embeddable":true,"href":"https:\/\/www.europesays.com\/cz\/wp-json\/wp\/v2\/tags?post=193435"}],"curies":[{"name":"wp","href":"https:\/\/api.w.org\/{rel}","templated":true}]}}