{"id":193445,"date":"2026-08-27T13:00:12","date_gmt":"2026-08-27T13:00:12","guid":{"rendered":"https:\/\/www.europesays.com\/cz\/193445\/"},"modified":"2026-08-27T13:00:12","modified_gmt":"2026-08-27T13:00:12","slug":"zemrel-valecny-zlocinec-ratko-mladic","status":"publish","type":"post","link":"https:\/\/www.europesays.com\/cz\/193445\/","title":{"rendered":"Zem\u0159el v\u00e1le\u010dn\u00fd zlo\u010dinec Ratko Mladi\u0107"},"content":{"rendered":"<p class=\"c_bB\">B\u011bhem v\u00e1lek v\u00a0Chorvatsku a\u00a0Bosn\u011b a\u00a0Hercegovin\u011b velel \u0159ad\u011b kl\u00ed\u010dov\u00fdch vojensk\u00fdch operac\u00ed.<\/p>\n<p class=\"c_bB\">Jeho pr\u00e1vn\u00ed z\u00e1stupci \u017e\u00e1dali letos v\u00a0kv\u011btnu o\u00a0jeho propu\u0161t\u011bn\u00ed ze zdravotn\u00edch d\u016fvod\u016f. M\u011bl prod\u011blat mozkovou c\u00e9vn\u00ed p\u0159\u00edhodu a\u00a0jeho zdravotn\u00ed stav byl velmi v\u00e1\u017en\u00fd.<\/p>\n<p class=\"c_bB\">Mladi\u0107 byl zat\u010den v\u00a0roce 2011\u00a0v\u00a0Srbsku a\u00a0tribun\u00e1l OSN ho v\u00a0roce 2017\u00a0poslal na do\u017eivot\u00ed do v\u011bzen\u00ed za genocidu a\u00a0v\u00e1le\u010dn\u00e9 zlo\u010diny, jich\u017e se dopustil b\u011bhem v\u00e1lky v\u00a0Bosn\u011b v\u00a090.\u00a0letech minul\u00e9ho stolet\u00ed. Konflikt si vy\u017e\u00e1dal asi 100\u00a0tis\u00edc \u017eivot\u016f.<\/p>\n<p><a data-dot=\"atm-link\" target=\"_self\" href=\"https:\/\/www.novinky.cz\/clanek\/zahranicni-evropa-mezinarodni-tribunal-v-haagu-potvrdil-dozivoti-pro-mladice-40362684\" class=\"c_I\" rel=\"nofollow noopener\"><img fetchpriority=\"high\" height=\"450\" width=\"798\" src=\"https:\/\/www.europesays.com\/cz\/wp-content\/uploads\/2026\/08\/uNqBU7G.jpeg\" loading=\"eager\" decoding=\"sync\" class=\"c_t c_r\"\/><\/a><\/p>\n","protected":false},"excerpt":{"rendered":"B\u011bhem v\u00e1lek v\u00a0Chorvatsku a\u00a0Bosn\u011b a\u00a0Hercegovin\u011b velel \u0159ad\u011b kl\u00ed\u010dov\u00fdch vojensk\u00fdch operac\u00ed. Jeho pr\u00e1vn\u00ed z\u00e1stupci \u017e\u00e1dali letos v\u00a0kv\u011btnu o\u00a0jeho propu\u0161t\u011bn\u00ed&hellip;\n","protected":false},"author":2,"featured_media":193446,"comment_status":"","ping_status":"","sticky":false,"template":"","format":"standard","meta":{"footnotes":"","_share_on_mastodon":"0"},"categories":[3],"tags":[109,108,106,37368,894,44759],"class_list":["post-193445","post","type-post","status-publish","format-standard","has-post-thumbnail","category-evropa","tag-europa","tag-europe","tag-evropa","tag-haag","tag-nizozemsko","tag-ratko-mladic"],"share_on_mastodon":{"url":"https:\/\/pubeurope.com\/@cz\/117167602505733821","error":""},"_links":{"self":[{"href":"https:\/\/www.europesays.com\/cz\/wp-json\/wp\/v2\/posts\/193445","targetHints":{"allow":["GET"]}}],"collection":[{"href":"https:\/\/www.europesays.com\/cz\/wp-json\/wp\/v2\/posts"}],"about":[{"href":"https:\/\/www.europesays.com\/cz\/wp-json\/wp\/v2\/types\/post"}],"author":[{"embeddable":true,"href":"https:\/\/www.europesays.com\/cz\/wp-json\/wp\/v2\/users\/2"}],"replies":[{"embeddable":true,"href":"https:\/\/www.europesays.com\/cz\/wp-json\/wp\/v2\/comments?post=193445"}],"version-history":[{"count":0,"href":"https:\/\/www.europesays.com\/cz\/wp-json\/wp\/v2\/posts\/193445\/revisions"}],"wp:featuredmedia":[{"embeddable":true,"href":"https:\/\/www.europesays.com\/cz\/wp-json\/wp\/v2\/media\/193446"}],"wp:attachment":[{"href":"https:\/\/www.europesays.com\/cz\/wp-json\/wp\/v2\/media?parent=193445"}],"wp:term":[{"taxonomy":"category","embeddable":true,"href":"https:\/\/www.europesays.com\/cz\/wp-json\/wp\/v2\/categories?post=193445"},{"taxonomy":"post_tag","embeddable":true,"href":"https:\/\/www.europesays.com\/cz\/wp-json\/wp\/v2\/tags?post=193445"}],"curies":[{"name":"wp","href":"https:\/\/api.w.org\/{rel}","templated":true}]}}