{"id":193523,"date":"2026-08-27T14:21:11","date_gmt":"2026-08-27T14:21:11","guid":{"rendered":"https:\/\/www.europesays.com\/cz\/193523\/"},"modified":"2026-08-27T14:21:11","modified_gmt":"2026-08-27T14:21:11","slug":"zemrel-valecny-zlocinec-ratko-mladic-2","status":"publish","type":"post","link":"https:\/\/www.europesays.com\/cz\/193523\/","title":{"rendered":"Zem\u0159el v\u00e1le\u010dn\u00fd zlo\u010dinec Ratko Mladi\u0107"},"content":{"rendered":"<p class=\"e_bX\">Ve v\u011bzen\u00ed v\u00a0nizozemsk\u00e9m Haagu zem\u0159el ve v\u011bku 84\u00a0let v\u00e1le\u010dn\u00fd zlo\u010dinec Ratko Mladi\u0107. Potvrdili to p\u0159edstavitel\u00e9 OSN i\u00a0jeho pr\u00e1vn\u00edk.<\/p>\n<p class=\"e_bX\">N\u011bkdej\u0161\u00ed velitel bosenskosrbsk\u00e9 arm\u00e1dy si odpyk\u00e1val do\u017eivotn\u00ed trest za genocidu a\u00a0v\u00e1le\u010dn\u00e9 zlo\u010diny, jich\u017e se dopustil b\u011bhem v\u00e1lky v\u00a0Bosn\u011b v\u00a090.\u00a0letech minul\u00e9ho stolet\u00ed. Podle agentury AFP zem\u0159el v\u00a0haagsk\u00e9 v\u011bze\u0148sk\u00e9 nemocnici pot\u00e9, co prod\u011blal n\u011bkolik mrtvic.<\/p>\n<p class=\"e_bX\">B\u011blehrad i\u00a0Mladi\u010dova rodina d\u0159\u00edve \u017e\u00e1daly jeho propu\u0161t\u011bn\u00ed ze zdravotn\u00edch d\u016fvod\u016f, ale \u017e\u00e1dost byla zam\u00edtnuta s\u00a0od\u016fvodn\u011bn\u00edm, \u017ee odsouzen\u00fd m\u00e1 ve v\u011bzen\u00ed p\u0159\u00edstup k\u00a0\u0159\u00e1dn\u00e9 l\u00e9ka\u0159sk\u00e9 p\u00e9\u010di.<\/p>\n<p class=\"e_bX\">Mladi\u0107 je pova\u017eov\u00e1n za jednoho z\u00a0hlavn\u00edch akt\u00e9r\u016f krvav\u00fdch etnick\u00fdch \u010distek prov\u00e1zej\u00edc\u00edch v\u00e1lku v\u00a0mnohon\u00e1rodnostn\u00ed Bosn\u011b, kter\u00e1 si vy\u017e\u00e1dala kolem 100\u00a0tis\u00edc\u00a0lidsk\u00fdch \u017eivot\u016f. Zhruba 2,2\u00a0milionu lid\u00ed bylo vyhn\u00e1no ze sv\u00fdch domov\u016f nebo bylo nuceno je opustit.<\/p>\n<p class=\"e_bX\">Po v\u00e1lce Mladi\u0107 \u0161estn\u00e1ct let unikal spravedlnosti. Zat\u010den byl v\u00a0roce 2011\u00a0na severu Srbska a\u00a0nedlouho pot\u00e9 vyd\u00e1n Mezin\u00e1rodn\u00edmu trestn\u00edmu tribun\u00e1lu pro b\u00fdvalou Jugosl\u00e1vii (ICTY).<\/p>\n<p class=\"e_bX\">Ten ho v\u00a0roce 2017\u00a0odsoudil na do\u017eivot\u00ed za \u0159adu zlo\u010din\u016f, mimo jin\u00e9 za genocidu v\u00a0souvislosti s\u00a0masakrem ve Srebrenici, za terorizov\u00e1n\u00ed civilist\u016f p\u0159i obl\u00e9h\u00e1n\u00ed Sarajeva, za zlo\u010diny proti lidskosti a\u00a0za etnick\u00e9 \u010distky v\u00a0\u0159ad\u00e1ch bosensk\u00fdch Muslim\u016f, kter\u00fd se pozd\u011bji za\u010dalo \u0159\u00edkat Bos\u0148\u00e1ci, a\u00a0bosensk\u00fdch Chorvat\u016f b\u011bhem v\u00e1lky v\u00a0Bosn\u011b v\u00a0letech 1992\u00a0a\u017e 1995.\u00a0V\u00a0roce 2021\u00a0tribun\u00e1l v\u00a0Haagu po Mladi\u010dov\u011b odvol\u00e1n\u00ed trest potvrdil.<\/p>\n<p>O srebrenick\u00e9m masakru<\/p>\n<p class=\"e_bX\">V \u010dervenci 1995\u00a0zavra\u017edili v\u00a0Srebrenici srb\u0161t\u00ed voj\u00e1ci v\u00edce ne\u017e osm\u00a0tis\u00edc\u00a0bos\u0148\u00e1ck\u00fdch mu\u017e\u016f a\u00a0chlapc\u016f. Mezin\u00e1rodn\u00ed soud to zv\u011brstvo pozd\u011bji ozna\u010dil za genocidu. Tehdy to byla nejv\u011bt\u0161\u00ed evropsk\u00e1 masov\u00e1 vra\u017eda od konce druh\u00e9\u00a0sv\u011btov\u00e9 v\u00e1lky.<\/p>\n<p><a data-dot=\"mol-article-card-media\" aria-hidden=\"true\" tabindex=\"-1\" href=\"https:\/\/www.seznamzpravy.cz\/clanek\/magazin-historie-boj-o-srebrenicu-duse-mrtvych-proti-popiracum-genocidy-208570\" class=\"e_n f_l8\" rel=\"nofollow noopener\" target=\"_blank\"><img fetchpriority=\"high\" height=\"1572\"   width=\"2794\" src=\"https:\/\/www.europesays.com\/cz\/wp-content\/uploads\/2026\/08\/shutterstock-90838394.jpeg\" loading=\"eager\" decoding=\"sync\" class=\"e_aa e_Z\"\/><\/a><\/p>\n","protected":false},"excerpt":{"rendered":"Ve v\u011bzen\u00ed v\u00a0nizozemsk\u00e9m Haagu zem\u0159el ve v\u011bku 84\u00a0let v\u00e1le\u010dn\u00fd zlo\u010dinec Ratko Mladi\u0107. Potvrdili to p\u0159edstavitel\u00e9 OSN i\u00a0jeho pr\u00e1vn\u00edk.&hellip;\n","protected":false},"author":2,"featured_media":193524,"comment_status":"","ping_status":"","sticky":false,"template":"","format":"standard","meta":{"footnotes":"","_share_on_mastodon":"0"},"categories":[11],"tags":[16428,22566,27403,44759,44779,54,53,52],"class_list":["post-193523","post","type-post","status-publish","format-standard","has-post-thumbnail","category-svet","tag-bosna-a-hercegovina","tag-jugoslavie","tag-mezinarodni-trestni-tribunal","tag-ratko-mladic","tag-srebrenica","tag-svet","tag-world","tag-world-news"],"share_on_mastodon":{"url":"https:\/\/pubeurope.com\/@cz\/117167920827127407","error":""},"_links":{"self":[{"href":"https:\/\/www.europesays.com\/cz\/wp-json\/wp\/v2\/posts\/193523","targetHints":{"allow":["GET"]}}],"collection":[{"href":"https:\/\/www.europesays.com\/cz\/wp-json\/wp\/v2\/posts"}],"about":[{"href":"https:\/\/www.europesays.com\/cz\/wp-json\/wp\/v2\/types\/post"}],"author":[{"embeddable":true,"href":"https:\/\/www.europesays.com\/cz\/wp-json\/wp\/v2\/users\/2"}],"replies":[{"embeddable":true,"href":"https:\/\/www.europesays.com\/cz\/wp-json\/wp\/v2\/comments?post=193523"}],"version-history":[{"count":0,"href":"https:\/\/www.europesays.com\/cz\/wp-json\/wp\/v2\/posts\/193523\/revisions"}],"wp:featuredmedia":[{"embeddable":true,"href":"https:\/\/www.europesays.com\/cz\/wp-json\/wp\/v2\/media\/193524"}],"wp:attachment":[{"href":"https:\/\/www.europesays.com\/cz\/wp-json\/wp\/v2\/media?parent=193523"}],"wp:term":[{"taxonomy":"category","embeddable":true,"href":"https:\/\/www.europesays.com\/cz\/wp-json\/wp\/v2\/categories?post=193523"},{"taxonomy":"post_tag","embeddable":true,"href":"https:\/\/www.europesays.com\/cz\/wp-json\/wp\/v2\/tags?post=193523"}],"curies":[{"name":"wp","href":"https:\/\/api.w.org\/{rel}","templated":true}]}}