{"id":193671,"date":"2026-08-27T16:30:22","date_gmt":"2026-08-27T16:30:22","guid":{"rendered":"https:\/\/www.europesays.com\/cz\/193671\/"},"modified":"2026-08-27T16:30:22","modified_gmt":"2026-08-27T16:30:22","slug":"az-115-tisic-zrusenych-pozic-a-konec-ctyr-fabrik-blume-poprve-natvrdo-pojmenoval-obeti-nejvetsiho-rezu-v-historii-vw-hospodarske-noviny","status":"publish","type":"post","link":"https:\/\/www.europesays.com\/cz\/193671\/","title":{"rendered":"A\u017e 115 tis\u00edc zru\u0161en\u00fdch pozic a konec \u010dty\u0159 fabrik. Blume poprv\u00e9 natvrdo pojmenoval ob\u011bti nejv\u011bt\u0161\u00edho \u0159ezu v historii VW &#8211; Hospod\u00e1\u0159sk\u00e9 noviny"},"content":{"rendered":"<p><a href=\"https:\/\/news.google.com\/rss\/articles\/CBMi3AFBVV95cUxQYmhXdEJiLWg5SzlGeXktSE9xOFlGeWNnMTBvdGlHeGRmNUJoRk1VWVFiWWU2Tm5fcXhTaU5BeVhodDlTMW1hcllYZkxGeXg2Mk9jWjlOUFU0RzhZemdWWVJ1VzllWFZmYkI5eHlUYnlRR0JrX096d2FfaDdYSUwzaUJFYS02RG5Ma0Rsa3FDb0xtWklFZlhCSjBwX003SWVfbkczdkMzOTN3RmNnaEJwcE5oTVBYLUxTM1Yxalk3OTRPRUM1RU85Qnhub3pYUUtXZXB1UlEtdmZ3Zkhq?oc=5\" target=\"_blank\" rel=\"nofollow noopener\">A\u017e 115 tis\u00edc zru\u0161en\u00fdch pozic a konec \u010dty\u0159 fabrik. Blume poprv\u00e9 natvrdo pojmenoval ob\u011bti nejv\u011bt\u0161\u00edho \u0159ezu v historii VW<\/a>&nbsp;&nbsp;Hospod\u00e1\u0159sk\u00e9 noviny<a href=\"https:\/\/news.google.com\/rss\/articles\/CBMiwwFBVV95cUxOaExXSk1tSzUzSjVZU21TX1pScmxYRUYzaGExLXpzZ3p0NW1WSWpCdmp3ZExfTUtudnlEcWVpQmZxS0RjbjVjTzZ3VkRNRnZyZkJvQ3JqUkFjYlhibVJOanQ1UW0xcmppSDI0ODFWYUEzanBnY2s4Uzg1ODlua1U4MUo5YzZ1LUtYYUJMLTkwNDRDbU1HbFVNcll5Ri0zQ3E5UnprTzdNekJoNDVjTVRqUk5qSHpzWWdrLUxXNm40bGJfVmM?oc=5\" target=\"_blank\" rel=\"nofollow noopener\">\u0160\u00e9f VW h\u00e1jil p\u0159ed d\u011bln\u00edky \u00fasporn\u00fd program. Tov\u00e1rny oblet\u011bl trysk\u00e1\u010dem<\/a>&nbsp;&nbsp;Seznam Zpr\u00e1vy<a href=\"https:\/\/news.google.com\/rss\/articles\/CBMivwFBVV95cUxPTFpuRk5Qb0dUMTRTam1ZanhEVnBDUm42VVdXYXJFQm84c0RyOGhPZkU1em9WWlhEeVJsb1JkODVZQmJLOFhnVHU1TTdsSjU4c2hyUjY5SGdpQTVNeTlDZmpZenFjVnF5dFZIRld1OHB0clVrY0ZqNHY2aDdodHFMbFoyOWFwRVJGZkZRai1EdDc4a0RoTi01SDdyek8zYUhWVlRkc1NrVnlHdTEyb0VIb01XWXh3clZzNzR5WThTNA?oc=5\" target=\"_blank\" rel=\"nofollow noopener\">Volkswagen pl\u00e1nuje propustit des\u00edtky tis\u00edc lid\u00ed a zru\u0161it a\u017e \u010dty\u0159i tov\u00e1rny<\/a>&nbsp;&nbsp;\u010cT24<a href=\"https:\/\/news.google.com\/rss\/articles\/CBMiygFBVV95cUxOZmVJalQ1S3lCRGp0NVFRTW53SktjM0JhLUZvNWNOVTkxQ3I4RU1kUHZkZklhUDBSQnp6T2V4bVZvbXoySjhObmhGdWhOSDNKT0ZDMjlhVF9DbnVaZmtOY2k1T1RwcjNpVGpiQnNJTGVMc2FCNXp1Mm5IU05zSzJoa3JCZTNXdDkwa0ZjMjBCU3VYYTNwdmE4UW9FdjhKQUZKLWFGX2FpZUVtOUloOW5pMWgyNkE5X0hqdW11YlVKWkJUUUVYcE1aVVFn?oc=5\" target=\"_blank\" rel=\"nofollow noopener\">\u00daspory nesta\u010d\u00ed, pr\u00e1ce je drah\u00e1, varoval \u0161\u00e9f Volkswagenu. Z\u00e1vod v Emdenu m\u016f\u017ee skon\u010dit<\/a>&nbsp;&nbsp;Novinky<a href=\"https:\/\/news.google.com\/rss\/articles\/CBMi2wFBVV95cUxPVk9Fdnh3VkNkM3FaYTdDV2czcWZwQmhVX2F6N0l2ZEctSk5TNlpwazkyRHVadDJQcUZPWklPbEJ1eUtrNDU3VE1FUnFRV25WZFkycHJaMXBJSHFDMEp1T1Qzd0lrZ0JhT3BvRGZKUFY1ZzFfdHQyX3ByUG1QT2k4bXB4T0NJbV9XSmF6d09iWDlNYWh6TEgzcVlvYXNKSXRuOWswbUZoNjBNeUZ0bld6bGp5Wldrd19ydWxObFFrUWE5aldpdkJHUHRSMUhBRFhndmNEeUs3SUlWNTg?oc=5\" target=\"_blank\" rel=\"nofollow noopener\">Oliver Blume: Automobilka Volkswagen pot\u0159ebuje hlubok\u00e9 \u0161krty<\/a>&nbsp;&nbsp;iDNES.cz<\/p>\n","protected":false},"excerpt":{"rendered":"A\u017e 115 tis\u00edc zru\u0161en\u00fdch pozic a konec \u010dty\u0159 fabrik. Blume poprv\u00e9 natvrdo pojmenoval ob\u011bti nejv\u011bt\u0161\u00edho \u0159ezu v historii&hellip;\n","protected":false},"author":2,"featured_media":193672,"comment_status":"","ping_status":"","sticky":false,"template":"","format":"standard","meta":{"footnotes":"","_share_on_mastodon":"0"},"categories":[12],"tags":[1079,67,68,317,9134,1351],"class_list":["post-193671","post","type-post","status-publish","format-standard","has-post-thumbnail","category-byznys","tag-automobilovy-prumysl","tag-business","tag-byznys","tag-skoda-auto","tag-skrty","tag-volkswagen"],"share_on_mastodon":{"url":"https:\/\/pubeurope.com\/@cz\/117168427896576689","error":""},"_links":{"self":[{"href":"https:\/\/www.europesays.com\/cz\/wp-json\/wp\/v2\/posts\/193671","targetHints":{"allow":["GET"]}}],"collection":[{"href":"https:\/\/www.europesays.com\/cz\/wp-json\/wp\/v2\/posts"}],"about":[{"href":"https:\/\/www.europesays.com\/cz\/wp-json\/wp\/v2\/types\/post"}],"author":[{"embeddable":true,"href":"https:\/\/www.europesays.com\/cz\/wp-json\/wp\/v2\/users\/2"}],"replies":[{"embeddable":true,"href":"https:\/\/www.europesays.com\/cz\/wp-json\/wp\/v2\/comments?post=193671"}],"version-history":[{"count":0,"href":"https:\/\/www.europesays.com\/cz\/wp-json\/wp\/v2\/posts\/193671\/revisions"}],"wp:featuredmedia":[{"embeddable":true,"href":"https:\/\/www.europesays.com\/cz\/wp-json\/wp\/v2\/media\/193672"}],"wp:attachment":[{"href":"https:\/\/www.europesays.com\/cz\/wp-json\/wp\/v2\/media?parent=193671"}],"wp:term":[{"taxonomy":"category","embeddable":true,"href":"https:\/\/www.europesays.com\/cz\/wp-json\/wp\/v2\/categories?post=193671"},{"taxonomy":"post_tag","embeddable":true,"href":"https:\/\/www.europesays.com\/cz\/wp-json\/wp\/v2\/tags?post=193671"}],"curies":[{"name":"wp","href":"https:\/\/api.w.org\/{rel}","templated":true}]}}