{"id":193703,"date":"2026-08-27T17:36:08","date_gmt":"2026-08-27T17:36:08","guid":{"rendered":"https:\/\/www.europesays.com\/cz\/193703\/"},"modified":"2026-08-27T17:36:08","modified_gmt":"2026-08-27T17:36:08","slug":"skolacky-v-tyrolsku-brutalne-napadly-12letou-divku-utok-si-natacely","status":"publish","type":"post","link":"https:\/\/www.europesays.com\/cz\/193703\/","title":{"rendered":"\u0160kola\u010dky v\u00a0Tyrolsku brut\u00e1ln\u011b napadly 12letou d\u00edvku. \u00datok si nat\u00e1\u010dely"},"content":{"rendered":"<p class=\"c_bB\">\u00dato\u010dnice bulharsk\u00e9 a\u00a0kosovsk\u00e9 st\u00e1tn\u00ed p\u0159\u00edslu\u0161nosti vyl\u00e1kaly dvan\u00e1ctiletou d\u00edvku za m\u00edstn\u00ed kl\u00e1\u0161ter a\u00a0tam ji brut\u00e1ln\u011b napadly. Kopaly ji do hlavy, rvaly j\u00ed vlasy, ohro\u017eovaly ji no\u017eem a\u00a0vyhro\u017eovaly, \u017ee ji zabij\u00ed, pokud bude volat o\u00a0pomoc. Brut\u00e1ln\u00ed \u00fatok si nat\u00e1\u010dely na mobil.<\/p>\n<p class=\"c_bB\">P\u0159\u00edtr\u017e jejich \u0159\u00e1d\u011bn\u00ed u\u010dinil a\u017e n\u00e1hodn\u00fd kolemjdouc\u00ed. D\u00edvky z\u00a0m\u00edsta uprchly, ale sta\u010dily je\u0161t\u011b okr\u00e1st svou ob\u011b\u0165 o\u00a0jej\u00ed mobil. Dvan\u00e1ctilet\u00e1 ob\u011b\u0165 skon\u010dila s\u00a0v\u00e1\u017en\u00fdmi poran\u011bn\u00edmi v\u00a0nemocnici.<\/p>\n<p class=\"c_bB\">Ve \u010dtvrtek byla zadr\u017eena Bulharka, kter\u00e1 se k\u00a0\u00fatoku pod t\u00edhou d\u016fkaz\u016f p\u0159iznala. Po jej\u00ed kosovsk\u00e9 kamar\u00e1dce se st\u00e1le je\u0161t\u011b p\u00e1tr\u00e1.<\/p>\n<p class=\"c_bB\">Motivem \u010dinu m\u011bla b\u00fdt \u00fadajn\u011b z\u00e1le\u017eitost z\u00a0minulosti, kdy ob\u011b\u0165 pomohla jin\u00e9 d\u00edvce, co\u017e se pachatelk\u00e1m nel\u00edbilo, p\u00ed\u0161e <a data-dot=\"atm-link\" target=\"_blank\" rel=\"noopener nofollow\" href=\"https:\/\/www.heute.at\/s\/12-jaehrige-in-vomp-brutal-attackiert-120244043?utm_source=onesignal&amp;utm_medium=push&amp;utm_campaign=2026-08-27-12-jaehrige-in-vomp-brutal-attackiert\" class=\"c_I\">web den\u00edku Heute<\/a>.<\/p>\n<p><a data-dot=\"atm-link\" target=\"_self\" href=\"https:\/\/www.novinky.cz\/clanek\/zahranicni-paleni-vlasu-trhani-ras-a-prisaha-na-allaha-divci-gang-ve-vidni-brutalne-zbil-skolacku-40495829\" class=\"c_I\" rel=\"nofollow noopener\"><img fetchpriority=\"high\" height=\"1012\" width=\"1800\" src=\"https:\/\/www.europesays.com\/cz\/wp-content\/uploads\/2026\/08\/nasili-divka.jpeg\" loading=\"eager\" decoding=\"sync\" class=\"c_t c_r\"\/><\/a><\/p>\n","protected":false},"excerpt":{"rendered":"\u00dato\u010dnice bulharsk\u00e9 a\u00a0kosovsk\u00e9 st\u00e1tn\u00ed p\u0159\u00edslu\u0161nosti vyl\u00e1kaly dvan\u00e1ctiletou d\u00edvku za m\u00edstn\u00ed kl\u00e1\u0161ter a\u00a0tam ji brut\u00e1ln\u011b napadly. Kopaly ji do&hellip;\n","protected":false},"author":2,"featured_media":193704,"comment_status":"","ping_status":"","sticky":false,"template":"","format":"standard","meta":{"footnotes":"","_share_on_mastodon":"0"},"categories":[10],"tags":[444,17,21,4355,16,256,18,19,22,897,44789,20],"class_list":["post-193703","post","type-post","status-publish","format-standard","has-post-thumbnail","category-zpravy","tag-deti","tag-headlines","tag-hlavni-udalosti","tag-nasili","tag-news","tag-rakousko","tag-top-news","tag-top-stories","tag-udalosti-dne","tag-utok","tag-vomp","tag-zpravy"],"share_on_mastodon":{"url":"https:\/\/pubeurope.com\/@cz\/117168687615097492","error":""},"_links":{"self":[{"href":"https:\/\/www.europesays.com\/cz\/wp-json\/wp\/v2\/posts\/193703","targetHints":{"allow":["GET"]}}],"collection":[{"href":"https:\/\/www.europesays.com\/cz\/wp-json\/wp\/v2\/posts"}],"about":[{"href":"https:\/\/www.europesays.com\/cz\/wp-json\/wp\/v2\/types\/post"}],"author":[{"embeddable":true,"href":"https:\/\/www.europesays.com\/cz\/wp-json\/wp\/v2\/users\/2"}],"replies":[{"embeddable":true,"href":"https:\/\/www.europesays.com\/cz\/wp-json\/wp\/v2\/comments?post=193703"}],"version-history":[{"count":0,"href":"https:\/\/www.europesays.com\/cz\/wp-json\/wp\/v2\/posts\/193703\/revisions"}],"wp:featuredmedia":[{"embeddable":true,"href":"https:\/\/www.europesays.com\/cz\/wp-json\/wp\/v2\/media\/193704"}],"wp:attachment":[{"href":"https:\/\/www.europesays.com\/cz\/wp-json\/wp\/v2\/media?parent=193703"}],"wp:term":[{"taxonomy":"category","embeddable":true,"href":"https:\/\/www.europesays.com\/cz\/wp-json\/wp\/v2\/categories?post=193703"},{"taxonomy":"post_tag","embeddable":true,"href":"https:\/\/www.europesays.com\/cz\/wp-json\/wp\/v2\/tags?post=193703"}],"curies":[{"name":"wp","href":"https:\/\/api.w.org\/{rel}","templated":true}]}}