{"id":193723,"date":"2026-08-27T17:53:27","date_gmt":"2026-08-27T17:53:27","guid":{"rendered":"https:\/\/www.europesays.com\/cz\/193723\/"},"modified":"2026-08-27T17:53:27","modified_gmt":"2026-08-27T17:53:27","slug":"boj-o-prazskou-jednosmerku-vladne-chaos-a-stredocesi-jsou-rukojmi-zenou-radni-pripad-k-soudu","status":"publish","type":"post","link":"https:\/\/www.europesays.com\/cz\/193723\/","title":{"rendered":"Boj o pra\u017eskou jednosm\u011brku: Vl\u00e1dne chaos a St\u0159edo\u010de\u0161i jsou rukojm\u00ed, \u017eenou radn\u00ed p\u0159\u00edpad k soudu"},"content":{"rendered":"<p>\n                        Rann\u00ed zjednosm\u011brn\u011bn\u00ed ulice Na Krutci v Praze 6 vy\u00fastilo v otev\u0159en\u00fd konflikt mezi m\u011bstskou \u010d\u00e1st\u00ed a St\u0159edo\u010desk\u00fdm krajem. Ten tvrd\u00ed, \u017ee krok komplikuje dopravu jeho obyvatel\u016fm, a krajsk\u00fd radn\u00ed pro dopravu Petr Boreck\u00fd (STAN) nyn\u00ed dokonce prohl\u00e1sil, \u017ee veden\u00ed Prahy 6 zp\u016fsobilo dopravn\u00ed chaos a St\u0159edo\u010dechy si bere jako rukojm\u00ed. Kraj se tak rozhodl obr\u00e1tit na soud. Radn\u00ed pro dopravu Prahy 6 Ond\u0159ej Mat\u011bj Hrube\u0161 (ODS) opat\u0159en\u00ed h\u00e1j\u00ed \u2013 prioritou jsou ob\u010dan\u00e9 a jejich bezpe\u010d\u00ed, uv\u00e1d\u00ed.\n                    <\/p>\n<p>Motorist\u00e9 si ulic\u00ed Na Krutci \u010dasto zkracovali cestu a vyh\u00fdbali se tak kolon\u00e1m na Horom\u011b\u0159ick\u00e9. P\u0159es ulici, kter\u00e1 \u010d\u00e1ste\u010dn\u011b vede obydlenou oblast\u00ed, toti\u017e dojedou a\u017e na Vokovickou a po chv\u00edli mohou u stanice metra N\u00e1dra\u017e\u00ed Veleslav\u00edn odbo\u010dit na Evropskou. Ta je dovede a\u017e do Dejvic.<\/p>\n<p>\u010cT\u011aTE TAK\u00c9: <a target=\"_blank\" href=\"https:\/\/cnn.iprima.cz\/dopravni-peklo-v-praze-s-prazdninami-neskonci-kde-se-pripravit-na-nejvetsi-komplikace-519627\" rel=\"nofollow noopener\">Dopravn\u00ed peklo v Praze s pr\u00e1zdninami neskon\u010d\u00ed. Kde se p\u0159ipravit na nejv\u011bt\u0161\u00ed komplikace?<\/a><\/p>\n<p>Spojnice reziden\u010dn\u00edch Vokovic s\u00a0Horom\u011b\u0159ickou, po kter\u00e9 ka\u017ed\u00fd den p\u0159ij\u00ed\u017ed\u00ed auty i autobusy nespo\u010det lid\u00ed ze St\u0159edo\u010desk\u00e9ho kraje, je v\u0161ak nov\u011b mezi sedmou a dev\u00e1tou hodinou rann\u00ed jednosm\u011brn\u00e1 \u2013 jet se tudy tak d\u00e1 pouze ve sm\u011bru od Vokovic. Praha 6 k\u00a0opat\u0159en\u00ed <a target=\"_blank\" href=\"https:\/\/www.prahain.cz\/doprava\/praha-6-narazila-odpurcum-omezeni-dal-za-pravdu-i-namestek-primatora-28197.html\" rel=\"nofollow noopener\">p\u0159istoupila<\/a> na za\u010d\u00e1tku \u010dervence.<\/p>\n<p>To se v\u0161ak nel\u00edb\u00ed veden\u00ed St\u0159edo\u010desk\u00e9ho kraje, kter\u00e9 se proti omezen\u00ed ohradilo v tiskov\u00e9 zpr\u00e1v\u011b. \u201eBohu\u017eel znovu jsme se po del\u0161\u00ed dob\u011b dostali do situace, kdy se Praha 6 negativn\u011b stav\u00ed proti St\u0159edo\u010dech\u016fm,\u201c uvedl tamn\u00ed radn\u00ed pro oblast ve\u0159ejn\u00e9 dopravy a mobility Petr Boreck\u00fd (STAN).<\/p>\n<p>Jednosm\u011brka pr\u00fd dopad\u00e1 i na autobusy<\/p>\n<p>\u201eOdm\u00edt\u00e1me, aby si v r\u00e1mci p\u0159edvolebn\u00edho boje bralo jej\u00ed sou\u010dasn\u00e9 veden\u00ed na\u0161e obyvatele jako rukojm\u00ed, stejn\u011b jako ob\u010dany z m\u011bstsk\u00fdch \u010d\u00e1st\u00ed Nebu\u0161ice a P\u0159edn\u00ed Kopanina. V\u0161ech se nepromy\u0161len\u00e9 rozhodnut\u00ed Prahy 6 \u010d\u00e1ste\u010dn\u011b zjednosm\u011brnit ulici Na Krutci v\u00fdrazn\u011b dot\u00fdk\u00e1, bohu\u017eel ne v dobr\u00e9m slova smyslu,\u201c pokra\u010doval radn\u00ed.<\/p>\n<p>Jednosm\u011brka podle kraje situaci v Horom\u011b\u0159ick\u00e9 ulici je\u0161t\u011b v\u00edce zkomplikovala a negativn\u011b dopad\u00e1 nejen na \u0159idi\u010de osobn\u00edch aut, ale tak\u00e9 na cestuj\u00edc\u00ed v autobusech. U linek 312, 316 a 356 sm\u011b\u0159uj\u00edc\u00edch do Prahy si kraj st\u011b\u017euje na \u201ev\u00fdrazn\u00e9 prodlou\u017een\u00ed\u201c dojezdov\u00fdch \u010das\u016f, co\u017e se m\u016f\u017ee propsat i do (ne)dodr\u017een\u00ed j\u00edzdn\u00edho \u0159\u00e1du u dal\u0161\u00edch spoj\u016f.<\/p>\n<p>\u201eV\u00fdsledkem je dopravn\u00ed chaos, kter\u00fd zavinila jen a pouze Praha 6. Nav\u00edc se ob\u00e1v\u00e1me, \u017ee s bl\u00ed\u017e\u00edc\u00edm se startem nov\u00e9ho \u0161koln\u00edho roku bude situace je\u0161t\u011b hor\u0161\u00ed. Proto jsme se rozhodli podat k M\u011bstsk\u00e9mu soudu v Praze n\u00e1vrh na zru\u0161en\u00ed opat\u0159en\u00ed obecn\u00e9 povahy. Chceme zabr\u00e1nit dopravn\u00edmu kolapsu na p\u0159\u00edjezdu do hlavn\u00edho m\u011bsta,\u201c dodal Boreck\u00fd.<\/p>\n<p class=\"intro-title-mobile\">\n        \u010ct\u011bte tak\u00e9\n    <\/p>\n<p>        <a href=\"https:\/\/cnn.iprima.cz\/nova-nemocnice-v-praze-babis-a-vojtech-odhalili-detaily-pozemky-chteji-zajistit-do-zari-519669\" class=\"image-link\" rel=\"nofollow noopener\" target=\"_blank\"><\/p>\n<p>            <img decoding=\"async\" loading=\"lazy\" class=\"image\" src=\"https:\/\/www.europesays.com\/cz\/wp-content\/uploads\/2026\/08\/48006fd57f8521907e5cf62cbae5bfa7.jpg\" alt=\"Ministr zdravotnictv\u00ed Adam Vojt\u011bch (za ANO)\"\/><\/p>\n<p>            <\/a><\/p>\n<p class=\"intro-title-desktop\">\n            \u010ct\u011bte tak\u00e9\n        <\/p>\n<p>                <a href=\"https:\/\/cnn.iprima.cz\/nova-nemocnice-v-praze-babis-a-vojtech-odhalili-detaily-pozemky-chteji-zajistit-do-zari-519669\" class=\"title-link\" rel=\"nofollow noopener\" target=\"_blank\"><\/p>\n<p class=\"title\">\n                Nov\u00e1 nemocnice v Praze. Babi\u0161 a Vojt\u011bch odhalili detaily, pozemky cht\u011bj\u00ed zajistit do z\u00e1\u0159\u00ed\n            <\/p>\n<p>        <\/a><\/p>\n<p>                                                                                                19. srp 2026, 11:47<\/p>\n<p>                6 min \u010dten\u00ed<\/p>\n<p>Omezen\u00ed m\u00e1 ve zku\u0161ebn\u00edm re\u017eimu platit do konce leto\u0161n\u00edho roku. St\u0159edo\u010desk\u00fd kraj v\u0161ak \u010dekat nechce, a rozhodl se tak k M\u011bstsk\u00e9mu soudu v Praze podat n\u00e1vrh na zru\u0161en\u00ed opat\u0159en\u00ed. Radn\u00ed pro dopravu Prahy 6 Ond\u0159ej Mat\u011bj Hrube\u0161 (ODS) v\u0161ak ve vyj\u00e1d\u0159en\u00ed pro CNN Prima NEWS jednosm\u011brku h\u00e1jil.<\/p>\n<p>\u201ePraha 6 roky usiluje o roz\u0161\u00ed\u0159en\u00ed ulice Horom\u011b\u0159ick\u00e1 o vyhrazen\u00fd j\u00edzdn\u00ed pruh pro autobusy MHD. Bohu\u017eel magistr\u00e1t tuto stavbu st\u00e1le odsouv\u00e1, moment\u00e1ln\u011b a\u017e na rok 2028. \u0158e\u0161en\u00edm v\u0161ak nen\u00ed, aby se tranzitn\u00ed doprava ze St\u0159edo\u010desk\u00e9ho kraje na s\u00edlu tla\u010dila \u00fazk\u00fdmi reziden\u010dn\u00edmi ulicemi Prahy 6. Proto hled\u00e1me zp\u016fsoby, jak zajistit bezpe\u010dnost provozu v reziden\u010dn\u00edch \u010dtvrt\u00edch a z\u00e1rove\u0148 preferenci pro MHD,\u201c uvedl.<\/p>\n<p>Koridor pro MHD jako \u0159e\u0161en\u00ed?<\/p>\n<p>\u201eCo se t\u00fd\u010de ulice Na Krutci, prioritou jsou pro n\u00e1s ob\u010dan\u00e9 a zaji\u0161t\u011bn\u00ed jejich bezpe\u010d\u00ed, co\u017e v t\u00e9to oblasti byl dlouhodob\u011b velk\u00fd probl\u00e9m. Na\u0161e rozhodnut\u00ed m\u00e1me op\u0159eno o \u0159adu studi\u00ed, v\u010detn\u011b posouzen\u00ed odborn\u00edk\u016f z\u00a0\u010cVUT,\u201c doplnil Hrube\u0161.<\/p>\n<p>Ten tak\u00e9 p\u0159ipomn\u011bl projekt zelen\u00e9ho koridoru pro autobusy MHD z\u00a0Horom\u011b\u0159ick\u00e9 a Nebu\u0161ick\u00e9 sm\u011brem ke stanici metra Bo\u0159islavka. \u201eProjekt v\u0161ak ji\u017e m\u011bs\u00edc le\u017e\u00ed na stole a \u010dek\u00e1 na podporu od starost\u016f okoln\u00edch obc\u00ed a m\u011bstsk\u00fdch \u010d\u00e1st\u00ed, kter\u00fdm byl v \u010dervenci p\u0159edstaven. Praha 6 tento projekt podporuje a po\u017e\u00e1dala o podporu i hejtmanku St\u0159edo\u010desk\u00e9ho kraje Petru Peckovou. Projekt po\u010d\u00edtal s preferen\u010dn\u00edm koridorem pro MHD od za\u010d\u00e1tku z\u00e1\u0159\u00ed, ale jeho realizace se st\u00e1le oddaluje,\u201c dodal.<\/p>\n<p>Veden\u00ed Prahy 6 se b\u011bhem rozhodov\u00e1n\u00ed o zjednosm\u011brn\u011bn\u00ed ulice Na Krutci \u0159\u00eddilo v\u00fdsledky anal\u00fdzy, kterou pro ni zpracovala Fakulta dopravn\u00ed \u010cVUT. Dle jej\u00edch z\u00e1v\u011br\u016f bylo zat\u00ed\u017een\u00ed ulice a s n\u00edm spojen\u00e9 negativn\u00ed dopady na rezidenty nejsiln\u011bj\u0161\u00ed pr\u00e1v\u011b mezi sedmou a dev\u00e1tou hodinou rann\u00ed.<\/p>\n<p class=\"intro-title-mobile\">\n        \u010ct\u011bte tak\u00e9\n    <\/p>\n<p>        <a href=\"https:\/\/cnn.iprima.cz\/letadlo-se-v-praze-vracelo-pro-deset-hostesek-nabralo-zpozdeni-chyboval-vip-salonek-519573\" class=\"image-link\" rel=\"nofollow noopener\" target=\"_blank\"><\/p>\n<p>            <img decoding=\"async\" loading=\"lazy\" class=\"image\" src=\"https:\/\/www.europesays.com\/cz\/wp-content\/uploads\/2026\/08\/1787853207_756_f20f86f7ab06cd6a0d19b345d6d5c29e.jpg\" alt=\"Letadlo Boeing 737\u00a0Max spole\u010dnosti Smartwings.\"\/><\/p>\n<p>            <\/a><\/p>\n<p class=\"intro-title-desktop\">\n            \u010ct\u011bte tak\u00e9\n        <\/p>\n<p>                <a href=\"https:\/\/cnn.iprima.cz\/letadlo-se-v-praze-vracelo-pro-deset-hostesek-nabralo-zpozdeni-chyboval-vip-salonek-519573\" class=\"title-link\" rel=\"nofollow noopener\" target=\"_blank\"><\/p>\n<p class=\"title\">\n                Letadlo se v Praze vracelo pro hostesky stript\u00fdzov\u00e9ho klubu. Chyboval VIP salonek\n            <\/p>\n<p>        <\/a><\/p>\n<p>                                                                                                18. srp 2026, 10:47<\/p>\n<p>                6 min \u010dten\u00ed<\/p>\n<p>C\u00edlem opat\u0159en\u00ed je podle Hrube\u0161e ochr\u00e1nit obyvatele Vokovic p\u0159ed nadm\u011brnou tranzitn\u00ed dopravou. \u201eSituace se zhor\u0161uje ka\u017ed\u00fdm rokem, jak p\u0159ib\u00fdv\u00e1 aut na p\u0159\u00edjezdu ze St\u0159edo\u010desk\u00e9ho kraje. I proto podporujeme roz\u0161\u00ed\u0159en\u00ed ulice Horom\u011b\u0159ick\u00e1 o BUS pruh, aby byla v\u011bt\u0161\u00ed motivace z Horom\u011b\u0159icka a P\u0159\u00edlepska doj\u00ed\u017ed\u011bt do Prahy linkami MHD,\u201c uvedl Hrube\u0161 podle <a target=\"_blank\" href=\"https:\/\/www.dopravni6.cz\/2026\/07\/10\/zjednosmerneni-ulice-na-krutci-v-ranni-spicce\/\" rel=\"nofollow noopener\">webu Dopravni6<\/a>.<\/p>\n<p>Mimo St\u0159edo\u010desk\u00fd kraj se proti novince stav\u00ed tak\u00e9 Horom\u011b\u0159ice nebo pra\u017esk\u00e9 m\u011bstsk\u00e9 \u010d\u00e1sti Nebu\u0161ice a P\u0159edn\u00ed Kopanina. Zjednosm\u011brn\u011bn\u00ed se nel\u00edb\u00ed ani celopra\u017esk\u00e9mu n\u00e1m\u011bstkovi prim\u00e1tora pro dopravu Jarom\u00edru Ber\u00e1nkovi (Pir\u00e1ti), za Prahou 6 naopak stoj\u00ed Vokovice, kter\u00fdmi ulice proch\u00e1z\u00ed.<\/p>\n<p>MOHLO V\u00c1M UNIKNOUT: <a target=\"_blank\" href=\"https:\/\/cnn.iprima.cz\/praha-vs-airbnb-nici-nam-centrum-shoduji-se-kandidati-na-primatora-ano-hovori-i-o-limitu-dnu-519615\" rel=\"nofollow noopener\">Praha vs. Airbnb. Ni\u010d\u00ed n\u00e1m centrum, shoduj\u00ed se kandid\u00e1ti na prim\u00e1tora. ANO hovo\u0159\u00ed o limitu dn\u016f<\/a><\/p>\n<p class=\"!text-semibold-14-14 !text-black mb-0 mt-2\">\n                Michael studuje obor Ve\u0159ejn\u00e1 a soci\u00e1ln\u00ed politika na Fakult\u011b soci\u00e1ln\u00edch v\u011bd Univerzity Karlovy v Praze. \u010clenem on-line redakce CNN Prima NEWS je od \u0159\u00edjna 2024. Soust\u0159ed\u00ed se hlavn\u011b na dom\u00e1c\u00ed politiku, se z\u00e1jmem sleduje tak\u00e9 d\u011bn\u00ed ve Spojen\u00fdch st\u00e1tech. Ve voln\u00e9m \u010dase se v\u011bnuje zejm\u00e9na hudb\u011b. (Michael.Cardal@iprima.cz)\n            <\/p>\n","protected":false},"excerpt":{"rendered":"Rann\u00ed zjednosm\u011brn\u011bn\u00ed ulice Na Krutci v Praze 6 vy\u00fastilo v otev\u0159en\u00fd konflikt mezi m\u011bstskou \u010d\u00e1st\u00ed a St\u0159edo\u010desk\u00fdm krajem.&hellip;\n","protected":false},"author":2,"featured_media":193724,"comment_status":"","ping_status":"","sticky":false,"template":"","format":"standard","meta":{"footnotes":"","_share_on_mastodon":"0"},"categories":[7],"tags":[7910,43,42,41,40,514,1568,33582,174,99,1017,20303,2654,538,1039],"class_list":["post-193723","post","type-post","status-publish","format-standard","has-post-thumbnail","category-cesko","tag-automobil","tag-ceska-republika","tag-cesko","tag-czech-republic","tag-czechia","tag-doprava","tag-mestska-cast","tag-petr-borecky","tag-politika","tag-praha","tag-praha-6","tag-rukojmi","tag-starostove-a-nezavisli","tag-stredocesky-kraj","tag-vokovice"],"share_on_mastodon":{"url":"https:\/\/pubeurope.com\/@cz\/117168754347775768","error":""},"_links":{"self":[{"href":"https:\/\/www.europesays.com\/cz\/wp-json\/wp\/v2\/posts\/193723","targetHints":{"allow":["GET"]}}],"collection":[{"href":"https:\/\/www.europesays.com\/cz\/wp-json\/wp\/v2\/posts"}],"about":[{"href":"https:\/\/www.europesays.com\/cz\/wp-json\/wp\/v2\/types\/post"}],"author":[{"embeddable":true,"href":"https:\/\/www.europesays.com\/cz\/wp-json\/wp\/v2\/users\/2"}],"replies":[{"embeddable":true,"href":"https:\/\/www.europesays.com\/cz\/wp-json\/wp\/v2\/comments?post=193723"}],"version-history":[{"count":0,"href":"https:\/\/www.europesays.com\/cz\/wp-json\/wp\/v2\/posts\/193723\/revisions"}],"wp:featuredmedia":[{"embeddable":true,"href":"https:\/\/www.europesays.com\/cz\/wp-json\/wp\/v2\/media\/193724"}],"wp:attachment":[{"href":"https:\/\/www.europesays.com\/cz\/wp-json\/wp\/v2\/media?parent=193723"}],"wp:term":[{"taxonomy":"category","embeddable":true,"href":"https:\/\/www.europesays.com\/cz\/wp-json\/wp\/v2\/categories?post=193723"},{"taxonomy":"post_tag","embeddable":true,"href":"https:\/\/www.europesays.com\/cz\/wp-json\/wp\/v2\/tags?post=193723"}],"curies":[{"name":"wp","href":"https:\/\/api.w.org\/{rel}","templated":true}]}}