{"id":194003,"date":"2026-08-28T03:06:07","date_gmt":"2026-08-28T03:06:07","guid":{"rendered":"https:\/\/www.europesays.com\/cz\/194003\/"},"modified":"2026-08-28T03:06:07","modified_gmt":"2026-08-28T03:06:07","slug":"kamion-tesla-semi-miri-do-evropy-a-evropsti-vyrobci-maji-duvod-k-nervozite-musk-odhali-detaily-uz-v-zari","status":"publish","type":"post","link":"https:\/\/www.europesays.com\/cz\/194003\/","title":{"rendered":"Kamion Tesla Semi m\u00ed\u0159\u00ed do Evropy a evrop\u0161t\u00ed v\u00fdrobci maj\u00ed d\u016fvod k nervozit\u011b. Musk odhal\u00ed detaily u\u017e v z\u00e1\u0159\u00ed"},"content":{"rendered":"<p>Tesla potvrdila \u00fa\u010dast na veletrhu IAA Transportation v Hannoveru, kde v z\u00e1\u0159\u00ed 2026 poprv\u00e9 uk\u00e1\u017ee evropsk\u00e9 specifikace a pl\u00e1n uveden\u00ed taha\u010de Semi na trh.\n<\/p>\n<p class=\"wp-block-paragraph\">Ofici\u00e1ln\u00ed \u00fa\u010det Tesla Semi na s\u00edti X ozn\u00e1mil, co se v bran\u017ei \u010dekalo m\u011bs\u00edce: na hannoversk\u00e9m veletrhu IAA Transportation, kter\u00fd se kon\u00e1 15.\u201320. z\u00e1\u0159\u00ed 2026, firma odhal\u00ed technick\u00e9 parametry evropsk\u00e9 verze sv\u00e9ho elektrick\u00e9ho taha\u010de a konkr\u00e9tn\u00ed detaily jeho uveden\u00ed na star\u00fd kontinent. Nejde p\u0159itom jen o v\u00fdstavn\u00ed kus. Tesla u\u017e v N\u011bmecku nab\u00edr\u00e1 obchodn\u00ed mana\u017eery p\u0159\u00edmo pro Semi, v\u00fdroba v nevadsk\u00e9 tov\u00e1rn\u011b nab\u00edh\u00e1 na objem a na britsk\u00e9 produktov\u00e9 str\u00e1nce se u\u017e dnes d\u00e1 naj\u00edt konfigurace 40tunov\u00e9ho taha\u010de s dojezdem 550 km. Elon Musk jako \u0161\u00e9f Tesly stoj\u00ed za celou strategi\u00ed vstupu do Evropy a pr\u00e1v\u011b z\u00e1\u0159ijov\u00fd veletrh m\u00e1 b\u00fdt momentem, kdy se z n\u00e1znaku stane konkr\u00e9tn\u00ed nab\u00eddka.<\/p>\n<p>Pro\u010d by m\u011bla Evropa zpozorn\u011bt<\/p>\n<p class=\"wp-block-paragraph\">Americk\u00e1 verze Semi slibuje na pap\u00ed\u0159e kombinaci, kterou \u017e\u00e1dn\u00fd evropsk\u00fd elektrick\u00fd taha\u010d zat\u00edm nenab\u00edz\u00ed v jednom bal\u00edku: dojezd a\u017e 800 km (500 mil), nab\u00edjen\u00ed v\u00fdkonem a\u017e 1,2 MW a pohonn\u00fd v\u00fdkon 800 kW. K tomu Tesla p\u0159id\u00e1v\u00e1 argumentaci o ni\u017e\u0161\u00edch provozn\u00edch n\u00e1kladech ne\u017e u dieselu. A vstupuje do segmentu, kter\u00fd je v Evrop\u011b po\u0159\u00e1d v plenk\u00e1ch. Podle <a href=\"https:\/\/www.acea.auto\/cv-registrations\/new-commercial-vehicle-registrations-vans-8-8-trucks-6-2-buses-7-5-in-2025\/\" target=\"_blank\" rel=\"noreferrer noopener nofollow\">ACEA<\/a> tvo\u0159ily elektricky dob\u00edjiteln\u00e9 n\u00e1kladn\u00ed vozy nad 3,5 tuny v EU za cel\u00fd rok 2025 pouh\u00e1 4,2 % nov\u00fdch registrac\u00ed.<\/p>\n<p class=\"wp-block-paragraph\">V tak ran\u00e9 f\u00e1zi trhu m\u016f\u017ee jedin\u00fd siln\u00fd hr\u00e1\u010d zm\u011bnit o\u010dek\u00e1v\u00e1n\u00ed z\u00e1kazn\u00edk\u016f rychleji, ne\u017e se zm\u011bn\u00ed samotn\u00e9 prodejn\u00ed statistiky. Flotilov\u00fd mana\u017eer, kter\u00fd dnes porovn\u00e1v\u00e1 nab\u00eddky Mercedesu a Volva, bude po z\u00e1\u0159\u00ed 2026 muset do kalkulace zahrnout i Teslu. A to je p\u0159esn\u011b ten druh tlaku, kter\u00fd zaveden\u00e9 v\u00fdrobce nut\u00ed reagovat.<\/p>\n<p>Evropa ale nen\u00ed pr\u00e1zdn\u00e9 h\u0159i\u0161t\u011b<\/p>\n<p class=\"wp-block-paragraph\">\u0158\u00edct, \u017ee Tesla p\u0159ijde do Evropy bez konkurence, by byla z\u00e1sadn\u00ed nep\u0159esnost. Evrop\u0161t\u00ed v\u00fdrobci posledn\u00ed dva roky masivn\u011b investovali do vlastn\u00edch elektrick\u00fdch taha\u010d\u016f pro d\u00e1lkovou dopravu:<\/p>\n<p>Mercedes-Benz eActros 600, ofici\u00e1ln\u011b ud\u00e1van\u00fd dojezd 500 km, u\u017e v s\u00e9riov\u00e9 v\u00fdrob\u011b.Volvo FH Aero Electric, a\u017e 700 km dojezdu, nab\u00edjen\u00ed a\u017e 700 kW.Scania, elektrick\u00fd taha\u010d s kapacitou 728 kWh a dojezdem a\u017e 600 km p\u0159i 29tunov\u00e9 hmotnosti.Renault Trucks E-Tech T, a\u017e 660 km, v\u00fdrobce tvrd\u00ed, \u017ee 80 % d\u00e1lkov\u00fdch mis\u00ed zvl\u00e1dne bez kompromisu.<\/p>\n<p class=\"wp-block-paragraph\">K tomu p\u0159idejme infrastrukturu. Milence, spole\u010dn\u00fd podnik Daimler Truck, skupiny TRATON a Volvo Group, u\u017e otev\u00edr\u00e1 megawattov\u00e9 nab\u00edjec\u00ed huby po cel\u00e9 Evrop\u011b. Evropsk\u00e1 obrana tedy nestoj\u00ed jen na vozidlech, ale i na s\u00edti, kterou Tesla v Evrop\u011b zat\u00edm nem\u00e1.<\/p>\n<p class=\"wp-block-paragraph\">Srovn\u00e1n\u00ed dojezd\u016f nav\u00edc ukazuje, \u017ee Semi nebude automaticky dominovat. Evropsk\u00e1 verze na britsk\u00fdch str\u00e1nk\u00e1ch Tesly uv\u00e1d\u00ed 550 km, co\u017e je m\u00e9n\u011b ne\u017e Volvo i Renault. I pokud Tesla na IAA p\u0159edstav\u00ed variantu Long Range s del\u0161\u00edm dojezdem, vstoup\u00ed do z\u00e1vodu, kter\u00fd u\u017e b\u011b\u017e\u00ed, ne na pr\u00e1zdnou tra\u0165.<\/p>\n<p>Co to znamen\u00e1 pro \u010desk\u00e9 dopravce<\/p>\n<p class=\"wp-block-paragraph\">V \u010cesku elektrick\u00e9 kamiony zat\u00edm z\u016fst\u00e1vaj\u00ed okrajovou z\u00e1le\u017eitost\u00ed. Podle <a href=\"https:\/\/cdv.gov.cz\/pro-media\/tiskove-zpravy\/elektricka-uzitkova-doprava-v-eu-zrychluje-registrace-nakladnich-vozidel-vzrostly-o-48-procent\/\" target=\"_blank\" rel=\"noreferrer noopener nofollow\">CDV<\/a> bylo v prvn\u00ed polovin\u011b roku 2026 registrov\u00e1no 61 nov\u00fdch elektrick\u00fdch n\u00e1kladn\u00edch vozidel a celkem jich v \u010cR jezd\u00ed 280. P\u0159esto se tu u\u017e formuje re\u00e1ln\u00fd dota\u010dn\u00ed r\u00e1mec. <a href=\"https:\/\/sfzp.gov.cz\/dopravci-se-budou-moci-uchazet-o-podporu-bezemisnich-nakladnich-vozidel\/\" target=\"_blank\" rel=\"noreferrer noopener nofollow\">SF\u017dP<\/a> v programu TRANSPORT vy\u010dlenil 960 milion\u016f korun na bezemisn\u00ed n\u00e1kladn\u00ed vozidla a neve\u0159ejnou dob\u00edjec\u00ed infrastrukturu.<\/p>\n<p class=\"wp-block-paragraph\">Evropskou cenu Semi Tesla dosud nezve\u0159ejnila. Podle oborov\u00e9 anal\u00fdzy ING se dne\u0161n\u00ed elektrick\u00e9 taha\u010de v Evrop\u011b pohybuj\u00ed v p\u00e1smu 250\u2013350 tis\u00edc eur, tedy orienta\u010dn\u011b 6\u20139 milion\u016f korun bez DPH. Pro \u010desk\u00e9 firmy s pl\u00e1novan\u00fdmi koridorov\u00fdmi linkami a vlastn\u00edm depem m\u016f\u017ee Semi d\u00e1vat smysl, ale a\u017e ve chv\u00edli, kdy Tesla uk\u00e1\u017ee servisn\u00ed model, homologaci a konkr\u00e9tn\u00ed pl\u00e1n nab\u00edjen\u00ed na evropsk\u00fdch tras\u00e1ch.<\/p>\n<p>Skute\u010dn\u00fd efekt: tempo, ne dominance<\/p>\n<p class=\"wp-block-paragraph\">Nejv\u011bt\u0161\u00ed dopad p\u0159\u00edchodu Tesly do Evropy pravd\u011bpodobn\u011b nebude v tom, kolik Semi se prod\u00e1 v prvn\u00edm roce. Bude v tom, jak rychle zaveden\u00ed v\u00fdrobci zareaguj\u00ed na nov\u00fd benchmark. PepsiCo u\u017e Semi provozuje v Kalifornii, \u0161v\u00e9dsk\u00e1 logistick\u00e1 firma Einride ozn\u00e1mila partnerstv\u00ed s Teslou na nasazen\u00ed 500 kus\u016f Semi na sv\u00e9 platform\u011b Saga AI. Tyto referen\u010dn\u00ed zak\u00e1zky ukazuj\u00ed, \u017ee o taha\u010d je re\u00e1ln\u00fd z\u00e1jem velk\u00fdch flotil, ne jen medi\u00e1ln\u00ed humbuk.<\/p>\n<p class=\"wp-block-paragraph\">Pokud firma \u0159e\u0161\u00ed n\u00e1kup elektrick\u00e9ho taha\u010de a nem\u00e1 akutn\u00ed term\u00edn, vy\u010dkat na z\u00e1\u0159ijov\u00fd IAA d\u00e1v\u00e1 smysl, pr\u00e1v\u011b tam maj\u00ed padnout kl\u00ed\u010dov\u00e9 evropsk\u00e9 parametry. Kdo ale pot\u0159ebuje elektrick\u00fd kamion na zn\u00e1mou trasu u\u017e dnes, m\u00e1 na stole hotov\u00e9 nab\u00eddky od Mercedesu, Volva, Scanie i Renault Trucks. \u010cek\u00e1n\u00ed v\u00fdhradn\u011b na Teslu m\u016f\u017ee znamenat ztr\u00e1tu \u010dasu, provozn\u00edch zku\u0161enost\u00ed i \u010d\u00e1sti dota\u010dn\u00edho okna.<\/p>\n<p class=\"wp-block-paragraph\">Tesla Semi nemus\u00ed Evropu porazit, aby ji zm\u011bnila. Sta\u010d\u00ed, kdy\u017e p\u0159inut\u00ed v\u0161echny ostatn\u00ed zrychlit.<\/p>\n<p>Zdroj: <a href=\"https:\/\/mobify.cz\/clanky\/novinky\/kamion-tesla-semi-miri-do-evropy\/\" rel=\"nofollow noopener\" target=\"_blank\">Mobify.cz &#8211; V\u00e1\u0161 p\u00e1r\u0165\u00e1k ve sv\u011bt\u011b elektroniky<\/a><\/p>\n<p>Autor: <a href=\"https:\/\/mobify.cz\/autor\/petr-sedmik\/\" rel=\"nofollow noopener\" target=\"_blank\">Petr Sedm\u00edk<\/a><\/p>\n","protected":false},"excerpt":{"rendered":"Tesla potvrdila \u00fa\u010dast na veletrhu IAA Transportation v Hannoveru, kde v z\u00e1\u0159\u00ed 2026 poprv\u00e9 uk\u00e1\u017ee evropsk\u00e9 specifikace a&hellip;\n","protected":false},"author":2,"featured_media":194004,"comment_status":"","ping_status":"","sticky":false,"template":"","format":"standard","meta":{"footnotes":"","_share_on_mastodon":"0"},"categories":[3],"tags":[2038,109,108,106,18881],"class_list":["post-194003","post","type-post","status-publish","format-standard","has-post-thumbnail","category-evropa","tag-clanek","tag-europa","tag-europe","tag-evropa","tag-homepage"],"share_on_mastodon":{"url":"https:\/\/pubeurope.com\/@cz\/117170928521521787","error":""},"_links":{"self":[{"href":"https:\/\/www.europesays.com\/cz\/wp-json\/wp\/v2\/posts\/194003","targetHints":{"allow":["GET"]}}],"collection":[{"href":"https:\/\/www.europesays.com\/cz\/wp-json\/wp\/v2\/posts"}],"about":[{"href":"https:\/\/www.europesays.com\/cz\/wp-json\/wp\/v2\/types\/post"}],"author":[{"embeddable":true,"href":"https:\/\/www.europesays.com\/cz\/wp-json\/wp\/v2\/users\/2"}],"replies":[{"embeddable":true,"href":"https:\/\/www.europesays.com\/cz\/wp-json\/wp\/v2\/comments?post=194003"}],"version-history":[{"count":0,"href":"https:\/\/www.europesays.com\/cz\/wp-json\/wp\/v2\/posts\/194003\/revisions"}],"wp:featuredmedia":[{"embeddable":true,"href":"https:\/\/www.europesays.com\/cz\/wp-json\/wp\/v2\/media\/194004"}],"wp:attachment":[{"href":"https:\/\/www.europesays.com\/cz\/wp-json\/wp\/v2\/media?parent=194003"}],"wp:term":[{"taxonomy":"category","embeddable":true,"href":"https:\/\/www.europesays.com\/cz\/wp-json\/wp\/v2\/categories?post=194003"},{"taxonomy":"post_tag","embeddable":true,"href":"https:\/\/www.europesays.com\/cz\/wp-json\/wp\/v2\/tags?post=194003"}],"curies":[{"name":"wp","href":"https:\/\/api.w.org\/{rel}","templated":true}]}}