{"id":194021,"date":"2026-08-28T03:51:13","date_gmt":"2026-08-28T03:51:13","guid":{"rendered":"https:\/\/www.europesays.com\/cz\/194021\/"},"modified":"2026-08-28T03:51:13","modified_gmt":"2026-08-28T03:51:13","slug":"pri-policejni-razii-v-jeruzaleme-objevili-pohrebni-jeskyni-z-obdobi-druheho-chramu","status":"publish","type":"post","link":"https:\/\/www.europesays.com\/cz\/194021\/","title":{"rendered":"P\u0159i policejn\u00ed razii v\u00a0Jeruzal\u00e9m\u011b objevili poh\u0159ebn\u00ed jeskyni z\u00a0obdob\u00ed druh\u00e9ho chr\u00e1mu"},"content":{"rendered":"<p class=\"c_bB\">Poh\u0159ebn\u00ed jeskyni objevili p\u0159\u00edslu\u0161n\u00edci izraelsk\u00e9 policie p\u0159i prohled\u00e1v\u00e1n\u00ed jednoho z\u00a0objekt\u016f v\u00a0jeruzal\u00e9msk\u00e9 \u010dtvrti Silvan. Operace navazovala na n\u00e1siln\u00fd konflikt mezi dv\u011bma m\u00edstn\u00edmi rodinami, kter\u00fd se vyhrotil v\u00a0noci na 23.\u00a0srpna a\u00a0vy\u017e\u00e1dal si nakonec t\u0159i mrtv\u00e9.<\/p>\n<p>Policejn\u00ed z\u00e1sah se zm\u011bnil v\u00a0archeologick\u00fd objev<\/p>\n<p class=\"c_bB\">P\u0159i st\u0159etu se podle den\u00edku <a data-dot=\"atm-link\" target=\"_blank\" rel=\"noopener nofollow\" href=\"https:\/\/www.jpost.com\/israel-news\/crime-in-israel\/article-906273\" class=\"c_I\">The Jerusalem Post<\/a> st\u0159\u00edlelo, odpalovala pyrotechnika a\u00a0l\u00e9taly Molotovovy koktejly. Jeden mu\u017e zem\u0159el a\u00a0dal\u0161\u00ed \u010dlov\u011bk byl v\u00a0kritick\u00e9m stavu p\u0159evezen do nemocnice. N\u00e1silnosti nav\u00edc pokra\u010dovaly i\u00a0po p\u0159\u00edjezdu bezpe\u010dnostn\u00edch slo\u017eek.<\/p>\n<p class=\"c_bB\">Policist\u00e9 byli b\u011bhem z\u00e1sahu p\u0159inuceni zast\u0159elit dva mu\u017ee, kte\u0159\u00ed bezprost\u0159edn\u011b ohro\u017eovali zasahuj\u00edc\u00ed jednotky. N\u00e1sledn\u011b za\u010dali prohled\u00e1vat domy spojen\u00e9 s\u00a0\u00fa\u010dastn\u00edky konfliktu a\u00a0b\u011bhem jedn\u00e9 z\u00a0prohl\u00eddek si v\u0161imli neobvykl\u00e9ho podzemn\u00edho prostoru.<\/p>\n<p><a data-dot=\"atm-link\" target=\"_self\" href=\"https:\/\/www.novinky.cz\/clanek\/veda-skoly-v-jeruzaleme-nasli-tramy-z-doby-jeho-dobyti-babylonany-40589178\" class=\"c_I\" rel=\"nofollow noopener\"><img fetchpriority=\"high\" height=\"720\" width=\"1280\" src=\"https:\/\/www.europesays.com\/cz\/wp-content\/uploads\/2026\/08\/archeologie-jeruzalem.jpeg\" loading=\"eager\" decoding=\"sync\" class=\"c_t c_r\"\/><\/a>Hroby mohou b\u00fdt star\u00e9 v\u00edce ne\u017e 2000\u00a0let<\/p>\n<p class=\"c_bB\">Jak d\u00e1le informoval <a data-dot=\"atm-link\" target=\"_blank\" rel=\"noopener nofollow\" href=\"https:\/\/www.jpost.com\/archaeology\/article-906442\" class=\"c_I\">den\u00edk<\/a>, na m\u00edsto byli p\u0159ivol\u00e1ni odborn\u00edci z\u00a0Izraelsk\u00e9ho pam\u00e1tkov\u00e9ho \u00fa\u0159adu a\u00a0jejich p\u0159edb\u011b\u017en\u00e9 posouzen\u00ed uk\u00e1zalo, \u017ee policist\u00e9 narazili na starov\u011bkou poh\u0159ebn\u00ed jeskyni s\u00a0hroby z\u00a0obdob\u00ed druh\u00e9ho jeruzal\u00e9msk\u00e9ho chr\u00e1mu. Uvnit\u0159 byly nalezeny tak\u00e9 dal\u0161\u00ed artefakty, jejich p\u0159esn\u00e1 povaha ale zat\u00edm nebyla zve\u0159ejn\u011bna.<\/p>\n<p lang=\"iw\" dir=\"rtl\">\u05e0\u05d7\u05e9\u05e4\u05d5 \u05de\u05e2\u05e8\u05ea \u05e7\u05d1\u05d5\u05e8\u05d4 \u05e2\u05ea\u05d9\u05e7\u05d4 \u05d5\u05de\u05de\u05e6\u05d0\u05d9\u05dd \u05d0\u05e8\u05db\u05d9\u05d0\u05d5\u05dc\u05d5\u05d2\u05d9\u05d9\u05dd \u05d1\u05de\u05d4\u05dc\u05da \u05e4\u05e2\u05d9\u05dc\u05d5\u05ea \u05de\u05d1\u05e6\u05e2\u05d9\u05ea \u05d1\u05e1\u05d9\u05dc\u05d5\u05d5\u05d0\u05df<\/p>\n<p>\u05d2\u05dd \u05d4\u05d9\u05d5\u05dd \u05e0\u05de\u05e9\u05db\u05ea \u05d4\u05e4\u05e2\u05d9\u05dc\u05d5\u05ea \u05d4\u05de\u05d1\u05e6\u05e2\u05d9\u05ea \u05e9\u05dc \u05db\u05d5\u05d7\u05d5\u05ea \u05de\u05d7\u05d5\u05d6 \u05d9\u05e8\u05d5\u05e9\u05dc\u05d9\u05dd \u05d1\u05de\u05e1\u05d2\u05e8\u05ea \u05d4\u05e1\u05db\u05e1\u05d5\u05da \u05d4\u05d0\u05dc\u05d9\u05dd \u05d1\u05d9\u05df \u05de\u05e9\u05e4\u05d7\u05d5\u05ea \u05d1\u05db\u05e4\u05e8 \u05e1\u05d9\u05dc\u05d5\u05d5\u05d0\u05df \u05e9\u05d1\u05e4\u05d0\u05ea\u05d9 \u05d4\u05e2\u05d9\u05e8, \u05d1\u05de\u05d8\u05e8\u05d4 \u05dc\u05d4\u05d2\u05d9\u05e2 \u05dc\u05d1\u05ea\u05d9\u05d4\u05dd \u05e9\u05dc \u05db\u05dc \u05d4\u05de\u05e2\u05d5\u05e8\u05d1\u05d9\u05dd. <\/p>\n<p>\u05d1\u05ea\u05d5\u05da \u05db\u05da, \u05dc\u05d5\u05d7\u05de\u05d9 \u05de\u05d2\u05f4\u05d1 \u05d9\u05e8\u05d5\u05e9\u05dc\u05d9\u05dd \u05e2\u05e8\u05db\u05d5 \u05e1\u05e8\u05d9\u05e7\u05d5\u05ea \u05d1\u05e1\u05d9\u05dc\u05d5\u05d5\u05d0\u05df \u05d5\u05dc\u05d9\u05d5\u05d5 \u05e0\u05e6\u05d9\u05d2\u05d9\u2026 <a href=\"https:\/\/t.co\/MuWm96YexA\" rel=\"nofollow\">pic.twitter.com\/MuWm96YexA<\/a><\/p>\n<p>\u2014 \u05de\u05e9\u05d8\u05e8\u05ea \u05d9\u05e9\u05e8\u05d0\u05dc (@IL_police) <a href=\"https:\/\/x.com\/IL_police\/status\/2091886131801416049?ref_src=twsrc%5Etfw\" rel=\"nofollow\">August 24, 2026<\/a><\/p>\n<p class=\"c_bB\">Policie cel\u00fd prostor zabezpe\u010dila a\u00a0dal\u0161\u00ed postup koordinuje s\u00a0pam\u00e1tkov\u00fdm \u00fa\u0159adem. Archeologov\u00e9 tak budou moci jeskyni podrobn\u011bji prozkoumat a\u00a0objasnit, kdy p\u0159esn\u011b poh\u0159ebi\u0161t\u011b vzniklo \u010di jak dlouho bylo vyu\u017e\u00edv\u00e1no.<\/p>\n<p>Starov\u011bk\u00e1 hrobka pod dne\u0161n\u00ed z\u00e1stavbou<\/p>\n<p class=\"c_bB\">To, \u017ee policist\u00e9 narazili na p\u0159ibli\u017en\u011b dva tis\u00edce let star\u00fd poh\u0159ebn\u00ed prostor p\u0159\u00edmo pod sou\u010dasnou budovou, nen\u00ed vzhledem k\u00a0charakteru Jeruzal\u00e9ma zcela p\u0159ekvapiv\u00e9. M\u011bsto le\u017e\u00ed na v\u00e1pencov\u00e9m podlo\u017e\u00ed, kter\u00e9 lid\u00e9 po tis\u00edcilet\u00ed vyu\u017e\u00edvali mimo jin\u00e9 i\u00a0k vytv\u00e1\u0159en\u00ed poh\u0159ebn\u00edch prostor.<\/p>\n<p class=\"c_bB\">V n\u011bkter\u00fdch p\u0159\u00edpadech upravovali p\u0159irozen\u00e9 skaln\u00ed dutiny, jindy hrobky vytes\u00e1vali p\u0159\u00edmo do sk\u00e1ly. Jak se m\u011bsto rozr\u016fstalo a\u00a0m\u011bnilo, nad star\u0161\u00edmi podzemn\u00edmi prostory postupn\u011b vznikala nov\u011bj\u0161\u00ed z\u00e1stavba.<\/p>\n<p class=\"c_bB\">U nov\u011b objeven\u00e9 jeskyn\u011b archeologov\u00e9 zat\u00edm nezve\u0159ejnili, do jak\u00e9 m\u00edry jde o\u00a0p\u0159\u00edrodn\u00ed prostor \u010di nakolik byl vytvo\u0159en nebo roz\u0161\u00ed\u0159en lidskou \u010dinnost\u00ed.<\/p>\n<p>Co znamen\u00e1 obdob\u00ed prvn\u00edho a\u00a0druh\u00e9ho jeruzal\u00e9msk\u00e9ho chr\u00e1mu?<\/p>\n<p class=\"c_bB\">Prvn\u00ed jeruzal\u00e9msk\u00fd chr\u00e1m st\u00e1l podle biblick\u00e9 tradice na Chr\u00e1mov\u00e9 ho\u0159e a\u00a0jeho vybudov\u00e1n\u00ed je p\u0159ipisov\u00e1no kr\u00e1li \u0160alomounovi v\u00a010.\u00a0stolet\u00ed p\u0159. n. l. V\u00a0roce 586\u00a0p\u0159. n. l. jej p\u0159i dobyt\u00ed Jeruzal\u00e9ma zni\u010dili Babylo\u0148an\u00e9 veden\u00ed kr\u00e1lem Nebukadnesarem II. Pojmem obdob\u00ed prvn\u00edho chr\u00e1mu se proto ozna\u010duje doba p\u0159ibli\u017en\u011b od 10.\u00a0stolet\u00ed do roku 586\u00a0p\u0159. n. l.<\/p>\n<p class=\"c_bB\">Po zni\u010den\u00ed Jeruzal\u00e9ma n\u00e1sledovalo babylonsk\u00e9 vyhnanstv\u00ed. Kdy\u017e Babylon v\u00a0roce 539\u00a0p\u0159. n. l. ovl\u00e1dl persk\u00fd kr\u00e1l K\u00fdros Velik\u00fd, umo\u017enil \u010d\u00e1sti vyhnanc\u016f n\u00e1vrat. Chr\u00e1m byl n\u00e1sledn\u011b obnoven a\u00a0jeho dokon\u010den\u00ed se tradi\u010dn\u011b klade do roku 516\u00a0p\u0159. n. l.<\/p>\n<p class=\"c_bB\">Tato svatyn\u011b je v\u0161eobecn\u011b ozna\u010dov\u00e1na jako druh\u00fd jeruzal\u00e9msk\u00fd chr\u00e1m. Na konci 1.\u00a0stolet\u00ed p\u0159. n. l. ji nechal kr\u00e1l Herodes Velik\u00fd monument\u00e1ln\u011b p\u0159estav\u011bt a\u00a0roz\u0161\u00ed\u0159it. Chr\u00e1m existoval a\u017e do roku 70\u00a0n. l., kdy jej p\u0159i potla\u010dov\u00e1n\u00ed \u017eidovsk\u00e9ho povst\u00e1n\u00ed zni\u010dili \u0158\u00edman\u00e9. Obdob\u00ed druh\u00e9ho chr\u00e1mu se proto vymezuje lety 516\u00a0p\u0159. n. l. a\u017e 70\u00a0n. l.<\/p>\n<p class=\"c_bB\">\u010ctvr\u0165 Silvan ve v\u00fdchodn\u00ed \u010d\u00e1sti Jeruzal\u00e9ma, kde byl starov\u011bk\u00fd poh\u0159ebn\u00ed prostor objeven.<\/p>\n<p><a data-dot=\"atm-link\" target=\"_self\" href=\"https:\/\/www.novinky.cz\/clanek\/veda-skoly-ceska-profesorka-ziskala-vyznamny-evropsky-grant-bude-zkoumat-nasili-ve-staroveke-mezopotamii-40584856\" class=\"c_I\" rel=\"nofollow noopener\"><img height=\"2304\" width=\"4096\" src=\"https:\/\/www.europesays.com\/cz\/wp-content\/uploads\/2026\/08\/1787889073_634_jana-mynarova-egyptologie-ff-uk.jpeg\" loading=\"eager\" decoding=\"sync\" class=\"c_t c_r\"\/><\/a><script async src=\"https:\/\/platform.twitter.com\/widgets.js\" charset=\"utf-8\"><\/script><\/p>\n","protected":false},"excerpt":{"rendered":"Poh\u0159ebn\u00ed jeskyni objevili p\u0159\u00edslu\u0161n\u00edci izraelsk\u00e9 policie p\u0159i prohled\u00e1v\u00e1n\u00ed jednoho z\u00a0objekt\u016f v\u00a0jeruzal\u00e9msk\u00e9 \u010dtvrti Silvan. Operace navazovala na n\u00e1siln\u00fd konflikt&hellip;\n","protected":false},"author":2,"featured_media":194022,"comment_status":"","ping_status":"","sticky":false,"template":"","format":"standard","meta":{"footnotes":"","_share_on_mastodon":"0"},"categories":[11],"tags":[3344,33568,638,17769,8973,325,3351,54,53,52],"class_list":["post-194021","post","type-post","status-publish","format-standard","has-post-thumbnail","category-svet","tag-archeologie","tag-chram","tag-izrael","tag-jeruzalem","tag-jeskyne","tag-policie","tag-starovek","tag-svet","tag-world","tag-world-news"],"share_on_mastodon":{"url":"https:\/\/pubeurope.com\/@cz\/117171105903950004","error":""},"_links":{"self":[{"href":"https:\/\/www.europesays.com\/cz\/wp-json\/wp\/v2\/posts\/194021","targetHints":{"allow":["GET"]}}],"collection":[{"href":"https:\/\/www.europesays.com\/cz\/wp-json\/wp\/v2\/posts"}],"about":[{"href":"https:\/\/www.europesays.com\/cz\/wp-json\/wp\/v2\/types\/post"}],"author":[{"embeddable":true,"href":"https:\/\/www.europesays.com\/cz\/wp-json\/wp\/v2\/users\/2"}],"replies":[{"embeddable":true,"href":"https:\/\/www.europesays.com\/cz\/wp-json\/wp\/v2\/comments?post=194021"}],"version-history":[{"count":0,"href":"https:\/\/www.europesays.com\/cz\/wp-json\/wp\/v2\/posts\/194021\/revisions"}],"wp:featuredmedia":[{"embeddable":true,"href":"https:\/\/www.europesays.com\/cz\/wp-json\/wp\/v2\/media\/194022"}],"wp:attachment":[{"href":"https:\/\/www.europesays.com\/cz\/wp-json\/wp\/v2\/media?parent=194021"}],"wp:term":[{"taxonomy":"category","embeddable":true,"href":"https:\/\/www.europesays.com\/cz\/wp-json\/wp\/v2\/categories?post=194021"},{"taxonomy":"post_tag","embeddable":true,"href":"https:\/\/www.europesays.com\/cz\/wp-json\/wp\/v2\/tags?post=194021"}],"curies":[{"name":"wp","href":"https:\/\/api.w.org\/{rel}","templated":true}]}}