{"id":194279,"date":"2026-08-28T11:30:11","date_gmt":"2026-08-28T11:30:11","guid":{"rendered":"https:\/\/www.europesays.com\/cz\/194279\/"},"modified":"2026-08-28T11:30:11","modified_gmt":"2026-08-28T11:30:11","slug":"francii-a-italii-se-prohnaly-supercely-padaly-osmicentimetrove-kroupy","status":"publish","type":"post","link":"https:\/\/www.europesays.com\/cz\/194279\/","title":{"rendered":"Franci\u00ed a\u00a0It\u00e1li\u00ed se prohnaly supercely. Padaly osmicentimetrov\u00e9 kroupy"},"content":{"rendered":"<p class=\"c_bB\">Velmi siln\u00e9 bou\u0159ky se ve \u010dtvrtek odpoledne a\u00a0ve\u010der vytvo\u0159ily nad Franci\u00ed. V\u00a0prost\u0159ed\u00ed s\u00a0vysokou konvektivn\u00ed energi\u00ed a\u00a0v\u00fdrazn\u00fdm st\u0159ihem v\u011btru vznikla \u0159ada supercel. Jedn\u00e1 se o\u00a0typ bou\u0159e s\u00a0rotuj\u00edc\u00ed vzestupnou \u010d\u00e1st\u00ed, kter\u00fd m\u016f\u017ee p\u0159in\u00e1\u0161et ni\u010div\u00e9 n\u00e1razy v\u011btru a\u00a0velk\u00e9 a\u017e ob\u0159\u00ed kroupy.<\/p>\n<p class=\"c_bB\">Podle den\u00edku <a data-dot=\"atm-link\" target=\"_blank\" rel=\"noopener nofollow\" href=\"https:\/\/www.estrepublicain.fr\/environnement\/2026\/08\/27\/la-grele-s-abat-brusquement-de-dole-a-besancon-la-region-en-vigilance-orange-cette-nuit\" class=\"c_I\">L&#8217;Est R\u00e9publicain<\/a> postupovala ve\u010der v\u00fdchodn\u00ed Franci\u00ed p\u0159es oblast kolem m\u011bsta Besan\u00e7on extr\u00e9mn\u011b siln\u00e1 bou\u0159ka. Hl\u00e1\u0161eny zde byly kroupy o\u00a0pr\u016fm\u011bru a\u017e kolem osmi centimetr\u016f. Na d\u00e1lnici A36\u00a0po\u0161kodily des\u00edtky vozidel.<\/p>\n<p lang=\"fr\" dir=\"ltr\">\ud83d\udd34 Catastrophe sur l\u2019A36 pr\u00e8s de <a href=\"https:\/\/x.com\/hashtag\/Besan%C3%A7on?src=hash&amp;ref_src=twsrc%5Etfw\" rel=\"nofollow\">#Besan\u00e7on<\/a> (25) o\u00f9 plusieurs milliers d\u2019automobilistes sont rest\u00e9s coinc\u00e9s sous l\u2019<a href=\"https:\/\/x.com\/hashtag\/orage?src=hash&amp;ref_src=twsrc%5Etfw\" rel=\"nofollow\">#orage<\/a> supercellulaire ce jeudi soir ! De nombreux v\u00e9hicules ont \u00e9t\u00e9 immobilis\u00e9s, en raison de pare-brises cribl\u00e9s de gr\u00ealons g\u00e9ants ! Images par cal_yunus_ \ud83d\udcf8 <a href=\"https:\/\/t.co\/SdhDLTc0ZQ\" rel=\"nofollow\">pic.twitter.com\/SdhDLTc0ZQ<\/a><\/p>\n<p>\u2014 M\u00e9t\u00e9o Franc-Comtoise (@MeteoFrComtoise) <a href=\"https:\/\/x.com\/MeteoFrComtoise\/status\/2093094356114706717?ref_src=twsrc%5Etfw\" rel=\"nofollow\">August 27, 2026<\/a><\/p>\n<p class=\"c_bB\">Bou\u0159ky p\u016fsobily \u0161kody tak\u00e9 severn\u011bji. Departementem Seine-et-Marne v\u00fdchodn\u011b od Pa\u0159\u00ed\u017ee se prohnala dal\u0161\u00ed v\u00fdrazn\u00e1 supercela. Meteorologick\u00e1 stanice v\u00a0Chevru zaznamenala <a data-dot=\"atm-link\" target=\"_blank\" rel=\"noopener nofollow\" href=\"https:\/\/actualite.lachainemeteo.com\/actualite-meteo\/2026-08-27\/suivi-orages-nombreux-orages-de-l-occitanie-au-nord-est-jusqu-en-fin-de-nuit-91756\" class=\"c_I\">n\u00e1raz v\u011btru o\u00a0rychlosti 142\u00a0km\/h<\/a>. Bou\u0159ky doprov\u00e1zela tak\u00e9 mimo\u0159\u00e1dn\u011b intenzivn\u00ed bleskov\u00e1 aktivita.<\/p>\n<p class=\"c_bB\">B\u011bhem noci se t\u011b\u017ei\u0161t\u011b bou\u0159kov\u00e9 aktivity p\u0159esunulo k\u00a0Alp\u00e1m a\u00a0nad severn\u00ed It\u00e1lii. Kr\u00e1tce p\u0159ed \u010dtvrtou hodinou rann\u00ed se jihoz\u00e1padn\u011b od Novary vytvo\u0159ila mohutn\u00e1 supercela, kter\u00e1 pot\u00e9 postupovala severn\u011b od Mil\u00e1na p\u0159es Lombardii. Z\u00a0oblasti p\u0159ich\u00e1zej\u00ed fotografie a\u00a0videa mimo\u0159\u00e1dn\u011b velk\u00fdch krup.<\/p>\n<p class=\"c_bB\">Obzvl\u00e1\u0161t\u011b siln\u00e9 krupobit\u00ed zas\u00e1hlo r\u00e1no provincii Brescia. Podle port\u00e1lu <a data-dot=\"atm-link\" target=\"_blank\" rel=\"noopener nofollow\" href=\"https:\/\/www.meteoweb.eu\/2026\/08\/nord-italia-flagellato-dal-maltempo-e-un-disastro-supercella-scatena-nubifragi-e-grandine-enorme-bresciano-crivellato-foto\/1001974896\" class=\"c_I\">MeteoWeb<\/a> n\u011bkter\u00e9 kroupy dosahovaly pr\u016fm\u011bru kolem deseti centimetr\u016f. Podle jin\u00fdch italsk\u00fdch m\u00e9di\u00ed m\u011bly kroupy p\u0159esahovat dokonce <a data-dot=\"atm-link\" target=\"_blank\" rel=\"noopener nofollow\" href=\"https:\/\/newsroom24.it\/notizia\/2026\/08\/28\/maltempo-brescia-grandine-gigante-allalba-chicchi-fino-a-12-centimetri-e-danni-alle-auto\" class=\"c_I\">12\u00a0centimetr\u016f<\/a>, tyto \u00fadaje v\u0161ak nejsou ov\u011b\u0159en\u00e9.<\/p>\n<p>Siln\u00e9 bou\u0159ky m\u00ed\u0159\u00ed i\u00a0do \u010ceska<\/p>\n<p class=\"c_bB\">Bou\u0159kov\u00e1 situace souvis\u00ed s\u00a0postupuj\u00edc\u00ed studenou frontou. B\u011bhem p\u00e1tku se riziko siln\u00fdch bou\u0159ek p\u0159esune d\u00e1le do st\u0159edn\u00ed Evropy a\u00a0bou\u0159ky zas\u00e1hnou tak\u00e9 \u010cesko. Meteorologov\u00e9 p\u0159ed nimi vydali <a data-dot=\"atm-link\" target=\"_blank\" rel=\"noopener nofollow\" href=\"https:\/\/vystrahy-cr.chmi.cz\/\" class=\"c_I\">v\u00fdstrahu<\/a>.<\/p>\n<p><img fetchpriority=\"high\" height=\"1066\"   width=\"1600\" src=\"https:\/\/www.europesays.com\/cz\/wp-content\/uploads\/2026\/08\/kroupy-krupobiti-celni-sklo.jpeg\" loading=\"eager\" decoding=\"sync\" class=\"c_t c_r\"\/>Foto: Hedvika Fialov\u00e1, Novinky<\/p>\n<p class=\"c_bB\">N\u00e1sledky krupobit\u00ed u\u00a0Bergama na severu It\u00e1lie<\/p>\n<p><a data-dot=\"atm-link\" target=\"_self\" href=\"https:\/\/www.novinky.cz\/clanek\/pocasi-cesko-zasahnou-silne-bourky-meteorologove-vydali-vystrahu-40594716\" class=\"c_I\" rel=\"nofollow noopener\"><img height=\"588\" width=\"1047\" src=\"https:\/\/www.europesays.com\/cz\/wp-content\/uploads\/2026\/08\/1787916611_419_bourky-chmu.jpeg\" loading=\"eager\" decoding=\"sync\" class=\"c_t c_r\"\/><\/a><script async src=\"https:\/\/platform.twitter.com\/widgets.js\" charset=\"utf-8\"><\/script><\/p>\n","protected":false},"excerpt":{"rendered":"Velmi siln\u00e9 bou\u0159ky se ve \u010dtvrtek odpoledne a\u00a0ve\u010der vytvo\u0159ily nad Franci\u00ed. V\u00a0prost\u0159ed\u00ed s\u00a0vysokou konvektivn\u00ed energi\u00ed a\u00a0v\u00fdrazn\u00fdm st\u0159ihem v\u011btru&hellip;\n","protected":false},"author":2,"featured_media":194280,"comment_status":"","ping_status":"","sticky":false,"template":"","format":"standard","meta":{"footnotes":"","_share_on_mastodon":"0"},"categories":[11],"tags":[3862,378,607,10795,255,10797,54,11416,53,52],"class_list":["post-194279","post","type-post","status-publish","format-standard","has-post-thumbnail","category-svet","tag-bourka","tag-francie","tag-italie","tag-kroupy-pocasi","tag-pocasi","tag-supercela","tag-svet","tag-vitr","tag-world","tag-world-news"],"share_on_mastodon":{"url":"https:\/\/pubeurope.com\/@cz\/117172910893284639","error":""},"_links":{"self":[{"href":"https:\/\/www.europesays.com\/cz\/wp-json\/wp\/v2\/posts\/194279","targetHints":{"allow":["GET"]}}],"collection":[{"href":"https:\/\/www.europesays.com\/cz\/wp-json\/wp\/v2\/posts"}],"about":[{"href":"https:\/\/www.europesays.com\/cz\/wp-json\/wp\/v2\/types\/post"}],"author":[{"embeddable":true,"href":"https:\/\/www.europesays.com\/cz\/wp-json\/wp\/v2\/users\/2"}],"replies":[{"embeddable":true,"href":"https:\/\/www.europesays.com\/cz\/wp-json\/wp\/v2\/comments?post=194279"}],"version-history":[{"count":0,"href":"https:\/\/www.europesays.com\/cz\/wp-json\/wp\/v2\/posts\/194279\/revisions"}],"wp:featuredmedia":[{"embeddable":true,"href":"https:\/\/www.europesays.com\/cz\/wp-json\/wp\/v2\/media\/194280"}],"wp:attachment":[{"href":"https:\/\/www.europesays.com\/cz\/wp-json\/wp\/v2\/media?parent=194279"}],"wp:term":[{"taxonomy":"category","embeddable":true,"href":"https:\/\/www.europesays.com\/cz\/wp-json\/wp\/v2\/categories?post=194279"},{"taxonomy":"post_tag","embeddable":true,"href":"https:\/\/www.europesays.com\/cz\/wp-json\/wp\/v2\/tags?post=194279"}],"curies":[{"name":"wp","href":"https:\/\/api.w.org\/{rel}","templated":true}]}}