{"id":194285,"date":"2026-08-28T11:33:13","date_gmt":"2026-08-28T11:33:13","guid":{"rendered":"https:\/\/www.europesays.com\/cz\/194285\/"},"modified":"2026-08-28T11:33:13","modified_gmt":"2026-08-28T11:33:13","slug":"valecny-zlocinec-mladic-bude-mit-v-srbsku-statni-pohreb","status":"publish","type":"post","link":"https:\/\/www.europesays.com\/cz\/194285\/","title":{"rendered":"V\u00e1le\u010dn\u00fd zlo\u010dinec Mladi\u0107 bude m\u00edt v\u00a0Srbsku st\u00e1tn\u00ed poh\u0159eb"},"content":{"rendered":"<p class=\"c_bB\">Mladi\u0107 zem\u0159el ve \u010dtvrtek ve v\u011bzen\u00ed v\u00a0nizozemsk\u00e9m Haagu, kde si odpyk\u00e1val trest do\u017eivotn\u00edho v\u011bzen\u00ed za v\u00e1le\u010dn\u00e9 zlo\u010diny, genocidu a\u00a0zlo\u010diny proti lidskosti. <\/p>\n<p class=\"c_bB\">Bosenskosrbsk\u00fd gener\u00e1l velel b\u011bhem v\u00e1lek v\u00a0Chorvatsku a\u00a0Bosn\u011b a\u00a0Hercegovin\u011b \u0159ad\u011b kl\u00ed\u010dov\u00fdm operac\u00edm, nesl mimo jin\u00e9 odpov\u011bdnost za ost\u0159elov\u00e1n\u00ed Sarajeva, zn\u00e1sil\u0148ov\u00e1n\u00ed bosensk\u00fdch \u017een nebo za masakr ve Srebrenici. <\/p>\n<p class=\"c_bB\">B\u011blehrad i\u00a0Mladi\u010dova rodina d\u0159\u00edve \u017e\u00e1daly gener\u00e1lovo propu\u0161t\u011bn\u00ed ze zdravotn\u00edch d\u016fvod\u016f, ale \u017e\u00e1dost byla zam\u00edtnuta s\u00a0od\u016fvodn\u011bn\u00edm, \u017ee v\u011bze\u0148 m\u00e1 p\u0159\u00edstup k\u00a0\u0159\u00e1dn\u00e9 l\u00e9ka\u0159sk\u00e9 p\u00e9\u010di. Mladi\u010d\u016fv advok\u00e1t Dragan Iveti\u0107 podle agentury Reuters uvedl, \u017ee jeho klient posledn\u00ed m\u011bs\u00edce str\u00e1vil na nemocni\u010dn\u00edm odd\u011blen\u00ed v\u011bznice, ale p\u0159\u00ed\u010dinu \u00famrt\u00ed neup\u0159esnil. Srbsk\u00fd ministr spravedlnosti Vuji\u0107 podle serveru <a data-dot=\"atm-link\" target=\"_blank\" rel=\"noopener nofollow\" href=\"https:\/\/balkaninsight.com\/2026\/08\/27\/ratko-mladic-convicted-bosnian-serb-war-criminal-has-died-reports\/btj\/\" class=\"c_I\">Balkan Insight<\/a> \u0159ekl, \u017ee jeho resort se postar\u00e1 o\u00a0p\u0159evoz Mladi\u010dova t\u011bla do Srbska.<\/p>\n<p><a data-dot=\"atm-link\" target=\"_self\" href=\"https:\/\/www.novinky.cz\/clanek\/zahranicni-evropa-zemrel-ratko-mladic-40594797\" class=\"c_I\" rel=\"nofollow noopener\"><img fetchpriority=\"high\" height=\"1012\" width=\"1800\" src=\"https:\/\/www.europesays.com\/cz\/wp-content\/uploads\/2026\/08\/1787916792_57_ratko-mladic.jpeg\" loading=\"eager\" decoding=\"sync\" class=\"c_t c_r\"\/><\/a><\/p>\n<p class=\"c_bB\">Mechanismus OSN pro mezin\u00e1rodn\u00ed trestn\u00ed tribun\u00e1ly ve sv\u00e9m prohl\u00e1\u0161en\u00ed uvedl, \u017ee jeho p\u0159edsedkyn\u011b Graciela Gattiov\u00e1 Santanaov\u00e1 na\u0159\u00eddila vy\u0161et\u0159ov\u00e1n\u00ed okolnost\u00ed Mladi\u010dova \u00famrt\u00ed a\u00a0nizozemsk\u00e9 \u00fa\u0159ady zah\u00e1jily standardn\u00ed \u0161et\u0159en\u00ed vy\u017eadovan\u00e9 z\u00e1kony zem\u011b.<\/p>\n<p>Odsouzen za masakry. Pro mnoho Srb\u016f hrdina<\/p>\n<p class=\"c_bB\">Mladi\u0107 je pova\u017eov\u00e1n za jednoho z\u00a0hlavn\u00edch akt\u00e9r\u016f krvav\u00fdch etnick\u00fdch \u010distek prov\u00e1zej\u00edc\u00edch v\u00e1lku v\u00a0mnohon\u00e1rodnostn\u00ed Bosn\u011b, kter\u00e1 si vy\u017e\u00e1dala kolem 100\u00a0tis\u00edc lidsk\u00fdch \u017eivot\u016f. Zhruba 2,2\u00a0milionu lid\u00ed bylo vyhn\u00e1no z\u00a0domov\u016f nebo bylo nuceno je opustit. Nicm\u00e9n\u011b mnoho Srb\u016f ho nep\u0159estalo chovat v\u00a0\u00fact\u011b.<\/p>\n<p class=\"c_bB\">Mladi\u010dovu pam\u00e1tku uctili Srbov\u00e9 v\u00a0n\u011bkolika m\u011bstech a\u00a0chr\u00e1mech Republiky srbsk\u00e9, kter\u00e1 je sou\u010d\u00e1st\u00ed Bosny a\u00a0Hercegoviny. Premi\u00e9r Savo Mini\u0107 uvedl, \u017ee hovo\u0159il s\u00a0poz\u016fstal\u00fdmi a\u00a0vyj\u00e1d\u0159il l\u00edtost nad t\u00edm, \u017ee neusp\u011bly snahy o\u00a0d\u016fstojn\u00e9 ukon\u010den\u00ed Mladi\u0107ov\u00fdch posledn\u00edch dn\u016f. <\/p>\n<p class=\"c_bB\">\u201eTo v\u0161e n\u00e1s vr\u00e1tilo do dob, kdy haagsk\u00fd tribun\u00e1l zat\u00fdkal Srby, kdekoli mohl. Pokud vezmeme v\u00a0\u00favahu roky, na kter\u00e9 byli odsouzeni, a\u00a0pak se pod\u00edv\u00e1me na p\u0159\u00edslu\u0161n\u00edky jin\u00fdch n\u00e1rod\u016f, uv\u011bdom\u00edme si, jak jednostrann\u00e9 to bylo a\u00a0jak velk\u00e1 to byla nespravedlnost,\u201c \u0159ekl Mini\u0107 novin\u00e1\u0159\u016fm podle NIN.<\/p>\n<p class=\"c_bB\">Po v\u00e1lce Mladi\u0107 roky unikal spravedlnosti. Zat\u010den byl v\u00a0roce 2011\u00a0na severu Srbska a\u00a0nedlouho pot\u00e9 vyd\u00e1n Mezin\u00e1rodn\u00edmu trestn\u00edmu tribun\u00e1lu pro b\u00fdvalou Jugosl\u00e1vii (ICTY). Ten ho v\u00a0roce 2017\u00a0odsoudil na do\u017eivot\u00ed za \u0159adu zlo\u010din\u016f, mimo jin\u00e9 za genocidu v\u00a0souvislosti s\u00a0masakrem ve Srebrenici, za terorizov\u00e1n\u00ed civilist\u016f p\u0159i obl\u00e9h\u00e1n\u00ed Sarajeva, za zlo\u010diny proti lidskosti a\u00a0za etnick\u00e9 \u010distky v\u00a0\u0159ad\u00e1ch bosensk\u00fdch Muslim\u016f (dnes Bos\u0148\u00e1k\u016f) a\u00a0bosensk\u00fdch Chorvat\u016f b\u011bhem v\u00e1lky v\u00a0Bosn\u011b v\u00a0letech 1992\u00a0a\u017e 1995.\u00a0V\u00a0roce 2021\u00a0Mechanismus OSN pro mezin\u00e1rodn\u00ed trestn\u00ed tribun\u00e1ly po Mladi\u010dov\u011b odvol\u00e1n\u00ed trest potvrdil.<\/p>\n<p class=\"c_bB\">Ve Srebrenici v\u00a0\u010dervenci 1995\u00a0bosenskosrb\u0161t\u00ed voj\u00e1ci pod Mladi\u010dov\u00fdm veden\u00edm povra\u017edili 8000\u00a0muslim\u016f &#8211; tento masakr je ozna\u010dov\u00e1n za nejhor\u0161\u00ed v\u00a0Evrop\u011b od druh\u00e9 sv\u011btov\u00e9 v\u00e1lky. Obl\u00e9h\u00e1n\u00ed Sarajeva trvalo 44\u00a0m\u011bs\u00edc\u016f a\u00a0podle ofici\u00e1ln\u00edch bosensk\u00fdch \u00fadaj\u016f bylo ve m\u011bst\u011b zabito v\u00edce ne\u017e 11\u00a0500\u00a0lid\u00ed, v\u010detn\u011b n\u011bkolika stovek d\u011bt\u00ed.<\/p>\n<p><a data-dot=\"atm-link\" target=\"_self\" href=\"https:\/\/www.novinky.cz\/clanek\/zahranicni-evropa-genocida-a-vyhlazovani-bosensky-reznik-mladic-dostal-v-haagu-dozivoti-40052508\" class=\"c_I\" rel=\"nofollow noopener\"><img height=\"450\" width=\"800\" src=\"https:\/\/www.europesays.com\/cz\/wp-content\/uploads\/2026\/08\/MBVBdoz.jpeg\" loading=\"eager\" decoding=\"sync\" class=\"c_t c_r\"\/><\/a><\/p>\n","protected":false},"excerpt":{"rendered":"Mladi\u0107 zem\u0159el ve \u010dtvrtek ve v\u011bzen\u00ed v\u00a0nizozemsk\u00e9m Haagu, kde si odpyk\u00e1val trest do\u017eivotn\u00edho v\u011bzen\u00ed za v\u00e1le\u010dn\u00e9 zlo\u010diny, genocidu&hellip;\n","protected":false},"author":2,"featured_media":194286,"comment_status":"","ping_status":"","sticky":false,"template":"","format":"standard","meta":{"footnotes":"","_share_on_mastodon":"0"},"categories":[3],"tags":[16428,109,108,106,44759,3193,1847],"class_list":["post-194285","post","type-post","status-publish","format-standard","has-post-thumbnail","category-evropa","tag-bosna-a-hercegovina","tag-europa","tag-europe","tag-evropa","tag-ratko-mladic","tag-srbsko","tag-valecne-zlociny"],"share_on_mastodon":{"url":"https:\/\/pubeurope.com\/@cz\/117172922300382853","error":""},"_links":{"self":[{"href":"https:\/\/www.europesays.com\/cz\/wp-json\/wp\/v2\/posts\/194285","targetHints":{"allow":["GET"]}}],"collection":[{"href":"https:\/\/www.europesays.com\/cz\/wp-json\/wp\/v2\/posts"}],"about":[{"href":"https:\/\/www.europesays.com\/cz\/wp-json\/wp\/v2\/types\/post"}],"author":[{"embeddable":true,"href":"https:\/\/www.europesays.com\/cz\/wp-json\/wp\/v2\/users\/2"}],"replies":[{"embeddable":true,"href":"https:\/\/www.europesays.com\/cz\/wp-json\/wp\/v2\/comments?post=194285"}],"version-history":[{"count":0,"href":"https:\/\/www.europesays.com\/cz\/wp-json\/wp\/v2\/posts\/194285\/revisions"}],"wp:featuredmedia":[{"embeddable":true,"href":"https:\/\/www.europesays.com\/cz\/wp-json\/wp\/v2\/media\/194286"}],"wp:attachment":[{"href":"https:\/\/www.europesays.com\/cz\/wp-json\/wp\/v2\/media?parent=194285"}],"wp:term":[{"taxonomy":"category","embeddable":true,"href":"https:\/\/www.europesays.com\/cz\/wp-json\/wp\/v2\/categories?post=194285"},{"taxonomy":"post_tag","embeddable":true,"href":"https:\/\/www.europesays.com\/cz\/wp-json\/wp\/v2\/tags?post=194285"}],"curies":[{"name":"wp","href":"https:\/\/api.w.org\/{rel}","templated":true}]}}