{"id":194295,"date":"2026-08-28T11:39:16","date_gmt":"2026-08-28T11:39:16","guid":{"rendered":"https:\/\/www.europesays.com\/cz\/194295\/"},"modified":"2026-08-28T11:39:16","modified_gmt":"2026-08-28T11:39:16","slug":"novinar-parlamentnich-listu-velebil-strujce-genocidy-mladice-resi-to-policie","status":"publish","type":"post","link":"https:\/\/www.europesays.com\/cz\/194295\/","title":{"rendered":"Novin\u00e1\u0159 Parlamentn\u00edch list\u016f velebil str\u016fjce genocidy Mladi\u0107e. \u0158e\u0161\u00ed to policie"},"content":{"rendered":"<p class=\"e_bX\">Z\u00e1stupce \u0161\u00e9fredaktora Parlamentn\u00edch list\u016f Radim Panenka na soci\u00e1ln\u00edch s\u00edt\u00edch napsal p\u0159\u00edsp\u011bvek, v\u00a0n\u011bm\u017e h\u00e1j\u00ed n\u011bkdej\u0161\u00edho vojensk\u00e9ho velitele bosensk\u00fdch Srb\u016f Ratka Mladi\u0107e. Novin\u00e1\u0159 ve statusu rovn\u011b\u017e zpochyb\u0148uje rozhodnut\u00ed Mezin\u00e1rodn\u00edho trestn\u00edho tribun\u00e1lu pro b\u00fdvalou Jugosl\u00e1vii, kter\u00fd Mladi\u0107e v\u00a0roce 2017\u00a0odsoudil na do\u017eivot\u00ed za sp\u00e1ch\u00e1n\u00ed v\u00e1le\u010dn\u00fdch zlo\u010din\u016f, zlo\u010din\u016f proti lidskosti a\u00a0genocidy. Rozsudek Panenka ozna\u010dil za zpolitizovan\u00fd a\u00a0proces za nespravedliv\u00fd.<\/p>\n<p class=\"e_bX\">\u201eGener\u00e1l Mladi\u0107 miloval svou zemi a\u00a0sv\u016fj n\u00e1rod, kter\u00e9mu cel\u00fd \u017eivot slou\u017eil. Nakonec za n\u011bj polo\u017eil i\u00a0sv\u016fj \u017eivot. Tomuto vojensk\u00e9mu velik\u00e1novi jsou z\u00e1padn\u00edmi (i \u010desk\u00fdmi) m\u00e9dii p\u0159ipisov\u00e1ny \u010diny, kter\u00fdch se nikdy nedopustil,\u201c napsal Panenka s\u00a0t\u00edm, \u017ee Mladi\u0107 \u201ezachr\u00e1nil srbsk\u00fd n\u00e1rod v\u00a0Bosn\u011b p\u0159ed genocidou\u201c. <\/p>\n<p><img fetchpriority=\"high\" height=\"1199\"   width=\"1800\" src=\"https:\/\/www.europesays.com\/cz\/wp-content\/uploads\/2026\/08\/radim-panenka.jpeg\" loading=\"eager\" decoding=\"sync\" class=\"e_aa e_Z\"\/>Foto: Profimedia.cz<\/p>\n<p class=\"e_bX\">Novin\u00e1\u0159 Radim Panenka.<\/p>\n<p class=\"e_bX\">\u201eJako voj\u00e1k p\u0159\u00edsahal, \u017ee bude br\u00e1nit svou zemi za v\u0161ech okolnost\u00ed. To splnil beze zbytku. \u201aJe snad zlo\u010din, \u017ee jsem br\u00e1nil sv\u016fj n\u00e1rod?\u2018 \u0159\u00edkal,\u201c stoj\u00ed v\u00a0Panenkov\u011b p\u0159\u00edsp\u011bvku s\u00a0\u010dernob\u00edlou fotkou zesnul\u00e9ho gener\u00e1la.<\/p>\n<p class=\"e_bX\">Pot\u00e9, co n\u011bkte\u0159\u00ed u\u017eivatel\u00e9 facebooku za\u010dali Panenku obvi\u0148ovat z\u00a0toho, \u017ee sv\u00fdm vyj\u00e1d\u0159en\u00edm zleh\u010duje genocidu, si jeho statusu v\u0161imla policie. \u201eP\u0159\u00edsp\u011bvek jsme zaregistrovali a\u00a0zab\u00fdv\u00e1me se j\u00edm. Budeme vyhodnocovat p\u0159edev\u0161\u00edm to, jestli autor zleh\u010dov\u00e1n\u00edm genocidy nenaplnil skutkovou podstatu n\u011bkter\u00fdch\u00a0trestn\u00fdch \u010din\u016f,\u201c uvedl pro redakci Seznam Zpr\u00e1v mluv\u010d\u00ed Policie \u010cR Jakub Vin\u010d\u00e1lek.<\/p>\n<p class=\"e_bX\">Panenka tvrd\u00ed, \u017ee \u017e\u00e1dn\u00fd trestn\u00fd \u010din nebo p\u0159\u00edmo genocidu neschvaloval nebo nezleh\u010doval. \u201eVyj\u00e1d\u0159il jsem hlavn\u011b pocity a\u00a0dojmy, kter\u00e9 vych\u00e1zej\u00ed z\u00a0rozhovor\u016f o\u00a0Ratku Madi\u0107ovi s\u00a0m\u00fdmi srbsk\u00fdmi p\u0159\u00e1teli,\u201c napsal Seznam Zpr\u00e1v\u00e1m. Dodal, \u017ee pochybnosti o\u00a0spravedlnosti rozsudku panuj\u00ed tak\u00e9 v\u00a0Srbsku.<\/p>\n<p class=\"e_bX\">Novin\u00e1\u0159 z\u00a0Parlamentn\u00edch list\u016f z\u00e1rove\u0148 zd\u016fraznil, \u017ee pochybovat o\u00a0jak\u00e9mkoliv rozsudku nen\u00ed trestn\u00fdm \u010dinem. \u201eSchvalov\u00e1n\u00ed by se dopustil ten, kdo by genocidu jako takovou podporoval nebo schvaloval slovem nebo p\u00edsmem. O\u00a0tom v\u00a0\u017e\u00e1dn\u00e9 p\u0159\u00edpad\u011b nem\u016f\u017ee b\u00fdt \u0159e\u010d,\u201c tvrd\u00ed Panenka.<\/p>\n<p>Jak zn\u00ed z\u00e1kon o\u00a0zpochyb\u0148ov\u00e1n\u00ed genocidy<\/p>\n<p class=\"e_bX\">Kdo ve\u0159ejn\u011b pop\u00edr\u00e1, zpochyb\u0148uje, schvaluje nebo se sna\u017e\u00ed ospravedlnit nacistick\u00e9, komunistick\u00e9 nebo jin\u00e9 genocidium nebo nacistick\u00e9, komunistick\u00e9 nebo jin\u00e9 zlo\u010diny proti lidskosti nebo v\u00e1le\u010dn\u00e9 zlo\u010diny nebo zlo\u010diny proti m\u00edru, bude potrest\u00e1n odn\u011bt\u00edm svobody na \u0161est m\u011bs\u00edc\u016f a\u017e t\u0159i l\u00e9ta.<\/p>\n<p class=\"e_bX\">Zdroj: \u00a7 405\u00a0trestn\u00edho z\u00e1kon\u00edku\u00a0\u2013 Pop\u00edr\u00e1n\u00ed, zpochyb\u0148ov\u00e1n\u00ed, schvalov\u00e1n\u00ed a\u00a0ospravedl\u0148ov\u00e1n\u00ed genocidia<\/p>\n<p class=\"e_bX\">\u010cty\u0159iaosmdes\u00e1tilet\u00fd Ratko Mladi\u0107 zem\u0159el ve \u010dtvrtek ve v\u011bzen\u00ed v\u00a0nizozemsk\u00e9m Haagu, kde si odpyk\u00e1val sv\u016fj do\u017eivotn\u00ed trest za \u0159adu zlo\u010din\u016f, mimo jin\u00e9 za genocidu v\u00a0souvislosti s\u00a0masakrem ve Srebrenici, za terorizov\u00e1n\u00ed civilist\u016f p\u0159i obl\u00e9h\u00e1n\u00ed Sarajeva, za zlo\u010diny proti lidskosti a\u00a0za etnick\u00e9 \u010distky bosensk\u00fdch muslim\u016f a\u00a0bosensk\u00fdch Chorvat\u016f b\u011bhem v\u00e1lky v\u00a0b\u00fdval\u00e9 Jugosl\u00e1vii.<\/p>\n<p class=\"e_bX\">Ve Srebrenici v\u00a0\u010dervenci 1995\u00a0bosenskosrb\u0161t\u00ed voj\u00e1ci pod Mladi\u0107ov\u00fdm veden\u00edm povra\u017edili 8000\u00a0Muslim\u016f\u00a0\u2013 tento masakr je ozna\u010dov\u00e1n za nejhor\u0161\u00ed v\u00a0Evrop\u011b od druh\u00e9 sv\u011btov\u00e9 v\u00e1lky. Obl\u00e9h\u00e1n\u00ed Sarajeva trvalo 44\u00a0m\u011bs\u00edc\u016f a\u00a0podle ofici\u00e1ln\u00edch bosensk\u00fdch \u00fadaj\u016f bylo ve m\u011bst\u011b zabito v\u00edce ne\u017e 11\u00a0500\u00a0lid\u00ed, v\u010detn\u011b n\u011bkolika stovek d\u011bt\u00ed.<\/p>\n<p class=\"e_bX\">Srbsk\u00e1 vl\u00e1da mezit\u00edm ozn\u00e1mila, \u017ee Ratko Mladi\u0107 bude poh\u0159ben s\u00a0nejvy\u0161\u0161\u00edmi vojensk\u00fdmi a\u00a0st\u00e1tn\u00edmi poctami. B\u011blehrad i\u00a0gener\u00e1lova rodina d\u0159\u00edve \u017e\u00e1daly gener\u00e1lovo propu\u0161t\u011bn\u00ed ze zdravotn\u00edch d\u016fvod\u016f, ale \u017e\u00e1dost byla zam\u00edtnuta s\u00a0od\u016fvodn\u011bn\u00edm, \u017ee v\u011bze\u0148 m\u00e1 p\u0159\u00edstup k\u00a0\u0159\u00e1dn\u00e9 l\u00e9ka\u0159sk\u00e9 p\u00e9\u010di.<\/p>\n<p><a data-dot=\"mol-article-card-media\" aria-hidden=\"true\" tabindex=\"-1\" href=\"https:\/\/www.seznamzpravy.cz\/clanek\/zahranicni-mladic-zemrel-kult-zustava-pro-cast-srbu-je-stale-hrdinou-rika-historik-314059\" class=\"e_n f_l8\" rel=\"nofollow noopener\" target=\"_blank\"><img height=\"772\"   width=\"1373\" src=\"https:\/\/www.europesays.com\/cz\/wp-content\/uploads\/2026\/08\/mladic.jpeg\" loading=\"eager\" decoding=\"sync\" class=\"e_aa e_Z\"\/><\/a><\/p>\n<p class=\"e_bX\">K novin\u00e1\u0159ovu statusu se vyj\u00e1d\u0159ila tak\u00e9 velvyslankyn\u011b Bosny a\u00a0Hercegoviny v\u00a0\u010cesku. \u201eJsme zd\u011b\u0161eni postoji R. Panenky v\u00a0souvislosti se smrt\u00ed odsouzen\u00e9ho v\u00e1le\u010dn\u00e9ho zlo\u010dince Mladi\u0107e. Oslavov\u00e1n\u00ed v\u00e1le\u010dn\u00fdch zlo\u010dinc\u016f je v\u00a0demokratick\u00e9 spole\u010dnosti nep\u0159ijateln\u00e9,\u201c <a data-dot=\"atm-link\" target=\"_blank\" rel=\"noopener nofollow\" href=\"https:\/\/x.com\/MartinaMlinare1\/status\/2093101095971172687?s=20\" class=\"e_n\">reagovala<\/a> na soci\u00e1ln\u00ed s\u00edti X Martina Mlinarevi\u0107ov\u00e1. Na z\u00e1v\u011br p\u0159\u00edsp\u011bvku vyj\u00e1d\u0159ila vd\u011bk \u010cech\u016fm, kte\u0159\u00ed souc\u00edt\u00ed s\u00a0ob\u011b\u0165mi genocidy a\u00a0p\u0159e\u017eiv\u0161\u00edmi ze srebrenick\u00e9ho masakru.<\/p>\n<p class=\"e_bX\">Radim Panenka krom\u011b p\u016fsoben\u00ed v\u00a0Parlamentn\u00edch listech napsal n\u011bkolik knih, je nap\u0159\u00edklad spoluautorem publikace o\u00a0Milo\u0161i Zemanovi s\u00a0n\u00e1zvem Spiknut\u00ed: Pravda o\u00a0pokusu odstranit prezidenta \u010cR. Od roku 2021\u00a0je tak\u00e9 p\u0159edsedou \u010cesko-srbsk\u00e9 asociace vz\u00e1jemn\u00e9 spolupr\u00e1ce.<\/p>\n<p class=\"e_bX\">AKTUALIZACE: Text jsme doplnili v\u00a0cel\u00e9m rozsahu.<\/p>\n","protected":false},"excerpt":{"rendered":"Z\u00e1stupce \u0161\u00e9fredaktora Parlamentn\u00edch list\u016f Radim Panenka na soci\u00e1ln\u00edch s\u00edt\u00edch napsal p\u0159\u00edsp\u011bvek, v\u00a0n\u011bm\u017e h\u00e1j\u00ed n\u011bkdej\u0161\u00edho vojensk\u00e9ho velitele bosensk\u00fdch Srb\u016f&hellip;\n","protected":false},"author":2,"featured_media":194296,"comment_status":"","ping_status":"","sticky":false,"template":"","format":"standard","meta":{"footnotes":"","_share_on_mastodon":"0"},"categories":[11],"tags":[1891,325,44759,54,53,52],"class_list":["post-194295","post","type-post","status-publish","format-standard","has-post-thumbnail","category-svet","tag-genocida","tag-policie","tag-ratko-mladic","tag-svet","tag-world","tag-world-news"],"share_on_mastodon":{"url":"https:\/\/pubeurope.com\/@cz\/117172946287596835","error":""},"_links":{"self":[{"href":"https:\/\/www.europesays.com\/cz\/wp-json\/wp\/v2\/posts\/194295","targetHints":{"allow":["GET"]}}],"collection":[{"href":"https:\/\/www.europesays.com\/cz\/wp-json\/wp\/v2\/posts"}],"about":[{"href":"https:\/\/www.europesays.com\/cz\/wp-json\/wp\/v2\/types\/post"}],"author":[{"embeddable":true,"href":"https:\/\/www.europesays.com\/cz\/wp-json\/wp\/v2\/users\/2"}],"replies":[{"embeddable":true,"href":"https:\/\/www.europesays.com\/cz\/wp-json\/wp\/v2\/comments?post=194295"}],"version-history":[{"count":0,"href":"https:\/\/www.europesays.com\/cz\/wp-json\/wp\/v2\/posts\/194295\/revisions"}],"wp:featuredmedia":[{"embeddable":true,"href":"https:\/\/www.europesays.com\/cz\/wp-json\/wp\/v2\/media\/194296"}],"wp:attachment":[{"href":"https:\/\/www.europesays.com\/cz\/wp-json\/wp\/v2\/media?parent=194295"}],"wp:term":[{"taxonomy":"category","embeddable":true,"href":"https:\/\/www.europesays.com\/cz\/wp-json\/wp\/v2\/categories?post=194295"},{"taxonomy":"post_tag","embeddable":true,"href":"https:\/\/www.europesays.com\/cz\/wp-json\/wp\/v2\/tags?post=194295"}],"curies":[{"name":"wp","href":"https:\/\/api.w.org\/{rel}","templated":true}]}}