{"id":194301,"date":"2026-08-28T11:42:12","date_gmt":"2026-08-28T11:42:12","guid":{"rendered":"https:\/\/www.europesays.com\/cz\/194301\/"},"modified":"2026-08-28T11:42:12","modified_gmt":"2026-08-28T11:42:12","slug":"viktor-orban-se-stahl-z-verejneho-zivota","status":"publish","type":"post","link":"https:\/\/www.europesays.com\/cz\/194301\/","title":{"rendered":"Viktor Orb\u00e1n se st\u00e1hl z\u00a0ve\u0159ejn\u00e9ho \u017eivota"},"content":{"rendered":"<p class=\"c_bB\">Politolo\u017eka Andrea Vir\u00e1gov\u00e1 pro web <a data-dot=\"atm-link\" target=\"_blank\" rel=\"noopener nofollow\" href=\"https:\/\/nepszava.hu\/3331594_orban-viktor-fidesz-horvatorszag-nyaralas-virag-andrea\" class=\"c_I\">nepszava.hu<\/a> vyj\u00e1d\u0159ila p\u0159esv\u011bd\u010den\u00ed, \u017ee Orb\u00e1n u\u017e nep\u0159em\u00fd\u0161l\u00ed o\u00a0n\u00e1vratu, ale o\u00a0tom, komu postupn\u011b p\u0159ed\u00e1 \u0161tafetu.<\/p>\n<p class=\"c_bB\">\u201eA\u010dkoli \u010dervnov\u00fd sjezd strany Fidesz op\u011btovn\u011b potvrdil Orb\u00e1na ve funkci p\u0159edsedy, nen\u00ed jasn\u00e9, kdo v\u00a0sou\u010dasn\u00e9 dob\u011b stranu vede,\u201c poznamenal web.<\/p>\n<p class=\"c_bB\">Vir\u00e1gov\u00e1 se domn\u00edv\u00e1, \u017ee Fidesz nen\u00ed v\u00a0dobr\u00e9 kondici a\u00a0nebyla vymy\u0161lena strategie strany pro p\u0159\u00edpad volebn\u00ed por\u00e1\u017eky. T\u0159ia\u0161edes\u00e1tilet\u00fd Orb\u00e1n po dubnov\u00e9 por\u00e1\u017ece p\u0159iznal, \u017ee bojuje s\u00a0\u00fanavou, bolest\u00ed a\u00a0pr\u00e1zdnotou.  <\/p>\n<p class=\"c_bB\">Orb\u00e1n po volb\u00e1ch nep\u0159evzal sv\u016fj poslaneck\u00fd mand\u00e1t a\u00a0v nov\u00e9m parlament\u011b m\u011bli dr\u017eet vlajku Fideszu p\u0159edev\u0161\u00edm b\u00fdval\u00ed minist\u0159i P\u00e9ter Szijj\u00e1rt\u00f3, J\u00e1nos L\u00e1z\u00e1r a\u00a0Gergely Guly\u00e1s. Szijj\u00e1rt\u00f3 a\u00a0L\u00e1z\u00e1r se v\u0161ak po n\u011bkolika t\u00fddnech vzdali mand\u00e1tu a\u00a0Guly\u00e1s se vzdal funkce poslaneck\u00e9 frakce Fideszu.<\/p>\n<p class=\"c_bB\">V dubnov\u00fdch parlamentn\u00edch volb\u00e1ch drtiv\u011b zv\u00edt\u011bzila strana Tisza a\u00a0nov\u00fdm ma\u010farsk\u00fdm premi\u00e9rem se stal P\u00e9ter Magyar. Ukon\u010dil tak \u0161estn\u00e1ctilet\u00e9 obdob\u00ed Orb\u00e1nov\u00fdch vl\u00e1d.<\/p>\n<p><a data-dot=\"atm-link\" target=\"_self\" href=\"https:\/\/www.novinky.cz\/clanek\/zahranicni-evropa-orban-se-v-emotivnim-rozhovoru-sveril-se-svymi-pocity-po-prohranych-volbach-40574081\" class=\"c_I\" rel=\"nofollow noopener\"><img fetchpriority=\"high\" height=\"1080\" width=\"1920\" src=\"https:\/\/www.europesays.com\/cz\/wp-content\/uploads\/2026\/08\/orban-madarsko-unava-smutek-reakce-volby.jpeg\" loading=\"eager\" decoding=\"sync\" class=\"c_t c_r\"\/><\/a><\/p>\n","protected":false},"excerpt":{"rendered":"Politolo\u017eka Andrea Vir\u00e1gov\u00e1 pro web nepszava.hu vyj\u00e1d\u0159ila p\u0159esv\u011bd\u010den\u00ed, \u017ee Orb\u00e1n u\u017e nep\u0159em\u00fd\u0161l\u00ed o\u00a0n\u00e1vratu, ale o\u00a0tom, komu postupn\u011b p\u0159ed\u00e1&hellip;\n","protected":false},"author":2,"featured_media":194302,"comment_status":"","ping_status":"","sticky":false,"template":"","format":"standard","meta":{"footnotes":"","_share_on_mastodon":"0"},"categories":[3],"tags":[109,108,106,2818,796,799],"class_list":["post-194301","post","type-post","status-publish","format-standard","has-post-thumbnail","category-evropa","tag-europa","tag-europe","tag-evropa","tag-fidesz-madarska-obcanska-unie","tag-madarsko","tag-viktor-orban"],"share_on_mastodon":{"url":"https:\/\/pubeurope.com\/@cz\/117172958009752752","error":""},"_links":{"self":[{"href":"https:\/\/www.europesays.com\/cz\/wp-json\/wp\/v2\/posts\/194301","targetHints":{"allow":["GET"]}}],"collection":[{"href":"https:\/\/www.europesays.com\/cz\/wp-json\/wp\/v2\/posts"}],"about":[{"href":"https:\/\/www.europesays.com\/cz\/wp-json\/wp\/v2\/types\/post"}],"author":[{"embeddable":true,"href":"https:\/\/www.europesays.com\/cz\/wp-json\/wp\/v2\/users\/2"}],"replies":[{"embeddable":true,"href":"https:\/\/www.europesays.com\/cz\/wp-json\/wp\/v2\/comments?post=194301"}],"version-history":[{"count":0,"href":"https:\/\/www.europesays.com\/cz\/wp-json\/wp\/v2\/posts\/194301\/revisions"}],"wp:featuredmedia":[{"embeddable":true,"href":"https:\/\/www.europesays.com\/cz\/wp-json\/wp\/v2\/media\/194302"}],"wp:attachment":[{"href":"https:\/\/www.europesays.com\/cz\/wp-json\/wp\/v2\/media?parent=194301"}],"wp:term":[{"taxonomy":"category","embeddable":true,"href":"https:\/\/www.europesays.com\/cz\/wp-json\/wp\/v2\/categories?post=194301"},{"taxonomy":"post_tag","embeddable":true,"href":"https:\/\/www.europesays.com\/cz\/wp-json\/wp\/v2\/tags?post=194301"}],"curies":[{"name":"wp","href":"https:\/\/api.w.org\/{rel}","templated":true}]}}