{"id":194323,"date":"2026-08-28T11:54:09","date_gmt":"2026-08-28T11:54:09","guid":{"rendered":"https:\/\/www.europesays.com\/cz\/194323\/"},"modified":"2026-08-28T11:54:09","modified_gmt":"2026-08-28T11:54:09","slug":"porad-top-gear-se-vrati-uvadet-ho-muze-hvezdny-komik","status":"publish","type":"post","link":"https:\/\/www.europesays.com\/cz\/194323\/","title":{"rendered":"Po\u0159ad Top Gear se vr\u00e1t\u00ed. Uv\u00e1d\u011bt ho m\u016f\u017ee hv\u011bzdn\u00fd komik"},"content":{"rendered":"<p class=\"c_bB\">P\u0159\u00edpravy na n\u00e1vrat popul\u00e1rn\u00edho motoristick\u00e9ho po\u0159adu potvrdil na televizn\u00edm festivalu v\u00a0britsk\u00e9m Edinburghu p\u0159\u00edmo \u0159editel z\u00e1bavn\u00edho odd\u011blen\u00ed stanice BBC Ed Havard. O\u00a0moder\u00e1torech zat\u00edm odm\u00edtl mluvit, p\u0159esto se objevil drobn\u00fd n\u00e1znak informac\u00ed o\u00a0mo\u017en\u00e9 budouc\u00ed hv\u011bzd\u011b. <\/p>\n<p class=\"c_bB\">Na ot\u00e1zku, zda bude po\u0159adem prov\u00e1zet slavn\u00fd britsk\u00fd komik Jimmy Carr (jak nazna\u010dovaly d\u0159\u00edv\u011bj\u0161\u00ed spekulace v\u00a0britsk\u00e9m tisku), toti\u017e odpov\u011bd\u011bl: \u201eJimmy by byl skv\u011bl\u00fdm moder\u00e1torem, ale o\u00a0tom dnes nebudu hovo\u0159it,\u201c cituje jeho slova <a data-dot=\"atm-link\" target=\"_blank\" rel=\"noopener nofollow\" href=\"https:\/\/www.bbc.com\/news\/articles\/clym7yrdk29o\" class=\"c_I\">BBC<\/a>. \u201eBrzy budeme m\u00edt k\u00a0po\u0159adu Top Gear v\u00edce informac\u00ed,\u201c dodal Havard.   <\/p>\n<p><a data-dot=\"atm-link\" target=\"_self\" href=\"https:\/\/www.novinky.cz\/clanek\/auto-the-grand-tour-se-vraci-nove-tvare-se-predstavuji-v-prvni-upoutavce-40593570\" class=\"c_I\" rel=\"nofollow noopener\"><img fetchpriority=\"high\" height=\"1125\" width=\"2000\" src=\"https:\/\/www.europesays.com\/cz\/wp-content\/uploads\/2026\/08\/1787918049_288_the-grand-tour-grand-tour-prime-amazon.png\" loading=\"eager\" decoding=\"sync\" class=\"c_t c_r\"\/><\/a><\/p>\n<p class=\"c_bB\">Po\u0159ad Top Gear, jeho\u017e ko\u0159eny sahaj\u00ed do roku 1977, se p\u0159itom stal celosv\u011btov\u011b velmi popul\u00e1rn\u00edm zejm\u00e9na za \u00e9ry Jeremy Clarksona, Richarda Hammonda a\u00a0Jamese Maye. Po jejich odchodu se slo\u017een\u00ed moder\u00e1tor\u016f n\u011bkolikr\u00e1t vyst\u0159\u00eddalo, ne\u017e z\u016fstala trojice Chris Harris, Andrew Flintoff a\u00a0Paddy McGuinness.  <\/p>\n<p class=\"c_bB\">V roce 2022\u00a0v\u0161ak bylo nat\u00e1\u010den\u00ed po\u0159adu p\u0159eru\u0161eno po v\u00e1\u017en\u00e9 nehod\u011b Andrewa Flintoffa, se kter\u00fdm se p\u0159evrhla otev\u0159en\u00e1 t\u0159\u00edkolka Morgan Super3.\u00a0B\u00fdval\u00fd sportovec a\u00a0moder\u00e1tor utrp\u011bl v\u00e1\u017en\u00e1 zran\u011bn\u00ed, a\u00a0to i\u00a0v obli\u010deji. Britsk\u00e1 stanice mu nakonec vyplatila od\u0161kodn\u00e9 a\u00a0za incident se omluvila.  <\/p>\n<p class=\"c_bB\">Top Gear ov\u0161em nen\u00ed jedin\u00fdm slavn\u00fdm motoristick\u00fdm po\u0159adem, kter\u00fd se brzy vr\u00e1t\u00ed na obrazovky. The Grand Tour z\u00a0produkce Amazon Prime, kter\u00fd po odchodu z\u00a0BBC vytvo\u0159ilo trio Clarkson, Hammond a\u00a0May, brzy uvede novou s\u00e9rii. Tentokr\u00e1t ji\u017e ale s\u00a0novou moder\u00e1torskou trojic\u00ed.  <\/p>\n<p><a data-dot=\"atm-link\" target=\"_self\" href=\"https:\/\/www.novinky.cz\/clanek\/auto-velka-nehoda-v-top-gearu-byla-nevyhnutelna-rekl-chris-harris-o-jeho-konci-40487195\" class=\"c_I\" rel=\"nofollow noopener\"><img height=\"549\" width=\"976\" src=\"https:\/\/www.europesays.com\/cz\/wp-content\/uploads\/2026\/08\/top-gear-chris-harris-paddy-mcguinness-freddie-flintoff-bbc.jpeg\" loading=\"eager\" decoding=\"sync\" class=\"c_t c_r\"\/><\/a><\/p>\n","protected":false},"excerpt":{"rendered":"P\u0159\u00edpravy na n\u00e1vrat popul\u00e1rn\u00edho motoristick\u00e9ho po\u0159adu potvrdil na televizn\u00edm festivalu v\u00a0britsk\u00e9m Edinburghu p\u0159\u00edmo \u0159editel z\u00e1bavn\u00edho odd\u011blen\u00ed stanice BBC&hellip;\n","protected":false},"author":2,"featured_media":194324,"comment_status":"","ping_status":"","sticky":false,"template":"","format":"standard","meta":{"footnotes":"","_share_on_mastodon":"0"},"categories":[14],"tags":[2048,79,38296,33638,80],"class_list":["post-194323","post","type-post","status-publish","format-standard","has-post-thumbnail","category-zabava","tag-bbc","tag-entertainment","tag-porad-the-grand-tour","tag-top-gear","tag-zabava"],"share_on_mastodon":{"url":"https:\/\/pubeurope.com\/@cz\/117173005118202995","error":""},"_links":{"self":[{"href":"https:\/\/www.europesays.com\/cz\/wp-json\/wp\/v2\/posts\/194323","targetHints":{"allow":["GET"]}}],"collection":[{"href":"https:\/\/www.europesays.com\/cz\/wp-json\/wp\/v2\/posts"}],"about":[{"href":"https:\/\/www.europesays.com\/cz\/wp-json\/wp\/v2\/types\/post"}],"author":[{"embeddable":true,"href":"https:\/\/www.europesays.com\/cz\/wp-json\/wp\/v2\/users\/2"}],"replies":[{"embeddable":true,"href":"https:\/\/www.europesays.com\/cz\/wp-json\/wp\/v2\/comments?post=194323"}],"version-history":[{"count":0,"href":"https:\/\/www.europesays.com\/cz\/wp-json\/wp\/v2\/posts\/194323\/revisions"}],"wp:featuredmedia":[{"embeddable":true,"href":"https:\/\/www.europesays.com\/cz\/wp-json\/wp\/v2\/media\/194324"}],"wp:attachment":[{"href":"https:\/\/www.europesays.com\/cz\/wp-json\/wp\/v2\/media?parent=194323"}],"wp:term":[{"taxonomy":"category","embeddable":true,"href":"https:\/\/www.europesays.com\/cz\/wp-json\/wp\/v2\/categories?post=194323"},{"taxonomy":"post_tag","embeddable":true,"href":"https:\/\/www.europesays.com\/cz\/wp-json\/wp\/v2\/tags?post=194323"}],"curies":[{"name":"wp","href":"https:\/\/api.w.org\/{rel}","templated":true}]}}