{"id":194475,"date":"2026-08-28T13:30:18","date_gmt":"2026-08-28T13:30:18","guid":{"rendered":"https:\/\/www.europesays.com\/cz\/194475\/"},"modified":"2026-08-28T13:30:18","modified_gmt":"2026-08-28T13:30:18","slug":"rusko-testuje-ceskou-odolnost-babis-lajkuje-krtecka-s-rexikem","status":"publish","type":"post","link":"https:\/\/www.europesays.com\/cz\/194475\/","title":{"rendered":"Rusko testuje \u010deskou odolnost, Babi\u0161 lajkuje Krte\u010dka s\u00a0Rex\u00edkem"},"content":{"rendered":"<p class=\"e_bX\">\u010ctete uk\u00e1zku z\u00a0newsletteru Tak\u017ee, ve kter\u00e9m koment\u00e1to\u0159i Seznam Zpr\u00e1v glosuj\u00ed ta nejd\u016fle\u017eit\u011bj\u0161\u00ed aktu\u00e1ln\u00ed t\u00e9mata a\u00a0p\u0159ibli\u017euj\u00ed \u010deskou i\u00a0zahrani\u010dn\u00ed politickou debatu. <a data-dot=\"atm-link\" target=\"_blank\" href=\"https:\/\/www.seznamzpravy.cz\/clanek\/newslettery-seznam-zprav-142756\" class=\"e_n\" rel=\"nofollow noopener\">P\u0159ihlaste se k\u00a0odb\u011bru<\/a> a\u00a0cel\u00fd newsletter budete ka\u017ed\u00fd \u010dtvrtek dost\u00e1vat do sv\u00e9 e-mailov\u00e9 schr\u00e1nky.<\/p>\n<p class=\"e_bX\">Jedna n\u00e1v\u0161t\u011bva jednoho \u0161\u00e9fa \u0161pion\u016f, no b\u00f3\u017ee, \u0159eknete si. Jen\u017ee je tu n\u011bkolik \u201eale\u201c. <\/p>\n<p class=\"e_bX\">\u0158editel\u00e9 zpravodajsk\u00fdch agentur zpravidla nejezd\u00ed n\u011bkam jen tak \u201ejednat\u201c &#8211; od toho jsou tu diplomat\u00e9 a\u00a0politici. \u0160\u00e9f CIA, John Ratcliffe, nav\u00edc <a data-dot=\"atm-link\" target=\"_blank\" href=\"https:\/\/www.seznamzpravy.cz\/clanek\/zahranicni-tajemna-cesta-sefa-cia-do-moskvy-ctyri-temata-o-nichz-se-mohlo-mluvit-313918\" class=\"e_n\" rel=\"nofollow noopener\">odlet\u011bl do Ruska<\/a> v\u016fbec poprv\u00e9 od rusk\u00e9 invaze na Ukrajinu.<\/p>\n<p class=\"e_bX\">A kdy\u017e se naposledy vypravil za vl\u00e1dcem Kremlu hlavn\u00ed americk\u00fd zpravodajec, nedopadlo to v\u016fbec dob\u0159e. William Burns se tehdy, v\u00a0listopadu 2021, m\u011bl sna\u017eit odradit Vladimira Putina od mo\u017en\u00e9ho vp\u00e1du na Ukrajinu. Co n\u00e1sledovalo v\u00a0\u00fanoru 2022\u00a0a\u00a0pokra\u010duje dodnes, bohu\u017eel v\u00edme.<\/p>\n<p class=\"e_bX\">Jak\u00fd byl d\u016fvod Ratcliffovy cesty, se ve\u0159ejn\u011b p\u0159\u00edli\u0161 nev\u00ed. Samotn\u00fd fakt, \u017ee se Ameri\u010dan tento t\u00fdden pohyboval v\u00a0Moskv\u011b a\u00a0m\u011bl jednat se z\u00e1stupci rusk\u00e9 \u201ebezpe\u010dnostn\u00ed komunity\u201c, potvrdily Moskva i\u00a0Washington. Donald Trump nez\u00fa\u010dastn\u011bn\u011b dodal, \u017ee \u0161lo o \u201esemi-rutinn\u00ed\u201c cestu. Tak\u017ee?<\/p>\n<p class=\"e_bX\">Nab\u00edz\u00ed se samoz\u0159ejm\u011b teze, \u017ee tak\u00e9 sou\u010dasn\u00fd \u0159editel CIA p\u0159ivezl Putinov\u00fdm lidem specifick\u00fd vzkaz. Konkr\u00e9tn\u011b, aby se nepokou\u0161eli vyu\u017e\u00edt st\u00e1vaj\u00edc\u00ed situace a\u00a0eskalovat konflikt napaden\u00edm \u010dlensk\u00e9ho st\u00e1tu NATO.<\/p>\n<p class=\"e_bX\">O t\u00e9to mo\u017enosti se u\u017e n\u011bjakou dobu mluv\u00ed. Rusk\u00e9 velkosklady zbo\u017e\u00ed ho\u0159\u00ed, Putin se dost\u00e1v\u00e1 doma pod tlak a\u00a0Ameri\u010dan\u016fm od\u010derp\u00e1v\u00e1 energii, pen\u00edze i\u00a0zbran\u011b \u00cdr\u00e1n. Rusk\u00e9mu vl\u00e1dci se nyn\u00ed naskytla p\u0159\u00edle\u017eitost pokusit se &#8211; je\u0161t\u011b p\u0159ed volbami do americk\u00e9ho Kongresu za\u010d\u00e1tkem listopadu, v\u00a0nich\u017e Trumpov\u011b stran\u011b hroz\u00ed por\u00e1\u017eka &#8211; zvr\u00e1tit situaci ve sv\u016fj prosp\u011bch. <\/p>\n<p class=\"e_bX\">Vylep\u0161it si postaven\u00ed napaden\u00edm jin\u00e9ho st\u00e1tu je osv\u011bd\u010den\u00fd rusk\u00fd recept. Na Ukrajin\u011b, stejn\u011b jako v\u00a0Gruzii, Mold\u00e1vii \u010di\u00a0v\u00a0B\u011blorusku, u\u017e Rusko je. A\u00a0pokud m\u00e1 Putin n\u011bkdy sp\u00ed\u0161e p\u0159\u00edhodn\u00e9 podm\u00ednky pro otestov\u00e1n\u00ed platnosti \u010dl\u00e1nku 5\u00a0Washingtonsk\u00e9 smlouvy\u00a0\u2013 kter\u00fd ostatn\u00ed \u010dleny NATO zavazuje k\u00a0pomoci napaden\u00e9mu st\u00e1tu aliance\u00a0\u2013, je to te\u010f.<\/p>\n<p><a data-dot=\"mol-article-card-media\" aria-hidden=\"true\" tabindex=\"-1\" href=\"https:\/\/www.seznamzpravy.cz\/clanek\/zahranicni-tajemna-cesta-sefa-cia-do-moskvy-ctyri-temata-o-nichz-se-mohlo-mluvit-313918\" class=\"e_n f_l8\" rel=\"nofollow noopener\" target=\"_blank\"><img fetchpriority=\"high\" height=\"2304\"   width=\"4096\" src=\"https:\/\/www.europesays.com\/cz\/wp-content\/uploads\/2026\/08\/1787923817_58_john-ratcliffe-cia.jpeg\" loading=\"eager\" decoding=\"sync\" class=\"e_aa e_Z\"\/><\/a><\/p>\n<p class=\"e_bX\">Den\u00edk The Wall Street Journal, pot\u00e9 server Politico a\u00a0dal\u0161\u00ed s\u00a0odvol\u00e1n\u00edm na lidi obezn\u00e1men\u00e9 s\u00a0jedn\u00e1n\u00edm napsaly, \u017ee <a data-dot=\"atm-link\" target=\"_blank\" rel=\"noopener nofollow\" href=\"https:\/\/www.wsj.com\/politics\/policy\/cia-chiefs-surprise-moscow-trip-was-to-warn-russia-not-to-attack-nato-c2d997f3\" class=\"e_n\">c\u00edlem Ratcliffovy cesty do Moskvy<\/a> skute\u010dn\u011b bylo varovat Kreml p\u0159ed napaden\u00edm \u010dlensk\u00e9 zem\u011b NATO. <\/p>\n<p class=\"e_bX\">Ameri\u010dan\u00e9 se \u00fadajn\u011b ob\u00e1vaj\u00ed, \u017ee Rusko p\u016fjde cestou nap\u0159\u00edklad kyber\u00fatoku proti jedn\u00e9 \u010di v\u00edce zem\u00edm NATO nebo podnikne omezen\u00fd pozemn\u00ed vp\u00e1d do Pobalt\u00ed (a nel\u00edb\u00ed se jim ani spolupr\u00e1ce Moskvy s\u00a0\u00edr\u00e1nsk\u00fdm re\u017eimem). Jakou p\u0159\u00edpadnou odpov\u011bd\u00ed m\u011bl Washington svoje varov\u00e1n\u00ed podep\u0159\u00edt, nen\u00ed zn\u00e1mo.<\/p>\n<p class=\"e_bX\">Jsou to samoz\u0159ejm\u011b zat\u00edm jen spekulace. Argumenty z\u00a0druh\u00e9 strany, tedy \u017ee se nic ned\u011bje a\u00a0Putinovo Rusko rozhodn\u011b, za \u017e\u00e1dn\u00fdch okolnost\u00ed, nebude cht\u00edt otestovat soudr\u017enost a\u00a0odolnost NATO, ale v\u00a0mezi\u010dase sp\u00ed\u0161e ub\u00fdvaj\u00ed.<\/p>\n<p class=\"e_bX\">Ve stejn\u00e9 dob\u011b, kdy se Ratcliffovo letadlo chystalo ke startu sm\u011br Moskva, zaznamenalo ne\u010dekan\u00fd rozruch polsko-\u010desk\u00e9 pomez\u00ed. Na soci\u00e1ln\u00edch s\u00edt\u00edch se za\u010daly z\u010distajasna \u0161\u00ed\u0159it \u201ezpr\u00e1vy\u201c o\u00a0tom, \u017ee Polsko hodl\u00e1 obsadit \u010d\u00e1st \u010desk\u00e9ho \u00fazem\u00ed, a\u00a0dokonce se kv\u016fli tomu svol\u00e1vala demonstrace do T\u0159ince na tuto sobotu.<\/p>\n<p class=\"e_bX\">Celou kauzu, v\u00a0n\u00ed\u017e figurovali neexistuj\u00edc\u00ed lid\u00e9, exteri\u00e9ry vygenerovan\u00e9 um\u011blou inteligenc\u00ed, internetov\u00ed boti \u010di fale\u0161n\u00e1 str\u00e1nka \u010cesk\u00e9ho rozhlasu, <a data-dot=\"atm-link\" target=\"_blank\" href=\"https:\/\/www.seznamzpravy.cz\/clanek\/domaci-kauzy-v-podezreni-rusko-lziva-kampan-stve-cechy-proti-polakum-313754\" class=\"e_n\" rel=\"nofollow noopener\">d\u016fkladn\u011b popsalo<\/a> investigativn\u00ed odd\u011blen\u00ed Seznam Zpr\u00e1v.<\/p>\n<p class=\"e_bX\">U\u017e od za\u010d\u00e1tku polsk\u00e9 bezpe\u010dnostn\u00ed slo\u017eky podez\u00edraly ze smy\u0161len\u00e9 af\u00e9ry Rusko. Konkr\u00e9tn\u011b jeho tajn\u00e9 slu\u017eby, kter\u00e9 m\u011bly vyzkou\u0161et n\u00e1chylnost obyvatel v\u00a0obou zem\u00edch k\u00a0dezinformac\u00edm a\u00a0odolnost st\u00e1tn\u00edch slo\u017eek v\u016f\u010di podobn\u00fdm kampan\u00edm.<\/p>\n<p class=\"e_bX\">S odstupem p\u00e1r dn\u016f lze \u0159\u00edct, \u017ee polsk\u00e1 a\u00a0\u010desk\u00e1 ob\u010dansk\u00e1 spole\u010dnost obst\u00e1ly. Lok\u00e1ln\u00ed m\u00e9dia z\u00a0obou stran hranic ov\u011b\u0159ovala identitu profil\u016f, kter\u00e9 \u0161\u00ed\u0159ily zpr\u00e1vy o\u00a0demonstraci, p\u0159idali se m\u00edstn\u00ed politici. <\/p>\n<p class=\"e_bX\">Do protiakce se z\u00e1hy pustil tak\u00e9\u00a0polsk\u00fd ministr zahrani\u010d\u00ed Radoslaw Sikorski, kter\u00fd jak\u00fdkoli z\u00e1m\u011br na n\u00e1siln\u00e9 obsazen\u00ed p\u00e1r set hektar\u016f \u010desk\u00e9ho \u00fazem\u00ed (jen\u017e m\u011blo historicky dostat Polsko a\u00a0ob\u011b zem\u011b to \u0159\u00e1dn\u011b diplomaticky \u0159e\u0161\u00ed) <a data-dot=\"atm-link\" target=\"_blank\" href=\"https:\/\/www.seznamzpravy.cz\/clanek\/domaci-kauzy-nenechme-se-s-ceskem-rozestvat-polsko-se-postavilo-akci-z-niz-je-podezrele-rusko-313943\" class=\"e_n\" rel=\"nofollow noopener\">ozna\u010dil za le\u017e a\u00a0nesmysl<\/a>. \u201eNenechme se roze\u0161tvat,\u201c apeloval Sikorski.<\/p>\n<p><a data-dot=\"mol-article-card-media\" aria-hidden=\"true\" tabindex=\"-1\" href=\"https:\/\/www.seznamzpravy.cz\/clanek\/domaci-kauzy-v-podezreni-rusko-lziva-kampan-stve-cechy-proti-polakum-313754\" class=\"e_n f_l8\" rel=\"nofollow noopener\" target=\"_blank\"><img height=\"994\"   width=\"1768\" src=\"https:\/\/www.europesays.com\/cz\/wp-content\/uploads\/2026\/08\/1787923818_204_tesin.jpeg\" loading=\"eager\" decoding=\"sync\" class=\"e_aa e_Z\"\/><\/a><\/p>\n<p class=\"e_bX\">T\u00e9m\u011b\u0159 jako posledn\u00ed a\u00a0a\u017e na z\u00e1klad\u011b dotaz\u016f Seznam Zpr\u00e1v se <a data-dot=\"atm-link\" target=\"_blank\" rel=\"noopener nofollow\" href=\"https:\/\/x.com\/mzvcr\/status\/2092575611034206615\" class=\"e_n\">ozvalo \u010desk\u00e9 ministerstvo zahrani\u010d\u00ed<\/a>. Pod\u011bkovalo Sikorsk\u00e9mu za jeho slova a\u00a0na soci\u00e1ln\u00edch s\u00edt\u00edch popsalo, v\u00a0\u010dem ve skute\u010dnosti spo\u010d\u00edv\u00e1 onen \u00fazemn\u00ed dluh v\u016f\u010di Polsku.<\/p>\n<p class=\"e_bX\">Jinak &#8211; nic. \u017d\u00e1dn\u00fd \u010dlen Babi\u0161ovy vl\u00e1dy se k\u00a0v\u011bci nevyj\u00e1d\u0159il. Ani jeden ministr \u010di ministryn\u011b nic ve\u0159ejn\u011b ne\u0159ekli, nikdo nevyu\u017eil zjit\u0159en\u00e9 medi\u00e1ln\u00ed pozornosti kv\u016fli d\u011bn\u00ed ve Sn\u011bmovn\u011b, aby uvedl v\u011bc na pravou m\u00edru a\u00a0\u010deskou spole\u010dnost uklidnil, \u017ee vl\u00e1da m\u00e1 bezpe\u010dnost st\u00e1tu pod kontrolou.<\/p>\n<p class=\"e_bX\">Premi\u00e9r Andrej Babi\u0161 do v\u011bci nakonec tak\u00e9 vstoupil. Tak, \u017ee na soci\u00e1ln\u00edch s\u00edt\u00edch dal lajk a\u00a0<a data-dot=\"atm-link\" target=\"_blank\" rel=\"noopener nofollow\" href=\"https:\/\/x.com\/AndrejBabis\/status\/2092675294054207861\" class=\"e_n\">p\u0159esd\u00edlel ilustraci<\/a> o\u00a0p\u0159\u00e1telstv\u00ed Krte\u010dka s\u00a0kreslen\u00fdm polsk\u00fdm ps\u00edkem Rex\u00edkem\u2026<\/p>\n<p class=\"e_bX\">Doufejme, \u017ee z\u00e1va\u017en\u011bj\u0161\u00ed test \u010desk\u00e9 odolnosti nep\u0159ijde moc brzy. A\u00a0pokud ano, vl\u00e1da bude tentokr\u00e1t ment\u00e1ln\u011b p\u0159\u00edtomn\u00e1 a\u00a0bude v\u011bd\u011bt, co d\u011blat.<\/p>\n<p class=\"e_bX\">V pln\u00e9 verzi newsletteru Tak\u017ee najdete tak\u00e9\u00a0souhrn koment\u00e1\u0159\u016f SZ z\u00a0uplynul\u00e9ho t\u00fddne a\u00a0autorsk\u00e9 tipy na \u010dten\u00ed v\u00a0jin\u00fdch \u010desk\u00fdch i\u00a0zahrani\u010dn\u00edch m\u00e9di\u00edch. <a data-dot=\"atm-link\" target=\"_blank\" href=\"https:\/\/www.seznamzpravy.cz\/clanek\/newslettery-seznam-zprav-142756\" class=\"e_n\" rel=\"nofollow noopener\">P\u0159ihlaste se k\u00a0odb\u011bru<\/a>, aby v\u00e1m nic zaj\u00edmav\u00e9ho neuniklo.<\/p>\n","protected":false},"excerpt":{"rendered":"\u010ctete uk\u00e1zku z\u00a0newsletteru Tak\u017ee, ve kter\u00e9m koment\u00e1to\u0159i Seznam Zpr\u00e1v glosuj\u00ed ta nejd\u016fle\u017eit\u011bj\u0161\u00ed aktu\u00e1ln\u00ed t\u00e9mata a\u00a0p\u0159ibli\u017euj\u00ed \u010deskou i\u00a0zahrani\u010dn\u00ed politickou&hellip;\n","protected":false},"author":2,"featured_media":194476,"comment_status":"","ping_status":"","sticky":false,"template":"","format":"standard","meta":{"footnotes":"","_share_on_mastodon":"0"},"categories":[10],"tags":[3660,17,21,16,117,38493,18,19,22,7126,56,20],"class_list":["post-194475","post","type-post","status-publish","format-standard","has-post-thumbnail","category-zpravy","tag-dezinformace","tag-headlines","tag-hlavni-udalosti","tag-news","tag-polsko","tag-takze-newsletter","tag-top-news","tag-top-stories","tag-udalosti-dne","tag-ustredni-zpravodajska-sluzba-cia","tag-valka-rusko-ukrajina","tag-zpravy"],"share_on_mastodon":{"url":"https:\/\/pubeurope.com\/@cz\/117173382772242225","error":""},"_links":{"self":[{"href":"https:\/\/www.europesays.com\/cz\/wp-json\/wp\/v2\/posts\/194475","targetHints":{"allow":["GET"]}}],"collection":[{"href":"https:\/\/www.europesays.com\/cz\/wp-json\/wp\/v2\/posts"}],"about":[{"href":"https:\/\/www.europesays.com\/cz\/wp-json\/wp\/v2\/types\/post"}],"author":[{"embeddable":true,"href":"https:\/\/www.europesays.com\/cz\/wp-json\/wp\/v2\/users\/2"}],"replies":[{"embeddable":true,"href":"https:\/\/www.europesays.com\/cz\/wp-json\/wp\/v2\/comments?post=194475"}],"version-history":[{"count":0,"href":"https:\/\/www.europesays.com\/cz\/wp-json\/wp\/v2\/posts\/194475\/revisions"}],"wp:featuredmedia":[{"embeddable":true,"href":"https:\/\/www.europesays.com\/cz\/wp-json\/wp\/v2\/media\/194476"}],"wp:attachment":[{"href":"https:\/\/www.europesays.com\/cz\/wp-json\/wp\/v2\/media?parent=194475"}],"wp:term":[{"taxonomy":"category","embeddable":true,"href":"https:\/\/www.europesays.com\/cz\/wp-json\/wp\/v2\/categories?post=194475"},{"taxonomy":"post_tag","embeddable":true,"href":"https:\/\/www.europesays.com\/cz\/wp-json\/wp\/v2\/tags?post=194475"}],"curies":[{"name":"wp","href":"https:\/\/api.w.org\/{rel}","templated":true}]}}