{"id":194593,"date":"2026-08-28T14:57:24","date_gmt":"2026-08-28T14:57:24","guid":{"rendered":"https:\/\/www.europesays.com\/cz\/194593\/"},"modified":"2026-08-28T14:57:24","modified_gmt":"2026-08-28T14:57:24","slug":"vynos-dluhopisu-nemecke-vlady-je-na-patnactiletem-maximu","status":"publish","type":"post","link":"https:\/\/www.europesays.com\/cz\/194593\/","title":{"rendered":"V\u00fdnos dluhopis\u016f n\u011bmeck\u00e9 vl\u00e1dy je na patn\u00e1ctilet\u00e9m maximu"},"content":{"rendered":"<p class=\"c_bB\">\u201eV\u00fdhled pro dluhopisov\u00e9 trhy p\u0159ed v\u00edkendem nen\u00ed p\u0159\u00edzniv\u00fd,\u201c uvedl ve zpr\u00e1v\u011b pro klienty Christoph Rieger ze spole\u010dnosti Commerzbank. <\/p>\n<p class=\"c_bB\">\u201eR\u016fst cen ropy, vy\u0161\u0161\u00ed inflace v\u00a0euroz\u00f3n\u011b a\u00a0jest\u0159\u00e1b\u00ed Evropsk\u00e1 centr\u00e1ln\u00ed banka by mohly v\u00fdnosy desetilet\u00fdch n\u011bmeck\u00fdch dluhopis\u016f posunout na nov\u00e1 maxima je\u0161t\u011b p\u0159ed hlavn\u00edm projevem \u0161\u00e9fa americk\u00e9 centr\u00e1ln\u00ed banky Kevina Warshe,\u201c <a data-dot=\"atm-link\" target=\"_blank\" rel=\"noopener nofollow\" href=\"https:\/\/tinyurl.com\/4hw244sb\" class=\"c_I\">cituje<\/a> ho list The Wall Street Journal (WSJ).<\/p>\n<p class=\"c_bB\">Ozna\u010den\u00ed \u201ejest\u0159\u00e1b\u00ed\u201c znamen\u00e1, \u017ee ECB je naklon\u011bna p\u0159\u00edsn\u011bj\u0161\u00ed m\u011bnov\u00e9 politice. Rieger, kter\u00fd se zab\u00fdv\u00e1 v\u00fdzkumem \u00farokov\u00fdch sazeb a\u00a0\u00fav\u011brov\u00fdch trh\u016f, zm\u00ednil i\u00a0ka\u017edoro\u010dn\u00ed sympozium centr\u00e1ln\u00edch bank\u00e9\u0159\u016f v\u00a0americk\u00e9m horsk\u00e9m letovisku Jackson Hole. Na p\u00e1tek je tam napl\u00e1nov\u00e1n projev \u0161\u00e9fa americk\u00e9 centr\u00e1ln\u00ed banky.<\/p>\n<p class=\"c_bB\">R\u016fst v\u00fdnos\u016f st\u00e1tn\u00edch dluhopis\u016f v\u00a0euroz\u00f3n\u011b byl na za\u010d\u00e1tku p\u00e1te\u010dn\u00edho obchodov\u00e1n\u00ed rychlej\u0161\u00ed ne\u017e v\u00a0p\u0159\u00edpad\u011b srovnateln\u00fdch dluhopis\u016f americk\u00e9 vl\u00e1dy. V\u00fdnos desetilet\u00fdch americk\u00fdch st\u00e1tn\u00edch dluhopis\u016f p\u0159ed Warshov\u00fdm projevem vzrostl podle \u00fadaj\u016f spole\u010dnosti Tradeweb o\u00a00,8\u00a0bazick\u00e9ho bodu na 4,679\u00a0procenta.<\/p>\n<p><a data-dot=\"atm-link\" target=\"_self\" href=\"https:\/\/www.novinky.cz\/clanek\/ekonomika-problem-pro-vlady-riziko-pro-investory-staty-si-pujcuji-nejdraz-od-krize-2008-40593221\" class=\"c_I\" rel=\"nofollow noopener\"><img fetchpriority=\"high\" height=\"2304\" width=\"4096\" src=\"https:\/\/www.europesays.com\/cz\/wp-content\/uploads\/2026\/08\/1787929044_513_frankfurt-burza.jpeg\" loading=\"eager\" decoding=\"sync\" class=\"c_t c_r\"\/><\/a><\/p>\n","protected":false},"excerpt":{"rendered":"\u201eV\u00fdhled pro dluhopisov\u00e9 trhy p\u0159ed v\u00edkendem nen\u00ed p\u0159\u00edzniv\u00fd,\u201c uvedl ve zpr\u00e1v\u011b pro klienty Christoph Rieger ze spole\u010dnosti Commerzbank.&hellip;\n","protected":false},"author":2,"featured_media":194594,"comment_status":"","ping_status":"","sticky":false,"template":"","format":"standard","meta":{"footnotes":"","_share_on_mastodon":"0"},"categories":[15],"tags":[3903,321,375,94,93,3737,26347],"class_list":["post-194593","post","type-post","status-publish","format-standard","has-post-thumbnail","category-sport","tag-dluhopisy","tag-evropska-centralni-banka","tag-nemecko","tag-sport","tag-sports","tag-statni-dluh","tag-vynosy"],"share_on_mastodon":{"url":"https:\/\/pubeurope.com\/@cz\/117173724589879463","error":""},"_links":{"self":[{"href":"https:\/\/www.europesays.com\/cz\/wp-json\/wp\/v2\/posts\/194593","targetHints":{"allow":["GET"]}}],"collection":[{"href":"https:\/\/www.europesays.com\/cz\/wp-json\/wp\/v2\/posts"}],"about":[{"href":"https:\/\/www.europesays.com\/cz\/wp-json\/wp\/v2\/types\/post"}],"author":[{"embeddable":true,"href":"https:\/\/www.europesays.com\/cz\/wp-json\/wp\/v2\/users\/2"}],"replies":[{"embeddable":true,"href":"https:\/\/www.europesays.com\/cz\/wp-json\/wp\/v2\/comments?post=194593"}],"version-history":[{"count":0,"href":"https:\/\/www.europesays.com\/cz\/wp-json\/wp\/v2\/posts\/194593\/revisions"}],"wp:featuredmedia":[{"embeddable":true,"href":"https:\/\/www.europesays.com\/cz\/wp-json\/wp\/v2\/media\/194594"}],"wp:attachment":[{"href":"https:\/\/www.europesays.com\/cz\/wp-json\/wp\/v2\/media?parent=194593"}],"wp:term":[{"taxonomy":"category","embeddable":true,"href":"https:\/\/www.europesays.com\/cz\/wp-json\/wp\/v2\/categories?post=194593"},{"taxonomy":"post_tag","embeddable":true,"href":"https:\/\/www.europesays.com\/cz\/wp-json\/wp\/v2\/tags?post=194593"}],"curies":[{"name":"wp","href":"https:\/\/api.w.org\/{rel}","templated":true}]}}