{"id":194601,"date":"2026-08-28T15:03:11","date_gmt":"2026-08-28T15:03:11","guid":{"rendered":"https:\/\/www.europesays.com\/cz\/194601\/"},"modified":"2026-08-28T15:03:11","modified_gmt":"2026-08-28T15:03:11","slug":"ukrajina-zasahla-rusky-strategicky-bombarder-uvedl-zelenskyj","status":"publish","type":"post","link":"https:\/\/www.europesays.com\/cz\/194601\/","title":{"rendered":"Ukrajina zas\u00e1hla rusk\u00fd strategick\u00fd bombard\u00e9r, uvedl Zelenskyj"},"content":{"rendered":"<p>&#13;<br \/>\n  Komer\u010dn\u00ed prezentace Aktual.: 28.08.2026 11:31&#13;<br \/>\n  Vyd\u00e1no: 28.08.2026, 11:31&#13;\n<\/p>\n<p class=\"big\" itemprop=\"description\">    Kyjev &#8211; Ukrajinsk\u00e9 s\u00edly zas\u00e1hly na vojensk\u00e9 leteck\u00e9 z\u00e1kladn\u011b Engels u Saratova rusk\u00fd strategick\u00fd bombard\u00e9r Tu-95MS, pou\u017e\u00edvan\u00fd k \u00fatok\u016fm proti Ukrajin\u011b, <a href=\"https:\/\/x.com\/ZelenskyyUa\/status\/2093259531937587213\" rel=\"nofollow\">uvedl<\/a> dnes ukrajinsk\u00fd prezident Volodymyr Zelenskyj na soci\u00e1ln\u00edch s\u00edt\u00edch. Ukrajinsk\u00e9 s\u00edly zas\u00e1hly tak\u00e9 rafinerii v Jaroslavli, vzd\u00e1lenou tis\u00edcovku kilometr\u016f od frontov\u00e9 linie, doplnil.<\/p>\n<p>Bombard\u00e9r zas\u00e1hli podle prezidenta bojovn\u00edci z jednotky Alfa ukrajinsk\u00e9 tajn\u00e9 slu\u017eby SBU.<\/p>\n<p>Ukrajinsk\u00e9 jednotky za\u00fato\u010dily na rafinerii a vojenskou leteckou z\u00e1kladnu ve m\u011bst\u011b Engels v Saratovsk\u00e9 oblasti i na po\u010d\u00e1tku srpna, po \u00faderu n\u00e1sledoval po\u017e\u00e1r, <a href=\"https:\/\/t.me\/GeneralStaffZSU\/41712\" rel=\"nofollow\">uvedl<\/a> tehdy ukrajinsk\u00fd gener\u00e1ln\u00ed \u0161t\u00e1b. Minul\u00fd m\u011bs\u00edc, 17. \u010dervence, Zelenskyj uvedl, \u017ee ukrajinsk\u00e1 arm\u00e1da zni\u010dila rusk\u00fd bombard\u00e9r Tupolev Tu-95 na leti\u0161ti Engels, vzd\u00e1len\u00e9m asi 800 kilometr\u016f od ukrajinsko-rusk\u00e9 hranice. Rusko se k tomu nevyj\u00e1d\u0159ilo.<\/p>\n<p>P\u0159ed v\u00edce ne\u017e rokem, 1. \u010dervna 2025, ukrajinsk\u00e9 drony zas\u00e1hly strategick\u00e9 bombard\u00e9ry na vojensk\u00fdch leti\u0161t\u00edch v hloubi rusk\u00e9ho \u00fazem\u00ed. Ukrajinsk\u00e1 tajn\u00e1 slu\u017eba SBU tvrdila, \u017ee p\u0159i operaci Pavu\u010dina zas\u00e1hla 41 rusk\u00fdch letadel v\u010detn\u011b strategick\u00fdch bombard\u00e9r\u016f Tu-95, Tu-22M3 a Tu-160 a letoun\u016f v\u010dasn\u00e9ho varov\u00e1n\u00ed A-50. Nejvzd\u00e1len\u011bj\u0161\u00ed zasa\u017een\u00e1 z\u00e1kladna Belaja na Sibi\u0159i se nach\u00e1z\u00ed asi 4300 kilometr\u016f od Ukrajiny.<\/p>\n<p>Specializovan\u00fd web Oryx, kter\u00fd zaznamen\u00e1v\u00e1 potvrzen\u00e9 ztr\u00e1ty vojensk\u00e9 techniky, <a href=\"https:\/\/www.oryxspioenkop.com\/2022\/03\/list-of-aircraft-losses-during-2022.html\" rel=\"nofollow noopener\" target=\"_blank\">uv\u00e1d\u00ed<\/a>, \u017ee Rusko ve v\u00e1lce p\u0159i\u0161lo o 21 strategick\u00fdch bombard\u00e9r\u016f: 11 Tu-22M3 a deset Tu-95MS.<\/p>\n<p>\u00a0<\/p>\n<p class=\"tags\">&#13;<br \/>\n<a href=\"https:\/\/www.ceskenoviny.cz\/tema\/ukrajina\/62\" class=\"tag blue\" itemprop=\"about\" rel=\"tag nofollow noopener\" target=\"_blank\">Ukrajina<\/a>&#13;<br \/>\n&#13;<br \/>\n&#13;<br \/>\n&#13;<br \/>\n<a href=\"https:\/\/www.ceskenoviny.cz\/tema\/rusko\/59\" class=\"tag blue\" itemprop=\"about\" rel=\"tag nofollow noopener\" target=\"_blank\">Rusko<\/a>&#13;<br \/>\n&#13;<br \/>\n&#13;<br \/>\n&#13;<br \/>\n<a href=\"https:\/\/www.ceskenoviny.cz\/tema\/zbrane\/394\" class=\"tag blue\" itemprop=\"about\" rel=\"tag nofollow noopener\" target=\"_blank\">zbran\u011b<\/a>&#13;<br \/>\n&#13;<br \/>\n&#13;<br \/>\n&#13;<br \/>\n<a href=\"https:\/\/www.ceskenoviny.cz\/tema\/boje\/306\" class=\"tag blue\" itemprop=\"about\" rel=\"tag nofollow noopener\" target=\"_blank\">boje<\/a>&#13;<br \/>\n&#13;<br \/>\n&#13;<br \/>\n&#13;<br \/>\n<a href=\"https:\/\/www.ceskenoviny.cz\/tema\/zelenskyj\/76527\" class=\"tag blue\" itemprop=\"about\" rel=\"tag nofollow noopener\" target=\"_blank\">Zelenskyj<\/a>&#13;<br \/>\n&#13;<br \/>\n&#13;<br \/>\n&#13;<br \/>\n<a href=\"https:\/\/www.ceskenoviny.cz\/tema\/foto\/13820\" class=\"tag blue\" itemprop=\"about\" rel=\"tag nofollow noopener\" target=\"_blank\">FOTO<\/a>&#13;<br \/>\n&#13;<br \/>\n&#13;<br \/>\n&#13;<br \/>\n &#13;<\/p>\n","protected":false},"excerpt":{"rendered":"&#13; Komer\u010dn\u00ed prezentace Aktual.: 28.08.2026 11:31&#13; Vyd\u00e1no: 28.08.2026, 11:31&#13; Kyjev &#8211; Ukrajinsk\u00e9 s\u00edly zas\u00e1hly na vojensk\u00e9 leteck\u00e9 z\u00e1kladn\u011b&hellip;\n","protected":false},"author":2,"featured_media":194602,"comment_status":"","ping_status":"","sticky":false,"template":"","format":"standard","meta":{"footnotes":"","_share_on_mastodon":"0"},"categories":[10],"tags":[64,302,304,305,303,1092,17,21,16,61,18,19,22,110,1436,1174,20],"class_list":["post-194601","post","type-post","status-publish","format-standard","has-post-thumbnail","category-zpravy","tag-boje","tag-ceskenoviny-cz","tag-cn","tag-cn-cz","tag-ctk","tag-foto","tag-headlines","tag-hlavni-udalosti","tag-news","tag-rusko","tag-top-news","tag-top-stories","tag-udalosti-dne","tag-ukrajina","tag-zbrane","tag-zelenskyj","tag-zpravy"],"share_on_mastodon":{"url":"https:\/\/pubeurope.com\/@cz\/117173748041276074","error":""},"_links":{"self":[{"href":"https:\/\/www.europesays.com\/cz\/wp-json\/wp\/v2\/posts\/194601","targetHints":{"allow":["GET"]}}],"collection":[{"href":"https:\/\/www.europesays.com\/cz\/wp-json\/wp\/v2\/posts"}],"about":[{"href":"https:\/\/www.europesays.com\/cz\/wp-json\/wp\/v2\/types\/post"}],"author":[{"embeddable":true,"href":"https:\/\/www.europesays.com\/cz\/wp-json\/wp\/v2\/users\/2"}],"replies":[{"embeddable":true,"href":"https:\/\/www.europesays.com\/cz\/wp-json\/wp\/v2\/comments?post=194601"}],"version-history":[{"count":0,"href":"https:\/\/www.europesays.com\/cz\/wp-json\/wp\/v2\/posts\/194601\/revisions"}],"wp:featuredmedia":[{"embeddable":true,"href":"https:\/\/www.europesays.com\/cz\/wp-json\/wp\/v2\/media\/194602"}],"wp:attachment":[{"href":"https:\/\/www.europesays.com\/cz\/wp-json\/wp\/v2\/media?parent=194601"}],"wp:term":[{"taxonomy":"category","embeddable":true,"href":"https:\/\/www.europesays.com\/cz\/wp-json\/wp\/v2\/categories?post=194601"},{"taxonomy":"post_tag","embeddable":true,"href":"https:\/\/www.europesays.com\/cz\/wp-json\/wp\/v2\/tags?post=194601"}],"curies":[{"name":"wp","href":"https:\/\/api.w.org\/{rel}","templated":true}]}}