{"id":194609,"date":"2026-08-28T15:11:18","date_gmt":"2026-08-28T15:11:18","guid":{"rendered":"https:\/\/www.europesays.com\/cz\/194609\/"},"modified":"2026-08-28T15:11:18","modified_gmt":"2026-08-28T15:11:18","slug":"muzi-nakoupili-vyhodne-kradenou-naftu-stiha-je-policie","status":"publish","type":"post","link":"https:\/\/www.europesays.com\/cz\/194609\/","title":{"rendered":"Mu\u017ei nakoupili \u201ev\u00fdhodn\u011b\u201c kradenou naftu, st\u00edh\u00e1 je policie"},"content":{"rendered":"<p class=\"c_bB\">Cel\u00fd p\u0159\u00edpad za\u010dali policist\u00e9 rozpl\u00e9tat v\u00a0polovin\u011b lo\u0148sk\u00e9ho roku. V\u00a0prosinci nejprve obvinili \u010dty\u0159i mu\u017ee z\u00a0kr\u00e1de\u017ee nafty. T\u0159i z\u00a0nich coby zam\u011bstnanci firmy p\u0159ibli\u017en\u011b dvakr\u00e1t t\u00fddn\u011b p\u0159e\u010derp\u00e1vali pohonn\u00e9 hmoty do kanystr\u016f, kter\u00e9 si pot\u00e9 odv\u00e1\u017eeli.<\/p>\n<p class=\"c_bB\">\u201eS \u010d\u00e1st\u00ed pak nakl\u00e1dali sami, zna\u010dnou \u010d\u00e1st pohonn\u00fdch hmot ale jeden z\u00a0nich p\u0159ed\u00e1val jejich komplici. Tento mu\u017e d\u00e1le aktivn\u011b z\u00edsk\u00e1val odbyt a\u00a0sna\u017eil se o\u00a0navy\u0161ov\u00e1n\u00ed objemu odcizen\u00fdch pohonn\u00fdch hmot. Takto mu\u017ei z\u00edskali p\u0159es osm tis\u00edc litr\u016f pohonn\u00fdch hmot se \u0161kodou p\u0159esahuj\u00edc\u00ed 250\u00a0tis\u00edc korun,\u201c uvedla k\u00a0p\u0159\u00edpadu policejn\u00ed mluv\u010d\u00ed Dominika Mrkosov\u00e1.<\/p>\n<p class=\"c_bB\">Kradenou naftu p\u0159eprod\u00e1val d\u00e1l 47let\u00fd mu\u017e, co\u017e trvalo do prosince lo\u0148sk\u00e9ho roku. \u201eZa jeden litr pohonn\u00fdch hmot m\u011bl po\u017eadovat 25\u00a0korun. Jednalo se tak o\u00a0cenu v\u00fdrazn\u011b ni\u017e\u0161\u00ed, ne\u017e jak\u00e1 byla za dan\u00e9 obdob\u00ed b\u011b\u017en\u011b dostupn\u00e1 na \u010derpac\u00edch stanic\u00edch,\u201c zm\u00ednila Mrkosov\u00e1. <\/p>\n<p class=\"c_bB\">Ceny nafty na Vyso\u010din\u011b se tehdy pohybovaly pr\u016fm\u011brn\u011b kolem 34\u00a0korun za litr.<\/p>\n<p class=\"c_bB\">Jeho z\u00e1kazn\u00edky ale te\u010f m\u016f\u017ee zd\u00e1nliv\u011b v\u00fdhodn\u00fd n\u00e1kup p\u0159ij\u00edt velice draho. Policejn\u00ed vy\u0161et\u0159ovatel v\u00a0\u010dervenci a\u00a0srpnu obvinil celkem \u0161est mu\u017e\u016f ve v\u011bku od 44\u00a0do 61\u00a0let, kte\u0159\u00ed m\u011bli odcizenou naftu nakupovat. <\/p>\n<p class=\"c_bB\">\u201eV\u0161echny mu\u017ee jsme obvinili z\u00a0trestn\u00e9ho \u010dinu legalizace v\u00fdnos\u016f z\u00a0trestn\u00e9 \u010dinnosti,\u201c uvedl Ond\u0159ej Chlup\u00e1\u010dek z\u00a0hospod\u00e1\u0159sk\u00e9 krimin\u00e1lky. Obvin\u011bn\u00ed si koupili podle policie nejm\u00e9n\u011b \u010dty\u0159i tis\u00edce litr\u016f nafty. St\u00edhan\u00ed jsou na svobod\u011b, hroz\u00ed jim a\u017e \u010dty\u0159let\u00fd trest.<\/p>\n<p class=\"c_bB\">Policie upozornila, \u017ee p\u0159i n\u00e1kupu pohonn\u00fdch hmot z\u00a0neofici\u00e1ln\u00edch zdroj\u016f je pot\u0159eba b\u00fdt obez\u0159etn\u00fd. \u201ePodez\u0159ele n\u00edzk\u00e1 cena toti\u017e m\u016f\u017ee znamenat, \u017ee pohonn\u00e9 hmoty poch\u00e1zej\u00ed z\u00a0trestn\u00e9 \u010dinnosti,\u201c dodala mluv\u010d\u00ed.<\/p>\n<p><a data-dot=\"atm-link\" target=\"_self\" href=\"https:\/\/www.novinky.cz\/clanek\/krimi-s-naftou-kseftovali-zamestnanci-jihlavske-firmy-ve-velkem-komplic-chtel-jeste-vic-40552943\" class=\"c_I\" rel=\"nofollow noopener\"><img fetchpriority=\"high\" height=\"450\" width=\"800\" src=\"https:\/\/www.europesays.com\/cz\/wp-content\/uploads\/2026\/08\/jihlava-policie-kanystry-kradez-nafty.jpeg\" loading=\"eager\" decoding=\"sync\" class=\"c_t c_r\"\/><\/a><\/p>\n","protected":false},"excerpt":{"rendered":"Cel\u00fd p\u0159\u00edpad za\u010dali policist\u00e9 rozpl\u00e9tat v\u00a0polovin\u011b lo\u0148sk\u00e9ho roku. V\u00a0prosinci nejprve obvinili \u010dty\u0159i mu\u017ee z\u00a0kr\u00e1de\u017ee nafty. T\u0159i z\u00a0nich coby&hellip;\n","protected":false},"author":2,"featured_media":194610,"comment_status":"","ping_status":"","sticky":false,"template":"","format":"standard","meta":{"footnotes":"","_share_on_mastodon":"0"},"categories":[7],"tags":[43,42,41,40,2562,4830,15995,2622,469,325],"class_list":["post-194609","post","type-post","status-publish","format-standard","has-post-thumbnail","category-cesko","tag-ceska-republika","tag-cesko","tag-czech-republic","tag-czechia","tag-jihlava","tag-kradez","tag-legalizace","tag-nafta","tag-pohonne-hmoty","tag-policie"],"share_on_mastodon":{"url":"https:\/\/pubeurope.com\/@cz\/117173779843993440","error":""},"_links":{"self":[{"href":"https:\/\/www.europesays.com\/cz\/wp-json\/wp\/v2\/posts\/194609","targetHints":{"allow":["GET"]}}],"collection":[{"href":"https:\/\/www.europesays.com\/cz\/wp-json\/wp\/v2\/posts"}],"about":[{"href":"https:\/\/www.europesays.com\/cz\/wp-json\/wp\/v2\/types\/post"}],"author":[{"embeddable":true,"href":"https:\/\/www.europesays.com\/cz\/wp-json\/wp\/v2\/users\/2"}],"replies":[{"embeddable":true,"href":"https:\/\/www.europesays.com\/cz\/wp-json\/wp\/v2\/comments?post=194609"}],"version-history":[{"count":0,"href":"https:\/\/www.europesays.com\/cz\/wp-json\/wp\/v2\/posts\/194609\/revisions"}],"wp:featuredmedia":[{"embeddable":true,"href":"https:\/\/www.europesays.com\/cz\/wp-json\/wp\/v2\/media\/194610"}],"wp:attachment":[{"href":"https:\/\/www.europesays.com\/cz\/wp-json\/wp\/v2\/media?parent=194609"}],"wp:term":[{"taxonomy":"category","embeddable":true,"href":"https:\/\/www.europesays.com\/cz\/wp-json\/wp\/v2\/categories?post=194609"},{"taxonomy":"post_tag","embeddable":true,"href":"https:\/\/www.europesays.com\/cz\/wp-json\/wp\/v2\/tags?post=194609"}],"curies":[{"name":"wp","href":"https:\/\/api.w.org\/{rel}","templated":true}]}}