{"id":194661,"date":"2026-08-28T15:56:09","date_gmt":"2026-08-28T15:56:09","guid":{"rendered":"https:\/\/www.europesays.com\/cz\/194661\/"},"modified":"2026-08-28T15:56:09","modified_gmt":"2026-08-28T15:56:09","slug":"zena-uvazala-fenku-na-plzensku-ke-znacce-nechala-ji-dopis-na-rozloucenou-a-petistovku","status":"publish","type":"post","link":"https:\/\/www.europesays.com\/cz\/194661\/","title":{"rendered":"\u017dena uv\u00e1zala fenku na Plze\u0148sku ke zna\u010dce. Nechala j\u00ed dopis na rozlou\u010denou a\u00a0p\u011btistovku"},"content":{"rendered":"<p class=\"c_bB\">P\u0159\u00edpad se stal koncem \u010dervence, nyn\u00ed u\u017e m\u00e1 fena za sebou povinnou karant\u00e9nu. \u201eDa\u0161ku jsme na\u0161li ve\u010der u\u00a0silnice, byla p\u0159iv\u00e1zan\u00e1 dr\u00e1tem k\u00a0dopravn\u00ed zna\u010dce,\u201c sd\u011blila Andrea Ga\u0161parec, p\u0159edsedkyn\u011b spolku U\u00a0Franti\u0161ka, kter\u00fd pe\u010duje o\u00a0opu\u0161t\u011bn\u00e9 a\u00a0t\u00fdran\u00e9 psy. <\/p>\n<p class=\"c_bB\">Doplnila, \u017ee zv\u00ed\u0159e bylo v\u00a0dobr\u00e9 fyzick\u00e9 kondici a\u00a0m\u011blo u\u00a0sebe dopis na rozlou\u010denou. \u201eMajitelka v\u00a0n\u011bm psala, \u017ee se o\u00a0Da\u0161ku nezvl\u00e1d\u00e1 starat, proto\u017ee m\u00e1 je\u0161t\u011b dal\u0161\u00ed psy. Je chytr\u00e1 a\u00a0vesel\u00e1. Proto\u017ee jde o\u00a0k\u0159\u00ed\u017eence labradora, je tak\u00e9 temperamentn\u00ed, tak\u017ee pot\u0159ebuje zam\u011bstnat,\u201c popsala. <\/p>\n<p class=\"c_bB\">\u00datulku se poda\u0159ilo pro fenu naj\u00edt n\u00e1hradn\u00ed rodinu. \u201eU\u017e za n\u00ed jezd\u00ed a\u00a0b\u011bhem z\u00e1\u0159\u00ed si ji vezmou dom\u016f,\u201c doplnila Ga\u0161parec. <\/p>\n<p class=\"c_bB\">Podobn\u00fd p\u0159\u00edpad se odehr\u00e1l v\u00a0\u010dervnu v\u00a0jiho\u010desk\u00e9m T\u00e1bo\u0159e, kde majitel p\u0159iv\u00e1zal k\u00a0z\u00e1bradl\u00ed asi \u010dty\u0159icetikilov\u00e9ho psa. Zv\u00ed\u0159e u\u00a0sebe m\u011blo granule, deku a\u00a0l\u00edstek o\u00a0sv\u00e9m p\u016fvodu. Manny se v\u0161ak kv\u016fli prod\u011blan\u00e9mu stresu choval agresivn\u011b, tak\u017ee dostal sedativa a\u00a0str\u00e1\u017en\u00edci ho n\u00e1sledn\u011b um\u00edstili do tam\u011bj\u0161\u00edho \u00fatulku. <\/p>\n<p><a data-dot=\"atm-link\" target=\"_self\" href=\"https:\/\/www.novinky.cz\/clanek\/krimi-policie-odlozila-pozar-pri-kterem-na-karlovarsku-uhorelo-pet-psu-zhare-nevypatrala-40594890\" class=\"c_I\" rel=\"nofollow noopener\"><img fetchpriority=\"high\" height=\"1080\" width=\"1920\" src=\"https:\/\/www.europesays.com\/cz\/wp-content\/uploads\/2026\/08\/1787932569_560_zlutice-pozar.jpeg\" loading=\"eager\" decoding=\"sync\" class=\"c_t c_r\"\/><\/a><\/p>\n","protected":false},"excerpt":{"rendered":"P\u0159\u00edpad se stal koncem \u010dervence, nyn\u00ed u\u017e m\u00e1 fena za sebou povinnou karant\u00e9nu. \u201eDa\u0161ku jsme na\u0161li ve\u010der u\u00a0silnice,&hellip;\n","protected":false},"author":2,"featured_media":194662,"comment_status":"","ping_status":"","sticky":false,"template":"","format":"standard","meta":{"footnotes":"","_share_on_mastodon":"0"},"categories":[7],"tags":[43,42,41,40,38171,1535,1653,9174,2264],"class_list":["post-194661","post","type-post","status-publish","format-standard","has-post-thumbnail","category-cesko","tag-ceska-republika","tag-cesko","tag-czech-republic","tag-czechia","tag-fena","tag-plzensko","tag-psi","tag-utulek","tag-zachrana"],"share_on_mastodon":{"url":"https:\/\/pubeurope.com\/@cz\/117173956335017954","error":""},"_links":{"self":[{"href":"https:\/\/www.europesays.com\/cz\/wp-json\/wp\/v2\/posts\/194661","targetHints":{"allow":["GET"]}}],"collection":[{"href":"https:\/\/www.europesays.com\/cz\/wp-json\/wp\/v2\/posts"}],"about":[{"href":"https:\/\/www.europesays.com\/cz\/wp-json\/wp\/v2\/types\/post"}],"author":[{"embeddable":true,"href":"https:\/\/www.europesays.com\/cz\/wp-json\/wp\/v2\/users\/2"}],"replies":[{"embeddable":true,"href":"https:\/\/www.europesays.com\/cz\/wp-json\/wp\/v2\/comments?post=194661"}],"version-history":[{"count":0,"href":"https:\/\/www.europesays.com\/cz\/wp-json\/wp\/v2\/posts\/194661\/revisions"}],"wp:featuredmedia":[{"embeddable":true,"href":"https:\/\/www.europesays.com\/cz\/wp-json\/wp\/v2\/media\/194662"}],"wp:attachment":[{"href":"https:\/\/www.europesays.com\/cz\/wp-json\/wp\/v2\/media?parent=194661"}],"wp:term":[{"taxonomy":"category","embeddable":true,"href":"https:\/\/www.europesays.com\/cz\/wp-json\/wp\/v2\/categories?post=194661"},{"taxonomy":"post_tag","embeddable":true,"href":"https:\/\/www.europesays.com\/cz\/wp-json\/wp\/v2\/tags?post=194661"}],"curies":[{"name":"wp","href":"https:\/\/api.w.org\/{rel}","templated":true}]}}