{"id":194665,"date":"2026-08-28T15:59:13","date_gmt":"2026-08-28T15:59:13","guid":{"rendered":"https:\/\/www.europesays.com\/cz\/194665\/"},"modified":"2026-08-28T15:59:13","modified_gmt":"2026-08-28T15:59:13","slug":"praha-se-brzy-promeni-v-dejiste-obriho-tajemstvi-netflix-chysta-neco-co-pritahne-pozornost-celeho-sveta","status":"publish","type":"post","link":"https:\/\/www.europesays.com\/cz\/194665\/","title":{"rendered":"Praha se brzy prom\u011bn\u00ed v d\u011bji\u0161t\u011b ob\u0159\u00edho tajemstv\u00ed. Netflix chyst\u00e1 n\u011bco, co p\u0159it\u00e1hne pozornost cel\u00e9ho sv\u011bta"},"content":{"rendered":"<p>\n\t\t\t\tV ulic\u00edch Prahy se za\u010d\u00edn\u00e1 schylovat k nat\u00e1\u010den\u00ed, kter\u00e9 m\u016f\u017ee na n\u011bkolik m\u011bs\u00edc\u016f zm\u011bnit tv\u00e1\u0159 n\u011bkter\u00fdch zn\u00e1m\u00fdch m\u00edst. Do \u010desk\u00e9 metropole m\u00ed\u0159\u00ed velk\u00e1 zahrani\u010dn\u00ed produkce, kolem n\u00ed\u017e se zat\u00edm mluv\u00ed sp\u00ed\u0161e v n\u00e1znac\u00edch. Jist\u00e9 je jedin\u00e9: tentokr\u00e1t nep\u016fjde o oby\u010dejn\u00fd seri\u00e1l.\n\t\t\t<\/p>\n<p>Dlouho o\u010dek\u00e1van\u00e9 nat\u00e1\u010den\u00ed u\u017e m\u00e1 prvn\u00ed obrysy<\/p>\n<p>Praha u\u017e si na velk\u00e9 filmov\u00e9 produkce d\u00e1vno zvykla. Tentokr\u00e1t se ale chyst\u00e1 projekt, kter\u00fd m\u016f\u017ee b\u00fdt pro \u010deskou metropoli mimo\u0159\u00e1dn\u011b zaj\u00edmavou reklamou. V ulic\u00edch, kde b\u011b\u017en\u011b proud\u00ed turist\u00e9, se toti\u017e maj\u00ed objevit filmov\u00e9 kamery kv\u016fli nov\u00e9mu netflixov\u00e9mu seri\u00e1lu inspirovan\u00e9mu nejnov\u011bj\u0161\u00edm rom\u00e1nem jednoho z nejslavn\u011bj\u0161\u00edch sv\u011btov\u00fdch spisovatel\u016f. A podle sou\u010dasn\u00fdch informac\u00ed nebude Praha pouze kulisou.<\/p>\n<p>Prvn\u00ed p\u0159\u00edpravy u\u017e jsou v pln\u00e9m proudu. Pra\u017esk\u00e1 produkce m\u00e1 pod pracovn\u00edm n\u00e1zvem Trident vyu\u017e\u00edt \u0159adu m\u00edst v historick\u00e9m centru a podle informac\u00ed o projektu se v metropoli bude nat\u00e1\u010det od srpna a\u017e do \u00fanora 2027. Pra\u017esk\u00fd audiovizu\u00e1ln\u00ed fond projekt eviduje pr\u00e1v\u011b pod ozna\u010den\u00edm Trident a uv\u00e1d\u00ed jako \u017eadatele spole\u010dnost Stillking Features.<\/p>\n<p>Tajemstv\u00ed, kter\u00e9 se nebude schov\u00e1vat jen za kulisami<\/p>\n<p>Nejzaj\u00edmav\u011bj\u0161\u00ed na cel\u00e9 produkci je skute\u010dnost, \u017ee filma\u0159i necht\u011bj\u00ed Prahu p\u0159evl\u00e9kat za jin\u00e9 m\u011bsto. Naopak. Historick\u00e9 centrum se m\u00e1 ve v\u00fdsledn\u00e9m seri\u00e1lu objevit jako Praha. A to je v tomto p\u0159\u00edpad\u011b velmi d\u016fle\u017eit\u00e9, proto\u017ee samotn\u00fd p\u0159\u00edb\u011bh je s \u010deskou metropol\u00ed pevn\u011b spojen.<\/p>\n<p>U\u017e nyn\u00ed se po\u010d\u00edt\u00e1 s filmov\u00e1n\u00edm v okol\u00ed Karlova mostu, Starom\u011bstsk\u00e9ho n\u00e1m\u011bst\u00ed a dal\u0161\u00edch \u010d\u00e1st\u00ed historick\u00e9ho centra. P\u0159ipravovan\u00e9 uzav\u00edrky a rezervace prostoru pro filmovou techniku potvrzuj\u00ed, \u017ee nep\u016fjde o malou produkci. Podle informac\u00ed z Prahy se prvn\u00ed v\u00fdrazn\u011bj\u0161\u00ed nat\u00e1\u010dec\u00ed aktivita rozb\u00edh\u00e1 pr\u00e1v\u011b v t\u011bchto dnech a hlavn\u00ed pr\u00e1ce maj\u00ed pokra\u010dovat v z\u00e1\u0159\u00ed.<\/p>\n<p>A pokud jste si pr\u00e1v\u011b \u0159ekli, \u017ee u\u017e v\u00edte, o jak\u00e9m seri\u00e1lu je \u0159e\u010d, p\u0159ich\u00e1z\u00ed je\u0161t\u011b jedna zaj\u00edmavost. <a href=\"https:\/\/www.kinotip2.cz\/clanky\/dva-filmy-na-netflixu-o-kterych-se-letos-v-lete-bude-mluvit-jeden-vas-rozplace-druhy-sokuje-20260624-17096.html\" rel=\"nofollow noopener\" target=\"_blank\">Netflix <\/a>\u00a0zat\u00edm ofici\u00e1ln\u00ed n\u00e1zev seri\u00e1lu nepotvrdil. Pracuje se s n\u00e1zvem Trident, zat\u00edmco p\u0159edloha m\u00e1 n\u00e1zev Tajemstv\u00ed v\u0161ech tajemstv\u00ed. Pra\u017esk\u00fd audiovizu\u00e1ln\u00ed fond u\u017e ale spojen\u00ed pracovn\u00edho n\u00e1zvu s novou knihou Dana Browna uv\u00e1d\u00ed zcela otev\u0159en\u011b.<\/p>\n<p>Vrac\u00ed se mu\u017e, kter\u00fd hled\u00e1 odpov\u011bdi tam, kde je ostatn\u00ed nevid\u00ed<\/p>\n<p>A pr\u00e1v\u011b tady se tajemstv\u00ed pomalu odhaluje. <a href=\"https:\/\/www.kinotip2.cz\/clanky\/vasnivejsi-film-letos-netflix-jeste-neuvedl-divaci-resi-hlavne-jednoho-herce-20260722-17388.html\" rel=\"nofollow noopener\" target=\"_blank\">Netflix<\/a> p\u0159ipravuje seri\u00e1lovou adaptaci nejnov\u011bj\u0161\u00edho rom\u00e1nu Dana Browna, v n\u011bm\u017e se znovu vrac\u00ed profesor <a href=\"https:\/\/www.kinotip2.cz\/clanky\/sifra-mistra-leonarda-snimek-kvuli-kteremu-se-producenti-dostali-az-pred-soud-a-poboureni-krestane-drzeli-hladovku-20200911-1157.html\" rel=\"nofollow noopener\" target=\"_blank\">Robert Langdon<\/a>.<\/p>\n<p>Tentokr\u00e1t ho v\u0161ak neuvid\u00edme v pod\u00e1n\u00ed Toma Hankse. Slavn\u00e9ho harvardsk\u00e9ho profesora a odborn\u00edka na symboly ztv\u00e1rn\u00ed Morgan Spector.\u00a0Netflix ho ofici\u00e1ln\u011b p\u0159edstavil v \u010dervenci.<\/p>\n<p><a data-fslightbox=\"article-gallery\" href=\"https:\/\/www.kinotip2.cz\/uploads\/image-gallery\/1200x1200_shrink_only\/7077-image-2026-08-25-14-56-43.jpg\" rel=\"nofollow noopener\" target=\"_blank\"><img decoding=\"async\" alt=\"Morgan Spector\" loading=\"lazy\" src=\"https:\/\/www.europesays.com\/cz\/wp-content\/uploads\/2026\/08\/7077-image-2026-08-25-14-56-43.jpg\"\/><\/a><\/p>\n<p>Morgan Spector | Zdroj: Featureflash Photo Agency \/ Shutterstock<\/p>\n<p>Langdon se ocitne v Praze, kde se rozj\u00ed\u017ed\u00ed p\u00e1tr\u00e1n\u00ed po zmizel\u00e9 v\u011bdkyni Katherine Solomonov\u00e9 a po rukopisu, jeho\u017e obsah m\u016f\u017ee z\u00e1sadn\u011b zm\u011bnit na\u0161e ch\u00e1p\u00e1n\u00ed lidsk\u00e9 mysli. P\u0159\u00edb\u011bh propojuje modern\u00ed v\u011bdu, tajemstv\u00ed lidsk\u00e9ho v\u011bdom\u00ed, historii, symboly a samoz\u0159ejm\u011b tak\u00e9 po\u0159\u00e1dnou d\u00e1vku nebezpe\u010d\u00ed.<\/p>\n<p>A pr\u00e1v\u011b Katherine p\u0159in\u00e1\u0161\u00ed do Langdonova \u017eivota n\u011bco, co jsme u n\u011bj v p\u0159edchoz\u00edch p\u0159\u00edb\u011bz\u00edch v takov\u00e9 podob\u011b nevid\u011bli. Jeho partnerku ztv\u00e1rn\u00ed Rebecca Hall. V\u00a0re\u00e1ln\u00e9m \u017eivot\u011b je man\u017eelkou Morgana Spectora. Netflix jejich obsazen\u00ed u\u017e ofici\u00e1ln\u011b potvrdil.<\/p>\n<p>Osm hodin na hled\u00e1n\u00ed stop<\/p>\n<p>Velkou v\u00fdhodou nov\u00e9 adaptace m\u00e1 b\u00fdt prostor. Nejde toti\u017e o dal\u0161\u00ed dvouhodinov\u00fd film, do kter\u00e9ho se mus\u00ed Brownova komplikovan\u00e1 z\u00e1pletka vt\u011bsnat za ka\u017edou cenu. Projekt je p\u0159ipravov\u00e1n jako p\u0159ibli\u017en\u011b osmihodinov\u00fd seri\u00e1l, co\u017e tv\u016frc\u016fm umo\u017en\u00ed mnohem podrobn\u011bji pracovat s postavami, z\u00e1hadami i jednotliv\u00fdmi stopami.<\/p>\n<p>Showrunnerem a spolutv\u016frcem je Carlton Cuse, kter\u00fd stoj\u00ed mimo jin\u00e9 za seri\u00e1lem Lost. S\u00e1m popsal p\u0159\u00edb\u011bh jako thriller zasazen\u00fd do Prahy, kter\u00fd je z\u00e1rove\u0148 milostn\u00fdm p\u0159\u00edb\u011bhem a zab\u00fdv\u00e1 se provokativn\u00ed ot\u00e1zkou lidsk\u00e9ho v\u011bdom\u00ed. Dan Brown je na projektu rovn\u011b\u017e v\u00fdkonn\u00fdm producentem.<\/p>\n<p>Krom\u011b Spectora a Hall se v obsazen\u00ed objev\u00ed tak\u00e9 Cherry Jones, Corey Stoll, Rob Delaney a Abbey Lee.<\/p>\n<p>\n\t<a href=\"https:\/\/www.kinotip2.cz\/clanky\/zapomenute-vzkazy-osudova-nahoda-a-laska-netflix-uvadi-kandidata-na-nejromantictejsi-komedii-leta-20260613-16997.html\" class=\"article-box__item\" rel=\"nofollow noopener\" target=\"_blank\"><\/p>\n<p>Souvisej\u00edc\u00ed<\/p>\n<p>\t\t\t\t\t<img decoding=\"async\" loading=\"lazy\" src=\"https:\/\/www.europesays.com\/cz\/wp-content\/uploads\/2026\/08\/16997-zapomenute-vzkazy-osudova-nahoda-a-laska-netflix-uvadi-kandidata-na-nejromantictejsi-komedii-l.jpeg\" width=\"660\" height=\"440\" alt=\"Zapomenut\u00e9 vzkazy, osudov\u00e1 n\u00e1hoda a l\u00e1ska. Netflix uv\u00e1d\u00ed kandid\u00e1ta na nejromanti\u010dt\u011bj\u0161\u00ed komedii l\u00e9ta\" title=\"Zapomenut\u00e9 vzkazy, osudov\u00e1 n\u00e1hoda a l\u00e1ska. Netflix uv\u00e1d\u00ed kandid\u00e1ta na nejromanti\u010dt\u011bj\u0161\u00ed komedii l\u00e9ta\"\/><\/p>\n<p>Zapomenut\u00e9 vzkazy, osudov\u00e1 n\u00e1hoda a l\u00e1ska. Netflix uv\u00e1d\u00ed kandid\u00e1ta na\u2026<\/p>\n<p>Ka\u017ed\u00fd den j\u00ed volala, p\u0159esto\u017ee v\u011bd\u011bla, \u017ee u\u017e nikdy nezvedne telefon. Hlasov\u00e9 zpr\u00e1vy ur\u010den\u00e9 zesnul\u00e9 sest\u0159e se m\u011bly nav\u017edy ztratit v tichu. M\u00edsto toho\u2026<\/p>\n<p>P\u0159e\u010d\u00edst \u010dl\u00e1nek \u2192<\/p>\n<p>\t<\/a>\n<\/p>\n<p>Karl\u016fv most, Klementinum a m\u00edsta, kter\u00e1 mo\u017en\u00e1 za\u010dneme vid\u011bt jinak<\/p>\n<p>Praha m\u00e1 v cel\u00e9 v\u011bci je\u0161t\u011b jednu zvl\u00e1\u0161tn\u00ed roli. Brown\u016fv rom\u00e1n byl na sv\u011btov\u00fd trh uveden v roce 2025 a pr\u00e1v\u011b Praha je jedn\u00edm z jeho hlavn\u00edch d\u011bji\u0161\u0165. V p\u0159\u00edb\u011bhu se objevuj\u00ed nap\u0159\u00edklad Karl\u016fv most, Klementinum, Pet\u0159\u00ednsk\u00e1 rozhledna s bludi\u0161t\u011bm, Vy\u0161ehrad nebo Josefov.<\/p>\n<p>To znamen\u00e1, \u017ee tentokr\u00e1t nemus\u00ed \u010desk\u00fd div\u00e1k p\u0159i sledov\u00e1n\u00ed \u010dekat, zda pozn\u00e1 n\u011bjakou ulici, kter\u00e1 byla ve filmu vyd\u00e1v\u00e1na za Pa\u0159\u00ed\u017e, \u0158\u00edm nebo V\u00edde\u0148. Praha m\u00e1 b\u00fdt sama sebou. A pokud tv\u016frci vyu\u017eij\u00ed jej\u00ed skute\u010dnou atmosf\u00e9ru tak, jak ji Brown vyu\u017eil v knize, mohou n\u011bkter\u00e1 d\u016fv\u011brn\u011b zn\u00e1m\u00e1 m\u00edsta dostat po\u0159\u00e1dn\u011b tajemn\u00fd n\u00e1dech.<\/p>\n<p>Nat\u00e1\u010den\u00ed m\u00e1 pokra\u010dovat tak\u00e9 v New Yorku. P\u0159esn\u00fd term\u00edn premi\u00e9ry Netflix zat\u00edm neozn\u00e1mil, p\u0159esto \u010desk\u00e9 filmov\u00e9 zdroje uv\u00e1d\u011bj\u00ed, \u017ee by seri\u00e1l mohl dorazit v roce 2028. Pra\u017esk\u00fd audiovizu\u00e1ln\u00ed fond dokonce eviduje prvn\u00ed \u010dtvrtlet\u00ed roku 2028, jde v\u0161ak o \u00fadaj z datab\u00e1ze podpory projektu, nikoli o ofici\u00e1ln\u011b potvrzen\u00fd term\u00edn Netflixu.<\/p>\n<p>A tak se Praha pomalu p\u0159ipravuje na dal\u0161\u00ed filmovou prom\u011bnu. Tentokr\u00e1t ale mo\u017en\u00e1 nebude nejv\u011bt\u0161\u00edm l\u00e1kadlem slavn\u00fd herec ani drah\u00e9 kulisy. Mnohem zaj\u00edmav\u011bj\u0161\u00ed bude sledovat, co v\u0161echno dok\u00e1\u017eou filma\u0159i ukr\u00fdt do m\u00edst, kolem kter\u00fdch ka\u017ed\u00fd den chod\u00edme. Proto\u017ee jestli Dan Brown n\u011bco um\u00ed, pak p\u0159esv\u011bd\u010dit \u010dten\u00e1\u0159e, \u017ee za oby\u010dejn\u00fdm symbolem, starou budovou nebo zd\u00e1nliv\u011b bezv\u00fdznamn\u00fdm detailem m\u016f\u017ee \u010dekat p\u0159\u00edb\u011bh, kter\u00fd tam cel\u00e9 roky nikdo nevid\u011bl.<\/p>\n","protected":false},"excerpt":{"rendered":"V ulic\u00edch Prahy se za\u010d\u00edn\u00e1 schylovat k nat\u00e1\u010den\u00ed, kter\u00e9 m\u016f\u017ee na n\u011bkolik m\u011bs\u00edc\u016f zm\u011bnit tv\u00e1\u0159 n\u011bkter\u00fdch zn\u00e1m\u00fdch m\u00edst.&hellip;\n","protected":false},"author":2,"featured_media":194666,"comment_status":"","ping_status":"","sticky":false,"template":"","format":"standard","meta":{"footnotes":"","_share_on_mastodon":"0"},"categories":[30],"tags":[1093,20844,3844,20845,181,98,99,3990,1746,3099],"class_list":["post-194665","post","type-post","status-publish","format-standard","has-post-thumbnail","category-praha","tag-filmy","tag-hodnoceni-filmu","tag-kino","tag-kinotip","tag-novinky","tag-prague","tag-praha","tag-premiera","tag-recenze-filmu","tag-tipy"],"share_on_mastodon":{"url":"https:\/\/pubeurope.com\/@cz\/117173969074051120","error":""},"_links":{"self":[{"href":"https:\/\/www.europesays.com\/cz\/wp-json\/wp\/v2\/posts\/194665","targetHints":{"allow":["GET"]}}],"collection":[{"href":"https:\/\/www.europesays.com\/cz\/wp-json\/wp\/v2\/posts"}],"about":[{"href":"https:\/\/www.europesays.com\/cz\/wp-json\/wp\/v2\/types\/post"}],"author":[{"embeddable":true,"href":"https:\/\/www.europesays.com\/cz\/wp-json\/wp\/v2\/users\/2"}],"replies":[{"embeddable":true,"href":"https:\/\/www.europesays.com\/cz\/wp-json\/wp\/v2\/comments?post=194665"}],"version-history":[{"count":0,"href":"https:\/\/www.europesays.com\/cz\/wp-json\/wp\/v2\/posts\/194665\/revisions"}],"wp:featuredmedia":[{"embeddable":true,"href":"https:\/\/www.europesays.com\/cz\/wp-json\/wp\/v2\/media\/194666"}],"wp:attachment":[{"href":"https:\/\/www.europesays.com\/cz\/wp-json\/wp\/v2\/media?parent=194665"}],"wp:term":[{"taxonomy":"category","embeddable":true,"href":"https:\/\/www.europesays.com\/cz\/wp-json\/wp\/v2\/categories?post=194665"},{"taxonomy":"post_tag","embeddable":true,"href":"https:\/\/www.europesays.com\/cz\/wp-json\/wp\/v2\/tags?post=194665"}],"curies":[{"name":"wp","href":"https:\/\/api.w.org\/{rel}","templated":true}]}}