{"id":194705,"date":"2026-08-28T16:35:09","date_gmt":"2026-08-28T16:35:09","guid":{"rendered":"https:\/\/www.europesays.com\/cz\/194705\/"},"modified":"2026-08-28T16:35:09","modified_gmt":"2026-08-28T16:35:09","slug":"obri-kroupy-zranily-ve-svycarsku-vice-nez-40-lidi","status":"publish","type":"post","link":"https:\/\/www.europesays.com\/cz\/194705\/","title":{"rendered":"Ob\u0159\u00ed kroupy zranily ve \u0160v\u00fdcarsku v\u00edce ne\u017e 40\u00a0lid\u00ed"},"content":{"rendered":"<p class=\"c_bB\">N\u00e1razy v\u011btru v\u00a0bou\u0159k\u00e1ch, kter\u00e9 zas\u00e1hly b\u011bhem p\u00e1te\u010dn\u00edho dne severoz\u00e1pad \u0160v\u00fdcarska, dosahovaly hodnot p\u0159es 140\u00a0km\/h. Nejv\u011bt\u0161\u00ed \u0161kody v\u0161ak zp\u016fsobovalo krupobit\u00ed. Velikost krup byla o\u00a0pr\u016fm\u011bru 6\u00a0a\u017e 8\u00a0cm. <\/p>\n<p class=\"c_bB\">V obci <a data-dot=\"atm-link\" target=\"_blank\" rel=\"noopener nofollow\" href=\"https:\/\/www.srf.ch\/news\/schweiz\/schaeden-nach-gewitterfront-dutzende-verletzte-umgewehte-lastwagen-geknickte-strommasten?utm_source=chatgpt.com\" class=\"c_I\">Neftenbach<\/a> v\u00a0kantonu Curych krupobit\u00ed zas\u00e1hlo \u0161kolu a\u00a0bylo zran\u011bno p\u0159ibli\u017en\u011b 40\u00a0lid\u00ed, v\u011bt\u0161inou d\u011bt\u00ed. V\u00a0kantonu Solothurn utrp\u011bla zran\u011bn\u00ed 42let\u00e1 \u017eena, kterou zas\u00e1hl padaj\u00edc\u00ed strom. <\/p>\n<p class=\"c_bB\">Bou\u0159ky zp\u016fsobily zna\u010dn\u00e9 \u0161kody na infrastruktu\u0159e. V\u00a0kantonu Aargau vichr vyvr\u00e1til \u010dty\u0159i betonov\u00e9 sloupy elektrick\u00e9ho veden\u00ed. Na d\u00e1lnici A1\u00a0poryv v\u011btru p\u0159evr\u00e1til kamion, \u0159idi\u010d vyv\u00e1zl bez zran\u011bn\u00ed. <\/p>\n<p lang=\"fr\" dir=\"ltr\">Les violents orages se sont d\u00e9cal\u00e9s vers la Suisse ce matin avec des chutes de gr\u00eale jusqu&#8217;\u00e0 8 cm de diam\u00e8tre sous des supercellules dans le canton de Zurich.<br \/>A la Br\u00e9vine, dans le Jura, une rafale \u00e0 plus de 120 km\/h a \u00e9t\u00e9 relev\u00e9e.<br \/>Vid\u00e9o de Tobias von Monkiewitsch <a href=\"https:\/\/t.co\/zCUX6YPuRk\" rel=\"nofollow\">pic.twitter.com\/zCUX6YPuRk<\/a><\/p>\n<p>\u2014 Keraunos (@KeraunosObs) <a href=\"https:\/\/x.com\/KeraunosObs\/status\/2093283966463709462?ref_src=twsrc%5Etfw\" rel=\"nofollow\">August 28, 2026<\/a><\/p>\n<p class=\"c_bB\">Siln\u00e9 bou\u0159ky se v\u00a0p\u00e1tek objevily tak\u00e9 v\u00a0It\u00e1lii, Francii a\u00a0N\u011bmecku a\u00a0ve\u010der by m\u011bly dorazit i\u00a0do \u010ceska. <\/p>\n<p><a data-dot=\"atm-link\" target=\"_self\" href=\"https:\/\/www.novinky.cz\/clanek\/pocasi-francii-a-italii-se-prohnaly-supercely-obrovske-kroupy-nicily-auta-40594888\" class=\"c_I\" rel=\"nofollow noopener\"><img fetchpriority=\"high\" height=\"1080\" width=\"1920\" src=\"https:\/\/www.europesays.com\/cz\/wp-content\/uploads\/2026\/08\/1787934909_899_italie-kroupy.jpeg\" loading=\"eager\" decoding=\"sync\" class=\"c_t c_r\"\/><\/a><script async src=\"https:\/\/platform.twitter.com\/widgets.js\" charset=\"utf-8\"><\/script><\/p>\n","protected":false},"excerpt":{"rendered":"N\u00e1razy v\u011btru v\u00a0bou\u0159k\u00e1ch, kter\u00e9 zas\u00e1hly b\u011bhem p\u00e1te\u010dn\u00edho dne severoz\u00e1pad \u0160v\u00fdcarska, dosahovaly hodnot p\u0159es 140\u00a0km\/h. Nejv\u011bt\u0161\u00ed \u0161kody v\u0161ak zp\u016fsobovalo&hellip;\n","protected":false},"author":2,"featured_media":194706,"comment_status":"","ping_status":"","sticky":false,"template":"","format":"standard","meta":{"footnotes":"","_share_on_mastodon":"0"},"categories":[10],"tags":[3862,17,21,10795,16,255,18,19,22,11416,20],"class_list":["post-194705","post","type-post","status-publish","format-standard","has-post-thumbnail","category-zpravy","tag-bourka","tag-headlines","tag-hlavni-udalosti","tag-kroupy-pocasi","tag-news","tag-pocasi","tag-top-news","tag-top-stories","tag-udalosti-dne","tag-vitr","tag-zpravy"],"share_on_mastodon":{"url":"https:\/\/pubeurope.com\/@cz\/117174109979808939","error":""},"_links":{"self":[{"href":"https:\/\/www.europesays.com\/cz\/wp-json\/wp\/v2\/posts\/194705","targetHints":{"allow":["GET"]}}],"collection":[{"href":"https:\/\/www.europesays.com\/cz\/wp-json\/wp\/v2\/posts"}],"about":[{"href":"https:\/\/www.europesays.com\/cz\/wp-json\/wp\/v2\/types\/post"}],"author":[{"embeddable":true,"href":"https:\/\/www.europesays.com\/cz\/wp-json\/wp\/v2\/users\/2"}],"replies":[{"embeddable":true,"href":"https:\/\/www.europesays.com\/cz\/wp-json\/wp\/v2\/comments?post=194705"}],"version-history":[{"count":0,"href":"https:\/\/www.europesays.com\/cz\/wp-json\/wp\/v2\/posts\/194705\/revisions"}],"wp:featuredmedia":[{"embeddable":true,"href":"https:\/\/www.europesays.com\/cz\/wp-json\/wp\/v2\/media\/194706"}],"wp:attachment":[{"href":"https:\/\/www.europesays.com\/cz\/wp-json\/wp\/v2\/media?parent=194705"}],"wp:term":[{"taxonomy":"category","embeddable":true,"href":"https:\/\/www.europesays.com\/cz\/wp-json\/wp\/v2\/categories?post=194705"},{"taxonomy":"post_tag","embeddable":true,"href":"https:\/\/www.europesays.com\/cz\/wp-json\/wp\/v2\/tags?post=194705"}],"curies":[{"name":"wp","href":"https:\/\/api.w.org\/{rel}","templated":true}]}}