{"id":194733,"date":"2026-08-28T16:57:06","date_gmt":"2026-08-28T16:57:06","guid":{"rendered":"https:\/\/www.europesays.com\/cz\/194733\/"},"modified":"2026-08-28T16:57:06","modified_gmt":"2026-08-28T16:57:06","slug":"chteli-me-vyhodit-protoze-jsem-tlusta-sokuje-hvezda-zprav-na-nove-kristina-kloubkova-zena-cz","status":"publish","type":"post","link":"https:\/\/www.europesays.com\/cz\/194733\/","title":{"rendered":"\u201eCht\u011bli m\u011b vyhodit, proto\u017ee jsem tlust\u00e1,\u201c \u0161okuje hv\u011bzda zpr\u00e1v na Nov\u011b Kristina Kloubkov\u00e1 \u2013 \u017dena.cz"},"content":{"rendered":"<p>P\u0159\u00edli\u0161 t\u011b\u017ek\u00e1 na zveda\u010dky<\/p>\n<p>Klasick\u00fd balet vy\u017eaduje nejen discipl\u00ednu a hodiny tr\u00e9ninku, ale tak\u00e9 ur\u010dit\u00e9 fyzick\u00e9 p\u0159edpoklady. Kristina je podle sv\u00fdch slov nem\u011bla. Chyb\u011bly j\u00ed nap\u0159\u00edklad dostate\u010dn\u011b vyto\u010den\u00e9 ky\u010dle nebo v\u00fdrazn\u00e9 n\u00e1rty. A pr\u00e1v\u011b jej\u00ed v\u00e1ha se stala d\u016fvodem, pro\u010d ji p\u0159i tane\u010dn\u00edch zveda\u010dk\u00e1ch ostatn\u00ed dlouho odm\u00edtali. \u201eM\u011b nikdy nikdo nezvedal do zveda\u010dek, proto\u017ee: \u201aje velk\u00e1 a tlust\u00e1, tu nezvednete, kluci, strhnete se\u2018,\u201c vzpom\u00edn\u00e1.<\/p>\n","protected":false},"excerpt":{"rendered":"P\u0159\u00edli\u0161 t\u011b\u017ek\u00e1 na zveda\u010dky Klasick\u00fd balet vy\u017eaduje nejen discipl\u00ednu a hodiny tr\u00e9ninku, ale tak\u00e9 ur\u010dit\u00e9 fyzick\u00e9 p\u0159edpoklady. Kristina&hellip;\n","protected":false},"author":2,"featured_media":194734,"comment_status":"","ping_status":"","sticky":false,"template":"","format":"standard","meta":{"footnotes":"","_share_on_mastodon":"0"},"categories":[14],"tags":[79,5545,15446,44983,9374,11099,80],"class_list":["post-194733","post","type-post","status-publish","format-standard","has-post-thumbnail","category-zabava","tag-entertainment","tag-hubnuti","tag-kristyna-kloubkova","tag-miluse-bittnerova","tag-nadvaha","tag-trauma","tag-zabava"],"share_on_mastodon":{"url":"https:\/\/pubeurope.com\/@cz\/117174196133823921","error":""},"_links":{"self":[{"href":"https:\/\/www.europesays.com\/cz\/wp-json\/wp\/v2\/posts\/194733","targetHints":{"allow":["GET"]}}],"collection":[{"href":"https:\/\/www.europesays.com\/cz\/wp-json\/wp\/v2\/posts"}],"about":[{"href":"https:\/\/www.europesays.com\/cz\/wp-json\/wp\/v2\/types\/post"}],"author":[{"embeddable":true,"href":"https:\/\/www.europesays.com\/cz\/wp-json\/wp\/v2\/users\/2"}],"replies":[{"embeddable":true,"href":"https:\/\/www.europesays.com\/cz\/wp-json\/wp\/v2\/comments?post=194733"}],"version-history":[{"count":0,"href":"https:\/\/www.europesays.com\/cz\/wp-json\/wp\/v2\/posts\/194733\/revisions"}],"wp:featuredmedia":[{"embeddable":true,"href":"https:\/\/www.europesays.com\/cz\/wp-json\/wp\/v2\/media\/194734"}],"wp:attachment":[{"href":"https:\/\/www.europesays.com\/cz\/wp-json\/wp\/v2\/media?parent=194733"}],"wp:term":[{"taxonomy":"category","embeddable":true,"href":"https:\/\/www.europesays.com\/cz\/wp-json\/wp\/v2\/categories?post=194733"},{"taxonomy":"post_tag","embeddable":true,"href":"https:\/\/www.europesays.com\/cz\/wp-json\/wp\/v2\/tags?post=194733"}],"curies":[{"name":"wp","href":"https:\/\/api.w.org\/{rel}","templated":true}]}}