{"id":194749,"date":"2026-08-28T17:12:15","date_gmt":"2026-08-28T17:12:15","guid":{"rendered":"https:\/\/www.europesays.com\/cz\/194749\/"},"modified":"2026-08-28T17:12:15","modified_gmt":"2026-08-28T17:12:15","slug":"divoky-den-v-ceute-brutalni-utok-migrantu-na-neozbrojene-vojaky-zazehnul-jiskru-aktualne-cz","status":"publish","type":"post","link":"https:\/\/www.europesays.com\/cz\/194749\/","title":{"rendered":"Divok\u00fd den v Ceut\u011b. Brut\u00e1ln\u00ed \u00fatok migrant\u016f na neozbrojen\u00e9 voj\u00e1ky za\u017eehnul jiskru \u2013 Aktu\u00e1ln\u011b.cz"},"content":{"rendered":"<p>Na pomoc arm\u00e1d\u011b musela vyrazit t\u0159i vozidla N\u00e1rodn\u00ed policie a \u010detnictva. T\u011bm se poda\u0159ilo voj\u00e1ky zachr\u00e1nit a zatknout dvan\u00e1ct podez\u0159el\u00fdch ve v\u011bku 35 a\u017e 40 let, v\u0161echny marock\u00e9 n\u00e1rodnosti. Zbytek uprchl. B\u011bhem operace padly varovn\u00e9 v\u00fdst\u0159ely s c\u00edlem skupinu \u00fato\u010dn\u00edk\u016f zastra\u0161it a rozpr\u00e1\u0161it.<\/p>\n<p>\u010cty\u0159i voj\u00e1ci utrp\u011bli r\u016fzn\u011b v\u00e1\u017en\u00e1 zran\u011bn\u00ed. Podle <a href=\"https:\/\/elfarodeceuta.es\/asi-ha-quedado-vehiculo-militar-emboscada-inmigrantes\/\" target=\"_blank\" rel=\"nofollow noopener\">m\u00e9di\u00ed<\/a> \u0161lo o tak intenzivn\u00ed \u00fatok, \u017ee jen v\u010dasn\u00fd p\u0159\u00edjezd posil zachr\u00e1nil voj\u00e1k\u016fm \u017eivot. \u201eDoslova je drtili,\u201c popsal den\u00edku El Faro de Ceuta zdroj, kter\u00fd byl p\u0159\u00edtomen incidentu. Den\u00edk zve\u0159ejnil i z\u00e1b\u011bry zdevastovan\u00e9ho arm\u00e1dn\u00edho ter\u00e9nn\u00edho vozidla.<\/p>\n<p>Sjednocen\u00e1 asociace \u0161pan\u011blsk\u00fdch voj\u00e1k\u016f upozornila, \u017ee voj\u00e1ci jsou nasazeni bez jasn\u00e9ho mand\u00e1tu k\u00a0pou\u017eit\u00ed s\u00edly. \u201eArm\u00e1da nem\u016f\u017ee b\u00fdt vysl\u00e1na na mise tohoto druhu bez dostate\u010dn\u00fdch zdroj\u016f, v\u00fdcviku a pr\u00e1vn\u00ed podpory,\u201c kritizuje asociace v prohl\u00e1\u0161en\u00ed.\u00a0Arm\u00e1d\u011b v Ceut\u011b nicm\u00e9n\u011b chyb\u00ed jasn\u00fd r\u00e1mec, kter\u00fd by j\u00ed umo\u017e\u0148oval uplat\u0148ovat pr\u00e1vo na sebeobranu v p\u0159\u00edpad\u011b \u00fatok\u016f nebo situac\u00ed bezprost\u0159edn\u00edho rizika.<\/p>\n<p>V\u00a0Ceut\u011b u\u017e n\u011bkolik\u00e1t\u00fd den pokra\u010duj\u00ed protesty obyvatel proti pokra\u010duj\u00edc\u00ed p\u0159\u00edtomnosti tis\u00edc\u016f migrant\u016f, kte\u0159\u00ed p\u0159ekro\u010dili hranice b\u011bhem masivn\u00ed imigra\u010dn\u00ed vlny 30. \u010dervence. Tis\u00edce obyvatel protestuj\u00ed p\u0159edev\u0161\u00edm v\u00a0m\u00edstech, kam cht\u011bj\u00ed \u00fa\u0159ady migranty p\u0159esunout, a tak\u00e9 p\u0159ed budovou vl\u00e1dn\u00edho zmocn\u011bnce.<\/p>\n<p>\u201eCeuta nesm\u00ed padnout\u201c<\/p>\n<p>Dav nosil \u0161pan\u011blsk\u00e9 vlajky, skandoval hesla jako \u201eCeuta nesm\u00ed padnout\u201c a ur\u00e1\u017eky na adresu socialistick\u00e9ho premi\u00e9ra Pedra S\u00e1ncheze.<\/p>\n<p>V\u00a0\u00fater\u00fd n\u011bkolik stovek lid\u00ed vtrhlo do hotelu, kde se m\u011bl ubytovat vl\u00e1dn\u00ed deleg\u00e1t z\u00a0Madridu. Na m\u00edst\u011b se ale nach\u00e1zel jen ministr hospod\u00e1\u0159stv\u00ed Carlos Cuerpo, kter\u00fd se stal ter\u010dem verb\u00e1ln\u00edch \u00fatok\u016f davu.<\/p>\n<p>Ve st\u0159edu \u010d\u00e1st demonstrant\u016f pronikla na pl\u00e1\u017e, kde p\u0159eb\u00fdvaj\u00ed migranti, a zdemolovala jejich improvizovan\u00e9 p\u0159\u00edbytky.<\/p>\n<p>Kdy\u017e se ve m\u011bst\u011b ve \u010dtvrtek roz\u0161\u00ed\u0159ila zpr\u00e1va o \u00fatoku na voj\u00e1ky, \u010d\u00e1st radik\u00e1ln\u011bj\u0161\u00edch demonstrant\u016f se p\u0159esunula p\u0159\u00edmo k pob\u0159e\u017en\u00edm pl\u00e1\u017e\u00edm, kde se nach\u00e1zeli n\u011bkte\u0159\u00ed migranti. Kv\u016fli hrozb\u011b p\u0159\u00edm\u00e9ho st\u0159etu mezi davem a migranty musela po\u0159\u00e1dkov\u00e1 policie dav rozehnat obu\u0161ky, slzn\u00fdm plynem, a dokonce i varovn\u00fdmi v\u00fdst\u0159ely.<\/p>\n<p><a href=\"https:\/\/www.abc.es\/espana\/aumenta-tension-ceuties-inmigrantes-ante-falta-soluciones-20260827120127-nt.html\" target=\"_blank\" rel=\"nofollow noopener\">Podle den\u00edku ABC<\/a> tak hroz\u00ed re\u00e1ln\u00e9 nebezpe\u010d\u00ed, \u017ee frustrovan\u00ed obyvatel\u00e9 Ceuty vezmou situaci do vlastn\u00edch rukou. \u201eVe vzduchu vis\u00ed z\u00e1m\u011br vz\u00edt v\u011bci do vlastn\u00edch rukou. Bezmoc, kterou obyvatel\u00e9 vyjad\u0159ovali p\u0159ed n\u011bkolika dny, jako by ustupovala temn\u00e9 atmosf\u00e9\u0159e, pln\u00e9 hn\u011bvu.\u201c\u00a0<\/p>\n<p>Novin\u00e1\u0159 ABC popisuje, \u017ee lid\u00e9 se organizuj\u00ed pomoc\u00ed whatsappov\u00fdch skupin, z\u00a0nich\u017e n\u011bkter\u00e9 maj\u00ed tis\u00edce \u010dlen\u016f.<\/p>\n","protected":false},"excerpt":{"rendered":"Na pomoc arm\u00e1d\u011b musela vyrazit t\u0159i vozidla N\u00e1rodn\u00ed policie a \u010detnictva. T\u011bm se poda\u0159ilo voj\u00e1ky zachr\u00e1nit a zatknout&hellip;\n","protected":false},"author":2,"featured_media":194750,"comment_status":"","ping_status":"","sticky":false,"template":"","format":"standard","meta":{"footnotes":"","_share_on_mastodon":"0"},"categories":[10],"tags":[17,21,11739,16,950,18,19,22,20],"class_list":["post-194749","post","type-post","status-publish","format-standard","has-post-thumbnail","category-zpravy","tag-headlines","tag-hlavni-udalosti","tag-maroko","tag-news","tag-spanelsko","tag-top-news","tag-top-stories","tag-udalosti-dne","tag-zpravy"],"share_on_mastodon":{"url":"https:\/\/pubeurope.com\/@cz\/117174255373612161","error":""},"_links":{"self":[{"href":"https:\/\/www.europesays.com\/cz\/wp-json\/wp\/v2\/posts\/194749","targetHints":{"allow":["GET"]}}],"collection":[{"href":"https:\/\/www.europesays.com\/cz\/wp-json\/wp\/v2\/posts"}],"about":[{"href":"https:\/\/www.europesays.com\/cz\/wp-json\/wp\/v2\/types\/post"}],"author":[{"embeddable":true,"href":"https:\/\/www.europesays.com\/cz\/wp-json\/wp\/v2\/users\/2"}],"replies":[{"embeddable":true,"href":"https:\/\/www.europesays.com\/cz\/wp-json\/wp\/v2\/comments?post=194749"}],"version-history":[{"count":0,"href":"https:\/\/www.europesays.com\/cz\/wp-json\/wp\/v2\/posts\/194749\/revisions"}],"wp:featuredmedia":[{"embeddable":true,"href":"https:\/\/www.europesays.com\/cz\/wp-json\/wp\/v2\/media\/194750"}],"wp:attachment":[{"href":"https:\/\/www.europesays.com\/cz\/wp-json\/wp\/v2\/media?parent=194749"}],"wp:term":[{"taxonomy":"category","embeddable":true,"href":"https:\/\/www.europesays.com\/cz\/wp-json\/wp\/v2\/categories?post=194749"},{"taxonomy":"post_tag","embeddable":true,"href":"https:\/\/www.europesays.com\/cz\/wp-json\/wp\/v2\/tags?post=194749"}],"curies":[{"name":"wp","href":"https:\/\/api.w.org\/{rel}","templated":true}]}}