{"id":194779,"date":"2026-08-28T17:44:13","date_gmt":"2026-08-28T17:44:13","guid":{"rendered":"https:\/\/www.europesays.com\/cz\/194779\/"},"modified":"2026-08-28T17:44:13","modified_gmt":"2026-08-28T17:44:13","slug":"karabec-kapitanem-sparty-je-uplne-jiny-nez-pred-dvema-lety-prohlasil-priske-idnes-cz","status":"publish","type":"post","link":"https:\/\/www.europesays.com\/cz\/194779\/","title":{"rendered":"Karabec kapit\u00e1nem Sparty. Je \u00fapln\u011b jin\u00fd ne\u017e p\u0159ed dv\u011bma lety, prohl\u00e1sil Priske &#8211; iDNES.cz"},"content":{"rendered":"<p><a href=\"https:\/\/news.google.com\/rss\/articles\/CBMivAFBVV95cUxNTmJwUXd5alkwMm8ySkNCbnc2WHd0WkNENjZoSFl6ZTRiY0V6RU1EQVVQbmVfaEpnUEhmOFRNY0pEei1na05MY29xaUxXd2tiVG1ibmRIOEVldFFjOTZDRllDMVJJWTJfby1oaF9hV2RucnhDdDdEcVlKRThsdnNHVGhGdVhrMFVES0NtM1dvZXRhWEpndTl2eldjcUJNcGQ0UW41NFhxUEpOdmhFN3BWdklmeEpKNU52NzVtQQ?oc=5\" target=\"_blank\" rel=\"nofollow noopener\">Karabec kapit\u00e1nem Sparty. Je \u00fapln\u011b jin\u00fd ne\u017e p\u0159ed dv\u011bma lety, prohl\u00e1sil Priske<\/a>&nbsp;&nbsp;iDNES.cz<a href=\"https:\/\/news.google.com\/rss\/articles\/CBMiiAFBVV95cUxNb3J2YXVFU1RuXzhKVjFvT0RFVnpaTENDek5fcy11YUhJUmZhaE9CVW0za094ZlFwem5IemdLMXV4YUtYampDclpVbGJ5YTJIamdCSzVOSlQyOVR1TUNqdlhHbnRVMThnSzJabmIwUEMwamVobWc0RUVlNWdVVDdOampobjhJcnBp?oc=5\" target=\"_blank\" rel=\"nofollow noopener\">Sparta m\u00e1 nov\u00e9ho kapit\u00e1na<\/a>&nbsp;&nbsp;Sport.cz<a href=\"https:\/\/news.google.com\/rss\/articles\/CBMi0gFBVV95cUxQMWNxWVBWemJSbW94LW01bE1qSE5TdV9CUjQzdFd0NGdHU1BtdmsyQzIwVE5MNGw2cXpFQUN0TEQyZVNjV3JRWW05MXhIcjA0engya1MzblVfdF9CNGJaclp2bmE2b3J2SkVYcE5TdzJnRkpIWXRnaGFnOTNLdjlocS1ibzVtYlhBSGVNSlZnOWhTOWpSa3hlSFJ3TXY4MS1LWGFoNFpkUHAzSTZmZWtpcnBHRlVXNEJJdGRyVUd1US1sZWtlUkREYTBnU0FNVjN2YVE?oc=5\" target=\"_blank\" rel=\"nofollow noopener\">Sparta ozn\u00e1mila nov\u00e9ho kapit\u00e1na, vsadila na odchovance. Sivok vysv\u011btlil pro\u010d<\/a>&nbsp;&nbsp;iSport.cz<a href=\"https:\/\/news.google.com\/rss\/articles\/CBMiZkFVX3lxTE5uOXRaYUhIVzVBOU5aQ2xSZmlUWWtIVDBmWjE4eGFzVGJBblh3RzRKRWJXWTRKM0xGSUZPbC1DMWgyc0Y3YzRXZ21fcUVzRGVsY0xZbS14QVliWlg2bk45TDlXRXplUQ?oc=5\" target=\"_blank\" rel=\"nofollow noopener\">Kapit\u00e1n Adam Karabec<\/a>&nbsp;&nbsp;AC Sparta Praha<a href=\"https:\/\/news.google.com\/rss\/articles\/CBMilAFBVV95cUxNNFVOVjFoUGN4TkhIR0N5N3NnSmcxSm9uUnMxbGN1ajdjamFWbDcxY19veWNJR2hINEk1MEFKNjNxNGxlamhySzNmVzVuQkFTQUlrT2R3WjJ2OTlSSW1JdWFCdGl0S2FMa0E4VFVYQzNaRTRxQ0NWQTVsTlVHckpNMUJSeUtqT24yMldqNG5ZM0F1bE51?oc=5\" target=\"_blank\" rel=\"nofollow noopener\">Nov\u00fdm kapit\u00e1nem Sparty je Adam Karabec<\/a>&nbsp;&nbsp;\u010cT sport<\/p>\n","protected":false},"excerpt":{"rendered":"Karabec kapit\u00e1nem Sparty. Je \u00fapln\u011b jin\u00fd ne\u017e p\u0159ed dv\u011bma lety, prohl\u00e1sil Priske&nbsp;&nbsp;iDNES.czSparta m\u00e1 nov\u00e9ho kapit\u00e1na&nbsp;&nbsp;Sport.czSparta ozn\u00e1mila nov\u00e9ho kapit\u00e1na,&hellip;\n","protected":false},"author":2,"featured_media":194780,"comment_status":"","ping_status":"","sticky":false,"template":"","format":"standard","meta":{"footnotes":"","_share_on_mastodon":"0"},"categories":[15],"tags":[1198,30122,2201,4205,99,94,93],"class_list":["post-194779","post","type-post","status-publish","format-standard","has-post-thumbnail","category-sport","tag-ac-sparta-praha","tag-adam-karabec","tag-brian-priske","tag-olympique-lyon","tag-praha","tag-sport","tag-sports"],"share_on_mastodon":{"url":"https:\/\/pubeurope.com\/@cz\/117174381284215328","error":""},"_links":{"self":[{"href":"https:\/\/www.europesays.com\/cz\/wp-json\/wp\/v2\/posts\/194779","targetHints":{"allow":["GET"]}}],"collection":[{"href":"https:\/\/www.europesays.com\/cz\/wp-json\/wp\/v2\/posts"}],"about":[{"href":"https:\/\/www.europesays.com\/cz\/wp-json\/wp\/v2\/types\/post"}],"author":[{"embeddable":true,"href":"https:\/\/www.europesays.com\/cz\/wp-json\/wp\/v2\/users\/2"}],"replies":[{"embeddable":true,"href":"https:\/\/www.europesays.com\/cz\/wp-json\/wp\/v2\/comments?post=194779"}],"version-history":[{"count":0,"href":"https:\/\/www.europesays.com\/cz\/wp-json\/wp\/v2\/posts\/194779\/revisions"}],"wp:featuredmedia":[{"embeddable":true,"href":"https:\/\/www.europesays.com\/cz\/wp-json\/wp\/v2\/media\/194780"}],"wp:attachment":[{"href":"https:\/\/www.europesays.com\/cz\/wp-json\/wp\/v2\/media?parent=194779"}],"wp:term":[{"taxonomy":"category","embeddable":true,"href":"https:\/\/www.europesays.com\/cz\/wp-json\/wp\/v2\/categories?post=194779"},{"taxonomy":"post_tag","embeddable":true,"href":"https:\/\/www.europesays.com\/cz\/wp-json\/wp\/v2\/tags?post=194779"}],"curies":[{"name":"wp","href":"https:\/\/api.w.org\/{rel}","templated":true}]}}