{"id":194877,"date":"2026-08-28T20:22:11","date_gmt":"2026-08-28T20:22:11","guid":{"rendered":"https:\/\/www.europesays.com\/cz\/194877\/"},"modified":"2026-08-28T20:22:11","modified_gmt":"2026-08-28T20:22:11","slug":"birmancevic-definitivne-opousti-spartu-sport-cz","status":"publish","type":"post","link":"https:\/\/www.europesays.com\/cz\/194877\/","title":{"rendered":"Birman\u010devi\u010d definitivn\u011b opou\u0161t\u00ed Spartu &#8211; Sport.cz"},"content":{"rendered":"<p class=\"b_bA\">Birman\u010devi\u010d p\u0159i\u0161el do Sparty v\u00a0roce 2023\u00a0na hostov\u00e1n\u00ed z\u00a0Toulouse a\u00a0vytvo\u0159il spolu s\u00a0Luk\u00e1\u0161em Harasl\u00ednem a\u00a0Janem Kuchtou ob\u00e1van\u00e9 \u00fato\u010dn\u00e9 trio. V\u00a0premi\u00e9rov\u00e9 sezon\u011b 2023\/24\u00a0nasb\u00edral ve 48\u00a0sout\u011b\u017en\u00edch z\u00e1pasech 22\u00a0branek a\u00a013\u00a0asistenc\u00ed, pomohl Pra\u017ean\u016fm k\u00a0zisku double a\u00a0byl vyhl\u00e1\u0161en nejlep\u0161\u00edm cizincem ligov\u00e9ho ro\u010dn\u00edku. Je\u0161t\u011b v\u00a0jeho pr\u016fb\u011bhu Sparta uplatnila opci na p\u0159estup.<\/p>\n<p class=\"b_bA\">Na Letn\u00e9 Birman\u010devi\u010d p\u016fsobil do leto\u0161n\u00edho \u00fanora, kdy zam\u00ed\u0159il na hostov\u00e1n\u00ed do Getafe. Ve \u0161pan\u011blsk\u00e9m prvoligov\u00e9m t\u00fdmu ale odehr\u00e1l jen \u0161est sout\u011b\u017en\u00edch duel\u016f a\u00a0v l\u00e9t\u011b se vr\u00e1til do Sparty. Pra\u017ean\u00e9 u\u017e v\u0161ak se sedmn\u00e1ctin\u00e1sobn\u00fdm srbsk\u00fdm reprezentantem nepo\u010d\u00edtali a\u00a0v\u00fdsledkem je jeho definitivn\u00ed odchod.<\/p>\n<p><a data-dot=\"atm-link\" target=\"_self\" href=\"https:\/\/www.sport.cz\/clanek\/fotbal-ceska-1-liga-objevil-se-dalsi-zajemce-o-birmancevice-5519014\" class=\"b_V g_ia\" rel=\"nofollow noopener\"><img fetchpriority=\"high\" height=\"2733\" width=\"3644\" src=\"https:\/\/www.europesays.com\/cz\/wp-content\/uploads\/2026\/08\/1787948530_86_a15d.mpo.jpeg\" loading=\"eager\" decoding=\"sync\" class=\"b_B b_z\"\/><\/a><\/p>\n<p class=\"b_bA\">Spartu opou\u0161t\u00ed Birman\u010devi\u010d jako dal\u0161\u00ed velk\u00e1 opora minul\u00fdch let po Kuchtovi, Harasl\u00ednovi, Kaanu Kairinenovi, Asgeru S\u00f6rensenovi \u010di Peteru Vindahlovi.<\/p>\n<p class=\"b_bA\">V dresu Ferencv\u00e1rose bude moci Birman\u010devi\u010d nav\u00e1zat na bitvy s\u00a0Plzn\u00ed, ma\u010farsk\u00fd celek bude soupe\u0159em Viktorie v\u00a0Evropsk\u00e9 lize.<\/p>\n<p><a data-dot=\"atm-link\" target=\"_self\" href=\"https:\/\/www.sport.cz\/clanek\/fotbal-ceska-1-liga-spartu-mohou-opustit-dalsi-dva-hraci-5513510\" class=\"b_V g_ia\" rel=\"nofollow noopener\"><img height=\"1198\" width=\"1598\" src=\"https:\/\/www.europesays.com\/cz\/wp-content\/uploads\/2026\/08\/1787948531_69_veljko-birmancevic-kaan-kairinen-indrit-tuci-fotbal-sparta.jpeg\" loading=\"eager\" decoding=\"sync\" class=\"b_B b_z\"\/><\/a><\/p>\n","protected":false},"excerpt":{"rendered":"Birman\u010devi\u010d p\u0159i\u0161el do Sparty v\u00a0roce 2023\u00a0na hostov\u00e1n\u00ed z\u00a0Toulouse a\u00a0vytvo\u0159il spolu s\u00a0Luk\u00e1\u0161em Harasl\u00ednem a\u00a0Janem Kuchtou ob\u00e1van\u00e9 \u00fato\u010dn\u00e9 trio. V\u00a0premi\u00e9rov\u00e9&hellip;\n","protected":false},"author":2,"featured_media":194878,"comment_status":"","ping_status":"","sticky":false,"template":"","format":"standard","meta":{"footnotes":"","_share_on_mastodon":"0"},"categories":[15],"tags":[1198,1177,44998,326,796,94,93,29485],"class_list":["post-194877","post","type-post","status-publish","format-standard","has-post-thumbnail","category-sport","tag-ac-sparta-praha","tag-chance-liga-fotbal","tag-ferencvarosi-tc","tag-fotbal","tag-madarsko","tag-sport","tag-sports","tag-veljko-birmancevic"],"share_on_mastodon":{"url":"https:\/\/pubeurope.com\/@cz\/117175002213222050","error":""},"_links":{"self":[{"href":"https:\/\/www.europesays.com\/cz\/wp-json\/wp\/v2\/posts\/194877","targetHints":{"allow":["GET"]}}],"collection":[{"href":"https:\/\/www.europesays.com\/cz\/wp-json\/wp\/v2\/posts"}],"about":[{"href":"https:\/\/www.europesays.com\/cz\/wp-json\/wp\/v2\/types\/post"}],"author":[{"embeddable":true,"href":"https:\/\/www.europesays.com\/cz\/wp-json\/wp\/v2\/users\/2"}],"replies":[{"embeddable":true,"href":"https:\/\/www.europesays.com\/cz\/wp-json\/wp\/v2\/comments?post=194877"}],"version-history":[{"count":0,"href":"https:\/\/www.europesays.com\/cz\/wp-json\/wp\/v2\/posts\/194877\/revisions"}],"wp:featuredmedia":[{"embeddable":true,"href":"https:\/\/www.europesays.com\/cz\/wp-json\/wp\/v2\/media\/194878"}],"wp:attachment":[{"href":"https:\/\/www.europesays.com\/cz\/wp-json\/wp\/v2\/media?parent=194877"}],"wp:term":[{"taxonomy":"category","embeddable":true,"href":"https:\/\/www.europesays.com\/cz\/wp-json\/wp\/v2\/categories?post=194877"},{"taxonomy":"post_tag","embeddable":true,"href":"https:\/\/www.europesays.com\/cz\/wp-json\/wp\/v2\/tags?post=194877"}],"curies":[{"name":"wp","href":"https:\/\/api.w.org\/{rel}","templated":true}]}}