{"id":194893,"date":"2026-08-28T20:45:11","date_gmt":"2026-08-28T20:45:11","guid":{"rendered":"https:\/\/www.europesays.com\/cz\/194893\/"},"modified":"2026-08-28T20:45:11","modified_gmt":"2026-08-28T20:45:11","slug":"mladice-jste-meli-z-vezeni-pustit-vycita-soudu-srbsky-prezident","status":"publish","type":"post","link":"https:\/\/www.europesays.com\/cz\/194893\/","title":{"rendered":"Mladi\u010de jste m\u011bli z\u00a0v\u011bzen\u00ed pustit, vy\u010d\u00edt\u00e1 soudu srbsk\u00fd prezident"},"content":{"rendered":"<p class=\"c_bB\">\u201eBylo to necivilizovan\u00e9 chov\u00e1n\u00ed, bezprecedentn\u00ed a\u00a0neomluviteln\u00e9. Te\u010f vid\u00edme, \u017ee cht\u011bli, aby Mladi\u0107 zem\u0159el za m\u0159\u00ed\u017eemi,\u201c prohl\u00e1sil v\u00a0p\u00e1tek Vu\u010di\u0107.<\/p>\n<p class=\"c_bB\">Mladi\u0107, p\u0159ezd\u00edvan\u00fd \u201ebalk\u00e1nsk\u00fd \u0159ezn\u00edk\u201c kv\u016fli roli p\u0159i masakru ve Srebrenici v\u00a0roce 1995, zem\u0159el ve \u010dtvrtek ve v\u011bznici v\u00a0Haagu. Odsouzen byl v\u00a0roce 2017\u00a0Mezin\u00e1rodn\u00edm trestn\u00edm tribun\u00e1lem pro b\u00fdvalou Jugosl\u00e1vii (ICTY) mimo jin\u00e9 za genocidu v\u00a0souvislosti s\u00a0masakrem ve Srebrenici, za terorizov\u00e1n\u00ed civilist\u016f p\u0159i obl\u00e9h\u00e1n\u00ed Sarajeva, za zlo\u010diny proti lidskosti a\u00a0za etnick\u00e9 \u010distky b\u011bhem v\u00e1lky v\u00a0Bosn\u011b v\u00a0letech 1992\u00a0a\u017e 1995.<\/p>\n<p class=\"c_bB\">ICTY u\u017e neexistuje, ale jeho agendu p\u0159evzal Mezin\u00e1rodn\u00ed mechanismus pro trestn\u00ed tribun\u00e1ly (IRMCT). Pr\u00e1v\u011b k\u00a0n\u011bmu pod\u00e1vala Mladi\u010dova rodina a\u00a0srbsk\u00e1 vl\u00e1da \u017e\u00e1dosti o\u00a0propu\u0161t\u011bn\u00ed. Tu posledn\u00ed zam\u00edtl soud minul\u00fd t\u00fdden a\u00a0jeho p\u0159edsedkyn\u011b Graciela Gattiov\u00e1 Santanaov\u00e1 to zd\u016fvodnila t\u00edm, \u017ee Mladi\u0107 m\u011bl p\u0159\u00edstup k\u00a0\u0159\u00e1dn\u00e9 l\u00e9ka\u0159sk\u00e9 p\u00e9\u010di a\u00a0v\u00fdjime\u010dn\u00fd re\u017eim n\u00e1v\u0161t\u011bv umo\u017e\u0148uj\u00edc\u00ed kontakt s\u00a0rodinou.<\/p>\n<p class=\"c_bB\">Mladi\u010dovu pam\u00e1tku uctili Srbov\u00e9 v\u00a0n\u011bkolika m\u011bstech a\u00a0chr\u00e1mech Republiky srbsk\u00e9, kter\u00e1 je sou\u010d\u00e1st\u00ed Bosny a\u00a0Hercegoviny. Srbsk\u00fd ministr spravedlnosti Nenad Vuji\u0107 v\u00a0p\u00e1tek podle m\u00edstn\u00edch m\u00e9di\u00ed ozn\u00e1mil, \u017ee Mladi\u0107 bude poh\u0159ben s\u00a0nejvy\u0161\u0161\u00edmi vojensk\u00fdmi a\u00a0st\u00e1tn\u00edmi poctami. Vu\u010di\u0107 ale podle AP tuto informaci nepotvrdil. <\/p>\n<p class=\"c_bB\">\u201ePokud rodina vyj\u00e1d\u0159\u00ed p\u0159\u00e1n\u00ed, aby byl poh\u0159ben na \u00fazem\u00ed Srbska, pom\u016f\u017eeme, aby se tak stalo d\u016fstojn\u00fdm zp\u016fsobem,\u201c \u0159ekl srbsk\u00fd prezident s\u00a0t\u00edm, \u017ee o\u00a0m\u00edst\u011b poh\u0159bu rozhodne rodina. Dodal, \u017ee B\u011blehrad nem\u00e1 informace o\u00a0tom, kdy by Mladi\u010dovo t\u011blo mohlo b\u00fdt vyd\u00e1no.<\/p>\n<p><a data-dot=\"atm-link\" target=\"_self\" href=\"https:\/\/www.novinky.cz\/clanek\/zahranicni-evropa-valecny-zlocinec-mladic-bude-mit-statni-pohreb-40594902\" class=\"c_I\" rel=\"nofollow noopener\"><img fetchpriority=\"high\" height=\"1815\" width=\"3228\" src=\"https:\/\/www.europesays.com\/cz\/wp-content\/uploads\/2026\/08\/1787949911_696_eb45.jpeg\" loading=\"eager\" decoding=\"sync\" class=\"c_t c_r\"\/><\/a><\/p>\n","protected":false},"excerpt":{"rendered":"\u201eBylo to necivilizovan\u00e9 chov\u00e1n\u00ed, bezprecedentn\u00ed a\u00a0neomluviteln\u00e9. Te\u010f vid\u00edme, \u017ee cht\u011bli, aby Mladi\u0107 zem\u0159el za m\u0159\u00ed\u017eemi,\u201c prohl\u00e1sil v\u00a0p\u00e1tek Vu\u010di\u0107.&hellip;\n","protected":false},"author":2,"featured_media":194894,"comment_status":"","ping_status":"","sticky":false,"template":"","format":"standard","meta":{"footnotes":"","_share_on_mastodon":"0"},"categories":[11],"tags":[4312,16428,1623,1891,37368,44759,44999,3193,44779,54,1847,53,52],"class_list":["post-194893","post","type-post","status-publish","format-standard","has-post-thumbnail","category-svet","tag-aleksandar-vucic","tag-bosna-a-hercegovina","tag-dozivoti","tag-genocida","tag-haag","tag-ratko-mladic","tag-republika-srbska","tag-srbsko","tag-srebrenica","tag-svet","tag-valecne-zlociny","tag-world","tag-world-news"],"share_on_mastodon":{"url":"https:\/\/pubeurope.com\/@cz\/117175092919512971","error":""},"_links":{"self":[{"href":"https:\/\/www.europesays.com\/cz\/wp-json\/wp\/v2\/posts\/194893","targetHints":{"allow":["GET"]}}],"collection":[{"href":"https:\/\/www.europesays.com\/cz\/wp-json\/wp\/v2\/posts"}],"about":[{"href":"https:\/\/www.europesays.com\/cz\/wp-json\/wp\/v2\/types\/post"}],"author":[{"embeddable":true,"href":"https:\/\/www.europesays.com\/cz\/wp-json\/wp\/v2\/users\/2"}],"replies":[{"embeddable":true,"href":"https:\/\/www.europesays.com\/cz\/wp-json\/wp\/v2\/comments?post=194893"}],"version-history":[{"count":0,"href":"https:\/\/www.europesays.com\/cz\/wp-json\/wp\/v2\/posts\/194893\/revisions"}],"wp:featuredmedia":[{"embeddable":true,"href":"https:\/\/www.europesays.com\/cz\/wp-json\/wp\/v2\/media\/194894"}],"wp:attachment":[{"href":"https:\/\/www.europesays.com\/cz\/wp-json\/wp\/v2\/media?parent=194893"}],"wp:term":[{"taxonomy":"category","embeddable":true,"href":"https:\/\/www.europesays.com\/cz\/wp-json\/wp\/v2\/categories?post=194893"},{"taxonomy":"post_tag","embeddable":true,"href":"https:\/\/www.europesays.com\/cz\/wp-json\/wp\/v2\/tags?post=194893"}],"curies":[{"name":"wp","href":"https:\/\/api.w.org\/{rel}","templated":true}]}}