{"id":194903,"date":"2026-08-28T20:57:16","date_gmt":"2026-08-28T20:57:16","guid":{"rendered":"https:\/\/www.europesays.com\/cz\/194903\/"},"modified":"2026-08-28T20:57:16","modified_gmt":"2026-08-28T20:57:16","slug":"odsouzeny-valecny-zlocinec-mladic-bude-mit-statni-pohreb","status":"publish","type":"post","link":"https:\/\/www.europesays.com\/cz\/194903\/","title":{"rendered":"Odsouzen\u00fd v\u00e1le\u010dn\u00fd zlo\u010dinec Mladi\u0107 bude m\u00edt st\u00e1tn\u00ed poh\u0159eb"},"content":{"rendered":"<p class=\"e_bX\">N\u011bkdej\u0161\u00ed velitel vojsk bosensk\u00fdch Srb\u016f, gener\u00e1l Ratko Mladi\u0107, odsouzen\u00fd za v\u00e1le\u010dn\u00e9 zlo\u010diny, bude poh\u0159ben s\u00a0nejvy\u0161\u0161\u00edmi vojensk\u00fdmi a\u00a0st\u00e1tn\u00edmi poctami, ozn\u00e1mil v\u00a0p\u00e1tek srbsk\u00fd ministr spravedlnosti Nenad Vuji\u0107 podle m\u00e9di\u00ed. O\u00a0tom, kde bude poh\u0159ben, rozhodnou poz\u016fstal\u00ed, \u0159ekl ministr srbsk\u00e9 rozhlasov\u00e9 stanici K1\u00a0s\u00a0t\u00edm, \u017ee vl\u00e1da je v\u00a0kontaktu s\u00a0Mladi\u0107ovou rodinou. P\u0159evoz t\u011bla z\u00e1vis\u00ed na vy\u0159\u00edzen\u00ed byrokratick\u00fdch z\u00e1le\u017eitost\u00ed v\u00a0Haagu, dodal podle port\u00e1lu den\u00edku NIN.<\/p>\n<p class=\"e_bX\">Mladi\u0107, p\u0159ezd\u00edvan\u00fd \u201ebalk\u00e1nsk\u00fd \u0159ezn\u00edk\u201c kv\u016fli sv\u00e9 roli p\u0159i masakru ve Srebrenici v\u00a0roce 1995, zem\u0159el ve \u010dtvrtek ve v\u011bzen\u00ed v\u00a0Haagu, kde si odpyk\u00e1val trest do\u017eivotn\u00edho v\u011bzen\u00ed za genocidu, v\u00e1le\u010dn\u00e9 zlo\u010diny a\u00a0zlo\u010diny proti lidskosti, poznamenala agentura AFP.<\/p>\n<p><a data-dot=\"mol-article-card-media\" aria-hidden=\"true\" tabindex=\"-1\" href=\"https:\/\/www.seznamzpravy.cz\/clanek\/zahranicni-nevrazdil-jen-mladic-ale-proboha-kdo-zacal-314097\" class=\"e_n f_l8\" rel=\"nofollow noopener\" target=\"_blank\"><img fetchpriority=\"high\" height=\"1809\"   width=\"3216\" src=\"https:\/\/www.europesays.com\/cz\/wp-content\/uploads\/2026\/08\/1787950634_163_ratko-mladic.jpeg\" loading=\"eager\" decoding=\"sync\" class=\"e_aa e_Z\"\/><\/a><\/p>\n<p class=\"e_bX\">B\u011blehrad i\u00a0Mladi\u0107ova rodina d\u0159\u00edve \u017e\u00e1daly gener\u00e1lovo propu\u0161t\u011bn\u00ed ze zdravotn\u00edch d\u016fvod\u016f, ale \u017e\u00e1dost byla zam\u00edtnuta s\u00a0od\u016fvodn\u011bn\u00edm, \u017ee v\u011bze\u0148 m\u00e1 p\u0159\u00edstup k\u00a0\u0159\u00e1dn\u00e9 l\u00e9ka\u0159sk\u00e9 p\u00e9\u010di. Mladi\u0107\u016fv advok\u00e1t Dragan Iveti\u0107 podle agentury Reuters uvedl, \u017ee jeho klient posledn\u00ed m\u011bs\u00edce str\u00e1vil na nemocni\u010dn\u00edm odd\u011blen\u00ed v\u011bznice, ale p\u0159\u00ed\u010dinu \u00famrt\u00ed neup\u0159esnil. Srbsk\u00fd ministr spravedlnosti Vuji\u0107 podle serveru <a data-dot=\"atm-link\" target=\"_blank\" rel=\"noopener nofollow\" href=\"https:\/\/balkaninsight.com\/2026\/08\/27\/ratko-mladic-convicted-bosnian-serb-war-criminal-has-died-reports\/btj\/\" class=\"e_n\">Balkan Insight<\/a> \u0159ekl, \u017ee jeho resort se postar\u00e1 o\u00a0p\u0159evoz Mladi\u0107ova t\u011bla do Srbska.<\/p>\n<p class=\"e_bX\">Mechanismus OSN pro mezin\u00e1rodn\u00ed trestn\u00ed tribun\u00e1ly ve sv\u00e9m prohl\u00e1\u0161en\u00ed uvedl, \u017ee jeho p\u0159edsedkyn\u011b Graciela Gattiov\u00e1 Santanaov\u00e1 na\u0159\u00eddila vy\u0161et\u0159ov\u00e1n\u00ed okolnost\u00ed Mladi\u0107ova \u00famrt\u00ed a\u00a0nizozemsk\u00e9 \u00fa\u0159ady zah\u00e1jily standardn\u00ed \u0161et\u0159en\u00ed vy\u017eadovan\u00e9 z\u00e1kony zem\u011b.<\/p>\n<p class=\"e_bX\">Mladi\u0107 je pova\u017eov\u00e1n za jednoho z\u00a0hlavn\u00edch akt\u00e9r\u016f krvav\u00fdch etnick\u00fdch \u010distek prov\u00e1zej\u00edc\u00edch v\u00e1lku v\u00a0mnohon\u00e1rodnostn\u00ed Bosn\u011b, kter\u00e1 si vy\u017e\u00e1dala kolem 100\u00a0000\u00a0lidsk\u00fdch \u017eivot\u016f. Zhruba 2,2\u00a0milionu lid\u00ed bylo vyhn\u00e1no z\u00a0domov\u016f nebo bylo nuceno je opustit. Nicm\u00e9n\u011b mnoho Srb\u016f ho nep\u0159estalo chovat v\u00a0\u00fact\u011b.<\/p>\n<p class=\"e_bX\">Mladi\u0107ovu pam\u00e1tku uctili Srbov\u00e9 v\u00a0n\u011bkolika m\u011bstech a\u00a0chr\u00e1mech Republiky srbsk\u00e9, kter\u00e1 je sou\u010d\u00e1st\u00ed Bosny a\u00a0Hercegoviny. Premi\u00e9r Savo Mini\u0107 uvedl, \u017ee hovo\u0159il s\u00a0poz\u016fstal\u00fdmi a\u00a0vyj\u00e1d\u0159il l\u00edtost nad t\u00edm, \u017ee neusp\u011bly snahy o\u00a0d\u016fstojn\u00e9 ukon\u010den\u00ed Mladi\u0107ov\u00fdch posledn\u00edch dn\u016f. \u201eTo v\u0161e n\u00e1s vr\u00e1tilo do dob, kdy haagsk\u00fd tribun\u00e1l zat\u00fdkal Srby, kdekoli mohl. Pokud vezmeme v\u00a0\u00favahu roky, na kter\u00e9 byli odsouzeni, a\u00a0pak se pod\u00edv\u00e1me na p\u0159\u00edslu\u0161n\u00edky jin\u00fdch n\u00e1rod\u016f, uv\u011bdom\u00edme si, jak jednostrann\u00e9 to bylo a\u00a0jak velk\u00e1 to byla nespravedlnost,\u201c \u0159ekl Mini\u0107 novin\u00e1\u0159\u016fm podle NIN.<\/p>\n<p class=\"e_bX\">Po v\u00e1lce Mladi\u0107 roky unikal spravedlnosti. Zat\u010den byl v\u00a0roce 2011\u00a0na severu Srbska a\u00a0nedlouho pot\u00e9 vyd\u00e1n Mezin\u00e1rodn\u00edmu trestn\u00edmu tribun\u00e1lu pro b\u00fdvalou Jugosl\u00e1vii (ICTY). Ten ho v\u00a0roce 2017\u00a0odsoudil na do\u017eivot\u00ed za \u0159adu zlo\u010din\u016f, mimo jin\u00e9 za genocidu v\u00a0souvislosti s\u00a0masakrem ve Srebrenici, za terorizov\u00e1n\u00ed civilist\u016f p\u0159i obl\u00e9h\u00e1n\u00ed Sarajeva, za zlo\u010diny proti lidskosti a\u00a0za etnick\u00e9 \u010distky v\u00a0\u0159ad\u00e1ch bosensk\u00fdch Muslim\u016f (dnes Bos\u0148\u00e1k\u016f) a\u00a0bosensk\u00fdch Chorvat\u016f b\u011bhem v\u00e1lky v\u00a0Bosn\u011b v\u00a0letech 1992\u00a0a\u017e 1995.\u00a0V\u00a0roce 2021\u00a0Mechanismus OSN pro mezin\u00e1rodn\u00ed trestn\u00ed tribun\u00e1ly po Mladi\u0107ov\u011b odvol\u00e1n\u00ed trest potvrdil.<\/p>\n<p class=\"e_bX\">Ve Srebrenici v\u00a0\u010dervenci 1995\u00a0bosenskosrb\u0161t\u00ed voj\u00e1ci pod Mladi\u0107ov\u00fdm veden\u00edm povra\u017edili 8000\u00a0Muslim\u016f\u00a0\u2013 tento masakr je ozna\u010dov\u00e1n za nejhor\u0161\u00ed v\u00a0Evrop\u011b od druh\u00e9 sv\u011btov\u00e9 v\u00e1lky. Obl\u00e9h\u00e1n\u00ed Sarajeva trvalo 44\u00a0m\u011bs\u00edc\u016f a\u00a0podle ofici\u00e1ln\u00edch bosensk\u00fdch \u00fadaj\u016f bylo ve m\u011bst\u011b zabito v\u00edce ne\u017e 11\u00a0500\u00a0lid\u00ed, v\u010detn\u011b n\u011bkolika stovek d\u011bt\u00ed.<\/p>\n<p><a data-dot=\"mol-article-card-media\" aria-hidden=\"true\" tabindex=\"-1\" href=\"https:\/\/www.seznamzpravy.cz\/clanek\/zahranicni-mladic-zemrel-kult-zustava-pro-cast-srbu-je-stale-hrdinou-rika-historik-314059\" class=\"e_n f_l8\" rel=\"nofollow noopener\" target=\"_blank\"><img height=\"772\"   width=\"1373\" src=\"https:\/\/www.europesays.com\/cz\/wp-content\/uploads\/2026\/08\/1787950636_264_mladic.jpeg\" loading=\"eager\" decoding=\"sync\" class=\"e_aa e_Z\"\/><\/a><a data-dot=\"mol-article-card-media\" aria-hidden=\"true\" tabindex=\"-1\" href=\"https:\/\/www.seznamzpravy.cz\/clanek\/magazin-historie-boj-o-srebrenicu-duse-mrtvych-proti-popiracum-genocidy-208570\" class=\"e_n f_l8\" rel=\"nofollow noopener\" target=\"_blank\"><img height=\"1572\"   width=\"2794\" src=\"https:\/\/www.europesays.com\/cz\/wp-content\/uploads\/2026\/08\/1787950636_501_shutterstock-90838394.jpeg\" loading=\"eager\" decoding=\"sync\" class=\"e_aa e_Z\"\/><\/a><\/p>\n","protected":false},"excerpt":{"rendered":"N\u011bkdej\u0161\u00ed velitel vojsk bosensk\u00fdch Srb\u016f, gener\u00e1l Ratko Mladi\u0107, odsouzen\u00fd za v\u00e1le\u010dn\u00e9 zlo\u010diny, bude poh\u0159ben s\u00a0nejvy\u0161\u0161\u00edmi vojensk\u00fdmi a\u00a0st\u00e1tn\u00edmi poctami,&hellip;\n","protected":false},"author":2,"featured_media":194904,"comment_status":"","ping_status":"","sticky":false,"template":"","format":"standard","meta":{"footnotes":"","_share_on_mastodon":"0"},"categories":[10],"tags":[17,21,16,908,44759,3193,18,19,22,20],"class_list":["post-194903","post","type-post","status-publish","format-standard","has-post-thumbnail","category-zpravy","tag-headlines","tag-hlavni-udalosti","tag-news","tag-pohreb","tag-ratko-mladic","tag-srbsko","tag-top-news","tag-top-stories","tag-udalosti-dne","tag-zpravy"],"share_on_mastodon":{"url":"https:\/\/pubeurope.com\/@cz\/117175140205957188","error":""},"_links":{"self":[{"href":"https:\/\/www.europesays.com\/cz\/wp-json\/wp\/v2\/posts\/194903","targetHints":{"allow":["GET"]}}],"collection":[{"href":"https:\/\/www.europesays.com\/cz\/wp-json\/wp\/v2\/posts"}],"about":[{"href":"https:\/\/www.europesays.com\/cz\/wp-json\/wp\/v2\/types\/post"}],"author":[{"embeddable":true,"href":"https:\/\/www.europesays.com\/cz\/wp-json\/wp\/v2\/users\/2"}],"replies":[{"embeddable":true,"href":"https:\/\/www.europesays.com\/cz\/wp-json\/wp\/v2\/comments?post=194903"}],"version-history":[{"count":0,"href":"https:\/\/www.europesays.com\/cz\/wp-json\/wp\/v2\/posts\/194903\/revisions"}],"wp:featuredmedia":[{"embeddable":true,"href":"https:\/\/www.europesays.com\/cz\/wp-json\/wp\/v2\/media\/194904"}],"wp:attachment":[{"href":"https:\/\/www.europesays.com\/cz\/wp-json\/wp\/v2\/media?parent=194903"}],"wp:term":[{"taxonomy":"category","embeddable":true,"href":"https:\/\/www.europesays.com\/cz\/wp-json\/wp\/v2\/categories?post=194903"},{"taxonomy":"post_tag","embeddable":true,"href":"https:\/\/www.europesays.com\/cz\/wp-json\/wp\/v2\/tags?post=194903"}],"curies":[{"name":"wp","href":"https:\/\/api.w.org\/{rel}","templated":true}]}}