{"id":195001,"date":"2026-08-29T05:24:12","date_gmt":"2026-08-29T05:24:12","guid":{"rendered":"https:\/\/www.europesays.com\/cz\/195001\/"},"modified":"2026-08-29T05:24:12","modified_gmt":"2026-08-29T05:24:12","slug":"nejhorsi-vstup-do-sezony-za-sest-let-fotbaliste-psg-zachranili-remizu-az-v-nastaveni-sport-cz","status":"publish","type":"post","link":"https:\/\/www.europesays.com\/cz\/195001\/","title":{"rendered":"Nejhor\u0161\u00ed vstup do sezony za \u0161est let. Fotbalist\u00e9 PSG zachr\u00e1nili rem\u00edzu a\u017e v nastaven\u00ed &#8211; Sport.cz"},"content":{"rendered":"<p><a href=\"https:\/\/news.google.com\/rss\/articles\/CBMinwFBVV95cUxNY2VuY0xsZlZkR0VaV0kxbS1qejNXaXRKOWNoQ1U4VVB6Um1LRE0zQ3doZkUtcW9fNE1iRFJXTGNzbXRjRG52VGl1b0lHWUtia1o3Nm55cnNUSGN6aFNTRU1qc2RVOXJlVFZLcWZaSGdQQnhlbW1zdEVqaDNKOXk1cjc5V0NHSktmamxpLVJyQzQyOWszNE8xNzM1TU1hODA?oc=5\" target=\"_blank\" rel=\"nofollow noopener\">Nejhor\u0161\u00ed vstup do sezony za \u0161est let. Fotbalist\u00e9 PSG zachr\u00e1nili rem\u00edzu a\u017e v nastaven\u00ed<\/a>&nbsp;&nbsp;Sport.cz<a href=\"https:\/\/news.google.com\/rss\/articles\/CBMilgFBVV95cUxQbjdSWGpkUnJJcXJxcHhEb1RTem1SdTJYVUZVb0hrM09lQTEtdWk5enJkcE5Fb1FRTkJoRnlGUWNOQWtTeUZlM2ZsQkVwaXJ4TTljcmlDdmR4TzR4MWpnNDBBUlQ3Z0ZzVTdnUm9MZmNiS0wxZ1hmZ09JM3FGTS10RVNTSDNnUVY2bnBTOEtsX2M5QV9TNmc?oc=5\" target=\"_blank\" rel=\"nofollow noopener\">PSG znovu smazalo dvoug\u00f3lov\u00e9 manko. Rem\u00edzu s Lille za\u0159\u00eddil v z\u00e1v\u011bru Marquinhos<\/a>&nbsp;&nbsp;Eurofotbal<a href=\"https:\/\/news.google.com\/rss\/articles\/CBMi6gFBVV95cUxPaDlUVTVwTW5WMlhPeGFBTWotLTQ4a0NYalBXbzRqd1BoaHZXbEg5aUVwQ1hGcHpMbzIzWTZEYzBhV0pUaHNFMDRUVERxNFhNTUZQYUpzdEtuZ0xOQmk1a0VsTWU1ZGdZcVZKY2pvOFBFcDJyQ013eml2VmYtcjRQa0RtTk1CSlE1NUt5MjlkQVZKS1lHeThXX1d4TnNIdGttc2V0LUpLQVVHRFpVMFJrVnNIMDB1OWxHdGNJRXhzRmtXVkpCZlVWQnczSmREZjRydHNITm50NXJOVmJrVk1SNGc1ZGtXWmhJM0E?oc=5\" target=\"_blank\" rel=\"nofollow noopener\">Veter\u00e1n Giroud pomohl Lille obrat o body PSG, favorit odvr\u00e1til prohru senza\u010dn\u00edm fini\u0161em<\/a>&nbsp;&nbsp;eFotbal<a href=\"https:\/\/news.google.com\/rss\/articles\/CBMiwwFBVV95cUxOSExZYjdfYW5ZaHVWT0l0Wkh1eFVuMnlfUHQ4SURMRmVpNFI4N04ySnBvRHpOQS1rd3l6Unc5aVpVWFlnUU9BbVhKdlhYeVFERTFxNl9yakx2NmZ0UGxWalRfTUU3LUVFeUh3eVpJamdlRktvQnAwTFg3RkxLNUxjNExEOXM3TU43MFJ3STlPUExlZm1Xalhyb2loeUtTbFNvMzdLVUFIbmdpX2tPSzZHR3NoTnZWdWRuRWl6VlhTSVZvUHc?oc=5\" target=\"_blank\" rel=\"nofollow noopener\">Ligue 1 &#8211; preview 2. kola: PSG se je\u0161t\u011b po\u0159\u00e1dn\u011b nerozjelo, p\u0159edehr\u00e1vku podstoup\u00ed v Lille<\/a>&nbsp;&nbsp;Seznam<a href=\"https:\/\/news.google.com\/rss\/articles\/CBMiggFBVV95cUxPdzFhbC1iOG9uRHhBakE3bS1HVzZ6V0JkTDRfSTE5UUY0a0RtUm9wMHV4bXdJc2c2N0NBbWc4WE4wZG12Q0xYUHp0ejh2WFhxcWtRZDdmQy1QVXF1U2ZHaEQ5NXd5WTdJdmVaMWNFc1NPUjEyS3RlTXhxZV9HaFdRTHdB?oc=5\" target=\"_blank\" rel=\"nofollow noopener\">LOSC Lille \u2013 Paris Saint-Germain \u25b6\ufe0f Kde sledovat francouzskou ligu \u017eiv\u011b<\/a>&nbsp;&nbsp;FotbalZpravy.cz<\/p>\n","protected":false},"excerpt":{"rendered":"Nejhor\u0161\u00ed vstup do sezony za \u0161est let. Fotbalist\u00e9 PSG zachr\u00e1nili rem\u00edzu a\u017e v nastaven\u00ed&nbsp;&nbsp;Sport.czPSG znovu smazalo dvoug\u00f3lov\u00e9 manko.&hellip;\n","protected":false},"author":2,"featured_media":195002,"comment_status":"","ping_status":"","sticky":false,"template":"","format":"standard","meta":{"footnotes":"","_share_on_mastodon":"0"},"categories":[15],"tags":[326,3757,44590,10547,94,93],"class_list":["post-195001","post","type-post","status-publish","format-standard","has-post-thumbnail","category-sport","tag-fotbal","tag-ligue-1","tag-losc-lille","tag-paris-saint-germain-fc","tag-sport","tag-sports"],"share_on_mastodon":{"url":"https:\/\/pubeurope.com\/@cz\/117177133514077451","error":""},"_links":{"self":[{"href":"https:\/\/www.europesays.com\/cz\/wp-json\/wp\/v2\/posts\/195001","targetHints":{"allow":["GET"]}}],"collection":[{"href":"https:\/\/www.europesays.com\/cz\/wp-json\/wp\/v2\/posts"}],"about":[{"href":"https:\/\/www.europesays.com\/cz\/wp-json\/wp\/v2\/types\/post"}],"author":[{"embeddable":true,"href":"https:\/\/www.europesays.com\/cz\/wp-json\/wp\/v2\/users\/2"}],"replies":[{"embeddable":true,"href":"https:\/\/www.europesays.com\/cz\/wp-json\/wp\/v2\/comments?post=195001"}],"version-history":[{"count":0,"href":"https:\/\/www.europesays.com\/cz\/wp-json\/wp\/v2\/posts\/195001\/revisions"}],"wp:featuredmedia":[{"embeddable":true,"href":"https:\/\/www.europesays.com\/cz\/wp-json\/wp\/v2\/media\/195002"}],"wp:attachment":[{"href":"https:\/\/www.europesays.com\/cz\/wp-json\/wp\/v2\/media?parent=195001"}],"wp:term":[{"taxonomy":"category","embeddable":true,"href":"https:\/\/www.europesays.com\/cz\/wp-json\/wp\/v2\/categories?post=195001"},{"taxonomy":"post_tag","embeddable":true,"href":"https:\/\/www.europesays.com\/cz\/wp-json\/wp\/v2\/tags?post=195001"}],"curies":[{"name":"wp","href":"https:\/\/api.w.org\/{rel}","templated":true}]}}