{"id":195003,"date":"2026-08-29T05:27:11","date_gmt":"2026-08-29T05:27:11","guid":{"rendered":"https:\/\/www.europesays.com\/cz\/195003\/"},"modified":"2026-08-29T05:27:11","modified_gmt":"2026-08-29T05:27:11","slug":"kofola-vstupuje-do-ostravske-kavarenske-site-co-chysta-s-cokafe-idnes-cz","status":"publish","type":"post","link":"https:\/\/www.europesays.com\/cz\/195003\/","title":{"rendered":"Kofola vstupuje do ostravsk\u00e9 kav\u00e1rensk\u00e9 s\u00edt\u011b. Co chyst\u00e1 s COKAFE? &#8211; iDNES.cz"},"content":{"rendered":"<p><a href=\"https:\/\/news.google.com\/rss\/articles\/CBMizAFBVV95cUxQV1RiUnV1UnQ3WWFwaEFMRHdkMUE5dktkY205WkhLeVVRSWp0dDBNMTdSYWVfaXgtbThHay0yNllBOHZkMDBwS1ZVVUZrNUtLLVh1R3FibjA1TEFLeml6UV9GX3UxZVVSVGNYaC14WkFvLWhYYVhkVFRXZGR0R3RqWkE2eHM4R0JGNTAyc0xVV294N09ndUdXSU1iZUl5TkJNaHRaSU9OeDBJamltcnk2QVFvaUdkUU03c0RSN0ZPcHNoN1p1ZzYwSC1sMS0?oc=5\" target=\"_blank\" rel=\"nofollow noopener\">Kofola vstupuje do ostravsk\u00e9 kav\u00e1rensk\u00e9 s\u00edt\u011b. Co chyst\u00e1 s COKAFE?<\/a>&nbsp;&nbsp;iDNES.cz<a href=\"https:\/\/news.google.com\/rss\/articles\/CBMirwFBVV95cUxNNEpabkdiM2RwSWxjejJQcGdRQlJScUdCam5PSjdiTVYzQXVIaV94M0g2TjExbnVzeVJzeGp2SndFeVQ4bWJGQmNjZ3JFVS12U29mSE9SLWhva3FILUxzTzhJa0lUY2FIcVdCM294QlhGMGFmZUtVY2RaSzRkLXZfMG9jeGp4R3RseEhpOGJVMHJwazY4X2dDLVRVaWVaTV9UMUlTSjdfT00tSWlVVGxn?oc=5\" target=\"_blank\" rel=\"nofollow noopener\">Kofola z\u00edsk\u00e1v\u00e1 52% pod\u00edl v s\u00edti kav\u00e1ren C\u00f8kafe, kter\u00e1 dnes provozuje osm pobo\u010dek<\/a>&nbsp;&nbsp;Zpr\u00e1vy Kurzy.cz<a href=\"https:\/\/news.google.com\/rss\/articles\/CBMitAFBVV95cUxQQmF5STBCQlFUNlVhcVcyUHlMTTAyYkRHamt5dVg4dWc2LUx2c0F2d3hmU3YwbHZKVUtYWURrLXU3X1pyMzNLTHJRUndpNjdEZFI2OVRoOXpwWjU2dWVEWUUyejlhOGladkl2TnM1bVlfLVU2MmdNX2JhajFJXy1HbTAzTzF0U2dhRVRfYzUycGQ2U2xpTkJDLWdPT1k5eDdWUnNxaUtpODBNSzVIdHpKRlpqdVk?oc=5\" target=\"_blank\" rel=\"nofollow noopener\">Skupina Kofola z\u00edsk\u00e1v\u00e1 pod\u00edl 52 procent v \u010desk\u00e9 s\u00edti kav\u00e1ren C\u00f8kafe<\/a>&nbsp;&nbsp;Moravskoslezsk\u00fd den\u00edk<a href=\"https:\/\/news.google.com\/rss\/articles\/CBMiiAFBVV95cUxQM1pUVklBejRwUWZTYVRoNXZNSDdOUjJFN3gwNGRLbnJ3X0dtX1hJQ0N0ekVoNVBtd2lQT2xxWDZLOU9ESjdJR3FMZENBTkc2UkljeUNYOE5vWU9ZVldFZWR4eVFkbDBYaTlXQUh2YUtrenJoYkNJWVAyV0ZPYUw4ZG9rcmZ4QWhH?oc=5\" target=\"_blank\" rel=\"nofollow noopener\">Od sem\u00ednka po \u0161\u00e1lek. Kofola vstoupila do kav\u00e1rensk\u00e9 s\u00edt\u011b C\u00f8kafe<\/a>&nbsp;&nbsp;Forbes \u010cesko<a href=\"https:\/\/news.google.com\/rss\/articles\/CBMiXkFVX3lxTE54aUEwZGRqQ1N3bmVhY1JRNGlWUlMwWmRfbnFxQW5fNFhHR0RtUzJBYjZwZS1PMzJwaHN3Uk9XX05mYkxtYm1mRWloWDlsWFZCNzNSbVJZcEQ5b1R0Z2c?oc=5\" target=\"_blank\" rel=\"nofollow noopener\">Kofola vstupuje do C\u00d8KAFE. Uzav\u00edr\u00e1 t\u00edm k\u00e1vov\u00fd p\u0159\u00edb\u011bh od sem\u00ednka, p\u0159es produkt a\u017e ke spot\u0159ebitelsk\u00e9mu z\u00e1\u017eitku<\/a>&nbsp;&nbsp;FXstreet.cz<\/p>\n","protected":false},"excerpt":{"rendered":"Kofola vstupuje do ostravsk\u00e9 kav\u00e1rensk\u00e9 s\u00edt\u011b. Co chyst\u00e1 s COKAFE?&nbsp;&nbsp;iDNES.czKofola z\u00edsk\u00e1v\u00e1 52% pod\u00edl v s\u00edti kav\u00e1ren C\u00f8kafe, kter\u00e1&hellip;\n","protected":false},"author":2,"featured_media":195004,"comment_status":"","ping_status":"","sticky":false,"template":"","format":"standard","meta":{"footnotes":"","_share_on_mastodon":"0"},"categories":[12],"tags":[67,68,6601,17255,1674],"class_list":["post-195003","post","type-post","status-publish","format-standard","has-post-thumbnail","category-byznys","tag-business","tag-byznys","tag-kava","tag-kavarna","tag-ugo"],"share_on_mastodon":{"url":"https:\/\/pubeurope.com\/@cz\/117177145401109911","error":""},"_links":{"self":[{"href":"https:\/\/www.europesays.com\/cz\/wp-json\/wp\/v2\/posts\/195003","targetHints":{"allow":["GET"]}}],"collection":[{"href":"https:\/\/www.europesays.com\/cz\/wp-json\/wp\/v2\/posts"}],"about":[{"href":"https:\/\/www.europesays.com\/cz\/wp-json\/wp\/v2\/types\/post"}],"author":[{"embeddable":true,"href":"https:\/\/www.europesays.com\/cz\/wp-json\/wp\/v2\/users\/2"}],"replies":[{"embeddable":true,"href":"https:\/\/www.europesays.com\/cz\/wp-json\/wp\/v2\/comments?post=195003"}],"version-history":[{"count":0,"href":"https:\/\/www.europesays.com\/cz\/wp-json\/wp\/v2\/posts\/195003\/revisions"}],"wp:featuredmedia":[{"embeddable":true,"href":"https:\/\/www.europesays.com\/cz\/wp-json\/wp\/v2\/media\/195004"}],"wp:attachment":[{"href":"https:\/\/www.europesays.com\/cz\/wp-json\/wp\/v2\/media?parent=195003"}],"wp:term":[{"taxonomy":"category","embeddable":true,"href":"https:\/\/www.europesays.com\/cz\/wp-json\/wp\/v2\/categories?post=195003"},{"taxonomy":"post_tag","embeddable":true,"href":"https:\/\/www.europesays.com\/cz\/wp-json\/wp\/v2\/tags?post=195003"}],"curies":[{"name":"wp","href":"https:\/\/api.w.org\/{rel}","templated":true}]}}