{"id":195059,"date":"2026-08-29T06:08:16","date_gmt":"2026-08-29T06:08:16","guid":{"rendered":"https:\/\/www.europesays.com\/cz\/195059\/"},"modified":"2026-08-29T06:08:16","modified_gmt":"2026-08-29T06:08:16","slug":"za-podivnych-okolnosti-pristal-na-letisti-u-prerova-pilot-zahranicniho-letadla","status":"publish","type":"post","link":"https:\/\/www.europesays.com\/cz\/195059\/","title":{"rendered":"Za podivn\u00fdch okolnost\u00ed p\u0159ist\u00e1l na leti\u0161ti u\u00a0P\u0159erova pilot zahrani\u010dn\u00edho letadla"},"content":{"rendered":"<p class=\"c_bB\">\u201eMohu potvrdit, \u017ee na leti\u0161ti v\u00a0Bocho\u0159i p\u0159ist\u00e1lo mal\u00e9 letadlo ze zahrani\u010d\u00ed,\u201c uvedla Zaj\u00edcov\u00e1. \u0160et\u0159en\u00ed okolnost\u00ed, za jak\u00fdch se to stalo, podle n\u00ed prob\u00edh\u00e1. \u201ePilot ale zadr\u017een\u00fd nebyl,\u201c konstatovala mluv\u010d\u00ed.<\/p>\n<p class=\"c_bB\">Podle nepotvrzen\u00fdch informac\u00ed m\u011bl m\u00edt pilot probl\u00e9my p\u0159i letu ji\u017e v\u00a0Chorvatsku, pak ve Slovinsku, Ma\u010farsku a\u00a0Rakousku. Nekomunikoval a\u00a0\u00fadajn\u011b k\u00a0n\u011bmu vzl\u00e9tly ma\u010farsk\u00e9 i\u00a0rakousk\u00e9 st\u00edha\u010dky. \u201eK p\u0159ist\u00e1n\u00ed na leti\u0161ti v\u00a0Bocho\u0159i nebyl p\u0159inucen,\u201c zd\u016fraznila Zaj\u00edcov\u00e1.<\/p>\n<p class=\"c_bB\">Policist\u00e9, kte\u0159\u00ed se p\u0159\u00edpadem zab\u00fdvali, do\u0161li podle n\u00ed po \u0161et\u0159en\u00ed a\u00a0ohled\u00e1n\u00ed letadla k\u00a0z\u00e1v\u011bru, \u017ee cizinec nesp\u00e1chal trestn\u00fd \u010din. \u201eDopustil se p\u0159estupku proti z\u00e1konu o\u00a0civiln\u00edm letectv\u00ed, \u201c doplnila policejn\u00ed mluv\u010d\u00ed.  <\/p>\n<p class=\"c_bB\">Proh\u0159e\u0161ek m\u011bl spo\u010d\u00edvat v\u00a0tom, \u017ee po celou dobu letu pilot \u0159\u00e1dn\u011b nekomunikoval s\u00a0pozemn\u00edm person\u00e1lem leti\u0161\u0165 na trase, kudy prol\u00e9tal. Pro\u010d pilot p\u0159ist\u00e1l pr\u00e1v\u011b na p\u0159erovsk\u00e9m leti\u0161ti, policie neuvedla.<\/p>\n<p><a data-dot=\"atm-link\" target=\"_self\" href=\"https:\/\/www.novinky.cz\/clanek\/zahranicni-evropa-do-rakouskeho-jezera-attersee-se-zritilo-male-letadlo-voda-je-tam-100-metru-hluboka-40594549\" class=\"c_I\" rel=\"nofollow noopener\"><img height=\"1012\" width=\"1800\" src=\"https:\/\/www.europesays.com\/cz\/wp-content\/uploads\/2026\/08\/rakousko-jezero-attersee.jpeg\" loading=\"lazy\" decoding=\"async\" class=\"c_t c_r c_l\"\/><\/a><\/p>\n","protected":false},"excerpt":{"rendered":"\u201eMohu potvrdit, \u017ee na leti\u0161ti v\u00a0Bocho\u0159i p\u0159ist\u00e1lo mal\u00e9 letadlo ze zahrani\u010d\u00ed,\u201c uvedla Zaj\u00edcov\u00e1. \u0160et\u0159en\u00ed okolnost\u00ed, za jak\u00fdch se&hellip;\n","protected":false},"author":2,"featured_media":195060,"comment_status":"","ping_status":"","sticky":false,"template":"","format":"standard","meta":{"footnotes":"","_share_on_mastodon":"0"},"categories":[7],"tags":[43,42,41,40,3654,325,3534,4378],"class_list":["post-195059","post","type-post","status-publish","format-standard","has-post-thumbnail","category-cesko","tag-ceska-republika","tag-cesko","tag-czech-republic","tag-czechia","tag-letadla","tag-policie","tag-prerov","tag-pristani"],"share_on_mastodon":{"url":"https:\/\/pubeurope.com\/@cz\/117177306773683124","error":""},"_links":{"self":[{"href":"https:\/\/www.europesays.com\/cz\/wp-json\/wp\/v2\/posts\/195059","targetHints":{"allow":["GET"]}}],"collection":[{"href":"https:\/\/www.europesays.com\/cz\/wp-json\/wp\/v2\/posts"}],"about":[{"href":"https:\/\/www.europesays.com\/cz\/wp-json\/wp\/v2\/types\/post"}],"author":[{"embeddable":true,"href":"https:\/\/www.europesays.com\/cz\/wp-json\/wp\/v2\/users\/2"}],"replies":[{"embeddable":true,"href":"https:\/\/www.europesays.com\/cz\/wp-json\/wp\/v2\/comments?post=195059"}],"version-history":[{"count":0,"href":"https:\/\/www.europesays.com\/cz\/wp-json\/wp\/v2\/posts\/195059\/revisions"}],"wp:featuredmedia":[{"embeddable":true,"href":"https:\/\/www.europesays.com\/cz\/wp-json\/wp\/v2\/media\/195060"}],"wp:attachment":[{"href":"https:\/\/www.europesays.com\/cz\/wp-json\/wp\/v2\/media?parent=195059"}],"wp:term":[{"taxonomy":"category","embeddable":true,"href":"https:\/\/www.europesays.com\/cz\/wp-json\/wp\/v2\/categories?post=195059"},{"taxonomy":"post_tag","embeddable":true,"href":"https:\/\/www.europesays.com\/cz\/wp-json\/wp\/v2\/tags?post=195059"}],"curies":[{"name":"wp","href":"https:\/\/api.w.org\/{rel}","templated":true}]}}