{"id":195103,"date":"2026-08-29T07:02:11","date_gmt":"2026-08-29T07:02:11","guid":{"rendered":"https:\/\/www.europesays.com\/cz\/195103\/"},"modified":"2026-08-29T07:02:11","modified_gmt":"2026-08-29T07:02:11","slug":"madarsky-ministr-obrany-nemel-zapnuty-bezpecnostni-pas-sam-se-udal-a-dostal-pokutu","status":"publish","type":"post","link":"https:\/\/www.europesays.com\/cz\/195103\/","title":{"rendered":"Ma\u010farsk\u00fd ministr obrany nem\u011bl zapnut\u00fd bezpe\u010dnostn\u00ed p\u00e1s, s\u00e1m se udal a\u00a0dostal pokutu"},"content":{"rendered":"<p class=\"c_bB\">Ruszin-Szendi od za\u010d\u00e1tku t\u00fddne \u0159e\u0161il hav\u00e1rii st\u00edha\u010dky Gripen u\u00a0m\u011bsta Szolnok a\u00a0p\u0159iznal, \u017ee cel\u00e1 z\u00e1le\u017eitost se ho i\u00a0osobn\u011b dotkla. V\u00a0rozhovoru pro rozhlasovou stanici Retr\u00f3 se mu zlomil hlas a\u00a0v o\u010d\u00edch se mu objevily slzy p\u0159i zm\u00ednce o\u00a0hrdinstv\u00ed 51let\u00e9ho pilota st\u00edha\u010dky, kter\u00fd nasm\u011broval letadlo mimo ob\u00fdvan\u00e9 z\u00f3ny a\u00a0katapultoval se a\u017e v\u00a0posledn\u00ed mo\u017en\u00e9 chv\u00edli.<\/p>\n<p class=\"c_bB\">Pr\u00e1v\u011b na cest\u011b do rozhlasov\u00e9ho studia nato\u010dil ministr video, kde je patrn\u00e9, \u017ee nem\u00e1 zapnut\u00fd bezpe\u010dnostn\u00ed p\u00e1s. Ruszin-Szendi vz\u00e1p\u011bt\u00ed napsal na velitelstv\u00ed policie v\u00a0budape\u0161\u0165sk\u00e9m obvod\u011b Zugl\u00f3 a\u00a0p\u0159iznal, \u017ee pochybil. \u201ePokutu jsem okam\u017eit\u011b zaplatil. Odte\u010f budu pozorn\u011bj\u0161\u00ed a\u00a0poka\u017ed\u00e9 budu pou\u017e\u00edvat bezpe\u010dnostn\u00ed p\u00e1s,\u201c sl\u00edbil ministr na <a data-dot=\"atm-link\" target=\"_blank\" rel=\"noopener nofollow\" href=\"https:\/\/www.facebook.com\/ruszinszendiromulusz\/posts\/122207265278445489?ref=embed_post\" class=\"c_I\">Facebooku<\/a>.<\/p>\n<p><img fetchpriority=\"high\" height=\"1600\"   width=\"1130\" src=\"https:\/\/www.europesays.com\/cz\/wp-content\/uploads\/2026\/08\/madarsko-ministr-bezpecnostni-pas.jpeg\" loading=\"eager\" decoding=\"sync\" class=\"c_t c_r\"\/>Foto: FB Romulusze Ruszin-Szendiho<\/p>\n<p class=\"c_bB\">Ma\u010farsk\u00fd ministr obrany ozn\u00e1mil policii, \u017ee nepou\u017eil bezpe\u010dnostn\u00ed p\u00e1s<\/p>\n<p class=\"c_bB\">V\u00fd\u0161i pokuty ministr nezve\u0159ejnil, ale ta se p\u0159i j\u00edzd\u011b v\u00a0obci bez zapnut\u00e9ho bezpe\u010dnostn\u00edho p\u00e1su pohybuje na \u00farovni 20\u00a0tis\u00edc forint\u016f (1300\u00a0korun).<\/p>\n<p><a data-dot=\"atm-link\" target=\"_self\" href=\"https:\/\/www.novinky.cz\/clanek\/zahranicni-evropa-riskoval-zivot-aby-zachranil-stroj-pilot-madarskeho-gripenu-se-katapultoval-az-na-zemi-40594327\" class=\"c_I\" rel=\"nofollow noopener\"><img height=\"276\" width=\"492\" src=\"https:\/\/www.europesays.com\/cz\/wp-content\/uploads\/2026\/08\/1787986931_846_madarsko-gripen-havarie.jpeg\" loading=\"eager\" decoding=\"sync\" class=\"c_t c_r\"\/><\/a><\/p>\n","protected":false},"excerpt":{"rendered":"Ruszin-Szendi od za\u010d\u00e1tku t\u00fddne \u0159e\u0161il hav\u00e1rii st\u00edha\u010dky Gripen u\u00a0m\u011bsta Szolnok a\u00a0p\u0159iznal, \u017ee cel\u00e1 z\u00e1le\u017eitost se ho i\u00a0osobn\u011b dotkla.&hellip;\n","protected":false},"author":2,"featured_media":195104,"comment_status":"","ping_status":"","sticky":false,"template":"","format":"standard","meta":{"footnotes":"","_share_on_mastodon":"0"},"categories":[3],"tags":[109,108,106,796,1537,2058],"class_list":["post-195103","post","type-post","status-publish","format-standard","has-post-thumbnail","category-evropa","tag-europa","tag-europe","tag-evropa","tag-madarsko","tag-obrana","tag-pokuta"],"share_on_mastodon":{"url":"https:\/\/pubeurope.com\/@cz\/117177519684710062","error":""},"_links":{"self":[{"href":"https:\/\/www.europesays.com\/cz\/wp-json\/wp\/v2\/posts\/195103","targetHints":{"allow":["GET"]}}],"collection":[{"href":"https:\/\/www.europesays.com\/cz\/wp-json\/wp\/v2\/posts"}],"about":[{"href":"https:\/\/www.europesays.com\/cz\/wp-json\/wp\/v2\/types\/post"}],"author":[{"embeddable":true,"href":"https:\/\/www.europesays.com\/cz\/wp-json\/wp\/v2\/users\/2"}],"replies":[{"embeddable":true,"href":"https:\/\/www.europesays.com\/cz\/wp-json\/wp\/v2\/comments?post=195103"}],"version-history":[{"count":0,"href":"https:\/\/www.europesays.com\/cz\/wp-json\/wp\/v2\/posts\/195103\/revisions"}],"wp:featuredmedia":[{"embeddable":true,"href":"https:\/\/www.europesays.com\/cz\/wp-json\/wp\/v2\/media\/195104"}],"wp:attachment":[{"href":"https:\/\/www.europesays.com\/cz\/wp-json\/wp\/v2\/media?parent=195103"}],"wp:term":[{"taxonomy":"category","embeddable":true,"href":"https:\/\/www.europesays.com\/cz\/wp-json\/wp\/v2\/categories?post=195103"},{"taxonomy":"post_tag","embeddable":true,"href":"https:\/\/www.europesays.com\/cz\/wp-json\/wp\/v2\/tags?post=195103"}],"curies":[{"name":"wp","href":"https:\/\/api.w.org\/{rel}","templated":true}]}}