{"id":195181,"date":"2026-08-29T08:06:12","date_gmt":"2026-08-29T08:06:12","guid":{"rendered":"https:\/\/www.europesays.com\/cz\/195181\/"},"modified":"2026-08-29T08:06:12","modified_gmt":"2026-08-29T08:06:12","slug":"pamatnik-bitvy-u-mohace-z-navrhu-ai-pripominal-okridleny-falus-rychle-ho-odstranili","status":"publish","type":"post","link":"https:\/\/www.europesays.com\/cz\/195181\/","title":{"rendered":"Pam\u00e1tn\u00edk bitvy u\u00a0Moh\u00e1\u010de z\u00a0n\u00e1vrhu AI p\u0159ipom\u00ednal ok\u0159\u00eddlen\u00fd falus, rychle ho odstranili"},"content":{"rendered":"<p class=\"c_bB\">N\u00e1vrh sochy vypracovala um\u011bl\u00e1 inteligence a\u00a0starosta m\u011bsta Devecser objednal v\u00fdrobu p\u011bt metr\u016f vysok\u00e9 d\u0159ev\u011bn\u00e9 sochy u\u00a0\u0159ezb\u00e1\u0159e z\u00a0nedalek\u00e9 obce Bodorfa. M\u011bla symbolizovat orla s\u00a0p\u0159ilbic\u00ed s\u00a0rozta\u017een\u00fdmi k\u0159\u00eddly. Na soci\u00e1ln\u00ed s\u00edti v\u0161ak dostala socha jednozna\u010dn\u00e9 ozna\u010den\u00ed \u201eok\u0159\u00eddlen\u00fd falus\u201c a\u00a0stala se ter\u010dem posm\u011bchu. Po n\u011bkolika dnech byla odstran\u011bna.<\/p>\n<p class=\"c_bB\">Cel\u00e1 af\u00e9ra v\u0161ak p\u0159inesla m\u011bstu Devecser publicitu a\u00a0zv\u00fd\u0161en\u00fd z\u00e1jem turist\u016f. \u201eJe to \u0161koda, \u017ee u\u017e socha nestoj\u00ed. Jeli jsme do m\u011bsta P\u00e1pa a\u00a0zastavili jsme se v\u00a0Devecseru jen kv\u016fli t\u00e9to so\u0161e,\u201c \u0159ekla televizi <a data-dot=\"atm-link\" target=\"_blank\" rel=\"noopener nofollow\" href=\"https:\/\/rtl.hu\/hirado\/2026\/08\/25\/turistakat-is-vonzott-a-szarnyas-falloszkent-elhiresult-szobor-devecser-megis-lecsereli\" class=\"c_I\">RTL<\/a> zklaman\u00e1 turistka.<\/p>\n<p class=\"c_bB\">Bitva u\u00a0Moh\u00e1\u010de v\u00a0roce 1526\u00a0byla rozhoduj\u00edc\u00edm osmansk\u00fdm v\u00edt\u011bzstv\u00edm, kter\u00e9 vedlo k\u00a0rozpadu st\u0159edov\u011bk\u00e9ho Uhersk\u00e9ho kr\u00e1lovstv\u00ed. Dvacetilet\u00fd uhersk\u00fd, chorvatsk\u00fd a\u00a0\u010desk\u00fd kr\u00e1l Ludv\u00edk Jagellonsk\u00fd p\u0159i \u00fat\u011bku z\u00a0boji\u0161t\u011b utonul v\u00a0rozvodn\u011bn\u00e9m potoku Csele.<\/p>\n<p><a data-dot=\"atm-link\" target=\"_self\" href=\"https:\/\/www.novinky.cz\/clanek\/zahranicni-evropa-v-madarsku-odhalili-sochu-hitlerovu-spojenci-horthymu-154385\" class=\"c_I\" rel=\"nofollow noopener\"><img fetchpriority=\"high\" height=\"450\" width=\"800\" src=\"https:\/\/www.europesays.com\/cz\/wp-content\/uploads\/2026\/08\/KRZBZm7.jpeg\" loading=\"eager\" decoding=\"sync\" class=\"c_t c_r\"\/><\/a><\/p>\n","protected":false},"excerpt":{"rendered":"N\u00e1vrh sochy vypracovala um\u011bl\u00e1 inteligence a\u00a0starosta m\u011bsta Devecser objednal v\u00fdrobu p\u011bt metr\u016f vysok\u00e9 d\u0159ev\u011bn\u00e9 sochy u\u00a0\u0159ezb\u00e1\u0159e z\u00a0nedalek\u00e9 obce&hellip;\n","protected":false},"author":2,"featured_media":195182,"comment_status":"","ping_status":"","sticky":false,"template":"","format":"standard","meta":{"footnotes":"","_share_on_mastodon":"0"},"categories":[3],"tags":[109,108,106,1943,796,2662],"class_list":["post-195181","post","type-post","status-publish","format-standard","has-post-thumbnail","category-evropa","tag-europa","tag-europe","tag-evropa","tag-kontroverze","tag-madarsko","tag-socha"],"share_on_mastodon":{"url":"https:\/\/pubeurope.com\/@cz\/117177771016264575","error":""},"_links":{"self":[{"href":"https:\/\/www.europesays.com\/cz\/wp-json\/wp\/v2\/posts\/195181","targetHints":{"allow":["GET"]}}],"collection":[{"href":"https:\/\/www.europesays.com\/cz\/wp-json\/wp\/v2\/posts"}],"about":[{"href":"https:\/\/www.europesays.com\/cz\/wp-json\/wp\/v2\/types\/post"}],"author":[{"embeddable":true,"href":"https:\/\/www.europesays.com\/cz\/wp-json\/wp\/v2\/users\/2"}],"replies":[{"embeddable":true,"href":"https:\/\/www.europesays.com\/cz\/wp-json\/wp\/v2\/comments?post=195181"}],"version-history":[{"count":0,"href":"https:\/\/www.europesays.com\/cz\/wp-json\/wp\/v2\/posts\/195181\/revisions"}],"wp:featuredmedia":[{"embeddable":true,"href":"https:\/\/www.europesays.com\/cz\/wp-json\/wp\/v2\/media\/195182"}],"wp:attachment":[{"href":"https:\/\/www.europesays.com\/cz\/wp-json\/wp\/v2\/media?parent=195181"}],"wp:term":[{"taxonomy":"category","embeddable":true,"href":"https:\/\/www.europesays.com\/cz\/wp-json\/wp\/v2\/categories?post=195181"},{"taxonomy":"post_tag","embeddable":true,"href":"https:\/\/www.europesays.com\/cz\/wp-json\/wp\/v2\/tags?post=195181"}],"curies":[{"name":"wp","href":"https:\/\/api.w.org\/{rel}","templated":true}]}}