{"id":195277,"date":"2026-08-29T09:50:11","date_gmt":"2026-08-29T09:50:11","guid":{"rendered":"https:\/\/www.europesays.com\/cz\/195277\/"},"modified":"2026-08-29T09:50:11","modified_gmt":"2026-08-29T09:50:11","slug":"migranti-se-v-ceute-skryvaji-v-kopcich-nad-plazi-mistni-lide-jim-zapalili-pristresky-idnes-cz","status":"publish","type":"post","link":"https:\/\/www.europesays.com\/cz\/195277\/","title":{"rendered":"Migranti se v Ceut\u011b skr\u00fdvaj\u00ed v kopc\u00edch nad pl\u00e1\u017e\u00ed. M\u00edstn\u00ed lid\u00e9 jim zap\u00e1lili p\u0159\u00edst\u0159e\u0161ky &#8211; iDNES.cz"},"content":{"rendered":"<p><a href=\"https:\/\/news.google.com\/rss\/articles\/CBMi2gFBVV95cUxNWTVZZkVjQUlPMlRsNURJc0ZkTmVmQUZ4Q09XTHZ0bE5vU2UxM1liVWxBOTI4SGNmR0h2V0p1ck5MSWVNeHFfT1U2bm9KaEkyREdkUk9rYm03VGlCR0VLc0V2blFieUdGOU5wWlc2WEdhdUtJdGc1all0cFlhVjlDdFpEV1NOZWhCTjNwaTVEU1RRd2ZvUlY5NXJqVVh4OTZPNFI3bV8yM3pBclF5MTFPRDFOTGxyRFE5NzZCQzNOdm9zOElHV0xHNFFjQmRNeUExUGQ3ZW9OV25KQQ?oc=5\" target=\"_blank\" rel=\"nofollow noopener\">Migranti se v Ceut\u011b skr\u00fdvaj\u00ed v kopc\u00edch nad pl\u00e1\u017e\u00ed. M\u00edstn\u00ed lid\u00e9 jim zap\u00e1lili p\u0159\u00edst\u0159e\u0161ky<\/a>&nbsp;&nbsp;iDNES.cz<a href=\"https:\/\/news.google.com\/rss\/articles\/CBMirAFBVV95cUxQemEyMFZ5N2JUUGwzdUR1QUI0a3dFQVVtdnZ3R1Nvc1lNOHhNNzh0bl9RWWpZS0xqalBTcTRyanF1SDNMYXhES0pjVWk2Y2RqMW9RMGNJekctZkNtNE9tc1hDLVczNXNjaE1tekIzcGplN3pWUHBXWW8yek42c2VqNmRqbm43MHFVMy1SSXZFNWV2dUlsZ2pCaXdyWDYwM01GUmhmUG1jaXUyeExw?oc=5\" target=\"_blank\" rel=\"nofollow noopener\">Obyvatel\u00e9 Ceuty zlikvidovali stanov\u00fd t\u00e1bor migrant\u016f<\/a>&nbsp;&nbsp;Novinky<a href=\"https:\/\/news.google.com\/rss\/articles\/CBMiwAFBVV95cUxPd2o2R182M1JWSGdlWW5OSmJYVmhUYnpIYWxnZTdmLTZsNGpPcWJ4ZlJGT1hrQkNjbVo4V2tQMnZDYUlyNjdoNVY4WTZEQ3h1NnZZNFdhR1ZPMDA0N2QwMmpFSi1hc0J3YVRUbHc1N2lINWVqbXg2LUcwM09MMVEyMnhTZXBOdHVHaTJEX1phU3NxcEk3cGlLWTgxZW5PR0l5eU54Ny1Ubm5RZ2lxTnhlRDFlOUxsdll1LVR0YklYWlA?oc=5\" target=\"_blank\" rel=\"nofollow noopener\">\u0160pan\u011blsko po\u017e\u00e1dalo agenturu Frontex o pomoc s migranty v exkl\u00e1v\u011b Ceuta<\/a>&nbsp;&nbsp;Seznam Zpr\u00e1vy<a href=\"https:\/\/news.google.com\/rss\/articles\/CBMi5wFBVV95cUxNZnk4MHFjR1V6NUtLWHJIelRFbXl6NG85dURyVXVpeTlLY0lHWFlZX3NDazhDZTRYM3hUT3paZWRueFhQcGxZNDRwV0dmT0luaS1UckZ2dkNGZTN1bE8yR2pwbkhyeUViNkR2RjByYWpINW1LM3B1dEM1NjBCVjdCUi1LQnpIR0FSSVZKc2g5dkdLTVhjM0h3WjVhYlc5Ung1N0hURkgySzV4cTJRSVVEZ1MzdTlUU2J6dGdPcDVha2Jndjd1RDVHUk1EVFRrT2tLcTY5S3JTNDE5b1NJcWpTdDFkbzhiZ00?oc=5\" target=\"_blank\" rel=\"nofollow noopener\">Divok\u00fd den v Ceut\u011b. Brut\u00e1ln\u00ed \u00fatok migrant\u016f na neozbrojen\u00e9 voj\u00e1ky za\u017eehnul jiskru<\/a>&nbsp;&nbsp;Aktu\u00e1ln\u011b.cz<a href=\"https:\/\/news.google.com\/rss\/articles\/CBMiyAFBVV95cUxOdlA5R1FiRmx4QUNUajBKLTBoVDFRTlJFWmtFRXZzTTV4R25QckpMN19uWnZmQ0xwaGJHSHFYbk11RnpFNnNDU0NOQlY2ejFGeV92ZU43TEtiRzNSUGhUZHFoQXFWUUQ3cWRxdHlQRGNIYmV5QmdlanpKbmJPMDJGY2FTakVfQ3c2a3pLWXRhazhxcnZRNnFhcHM0eFkwbk9WcWJvVzhzY3R0UGFSX1pZa3NRb1o0WUpDdVdVLW5DUGwyMTlQaEZnZA?oc=5\" target=\"_blank\" rel=\"nofollow noopener\">V Ceut\u011b roste nap\u011bt\u00ed. \u0160pan\u011bl\u00e9 protestuj\u00ed proti migrant\u016fm, vl\u00e1da jich tento t\u00fdden p\u0159es sto vyhostila<\/a>&nbsp;&nbsp;iROZHLAS<\/p>\n","protected":false},"excerpt":{"rendered":"Migranti se v Ceut\u011b skr\u00fdvaj\u00ed v kopc\u00edch nad pl\u00e1\u017e\u00ed. M\u00edstn\u00ed lid\u00e9 jim zap\u00e1lili p\u0159\u00edst\u0159e\u0161ky&nbsp;&nbsp;iDNES.czObyvatel\u00e9 Ceuty zlikvidovali stanov\u00fd t\u00e1bor&hellip;\n","protected":false},"author":2,"featured_media":195278,"comment_status":"","ping_status":"","sticky":false,"template":"","format":"standard","meta":{"footnotes":"","_share_on_mastodon":"0"},"categories":[10],"tags":[40646,17,21,33835,11739,1260,16,1472,18,19,22,20],"class_list":["post-195277","post","type-post","status-publish","format-standard","has-post-thumbnail","category-zpravy","tag-ceuta","tag-headlines","tag-hlavni-udalosti","tag-kopec","tag-maroko","tag-migrace","tag-news","tag-plaz","tag-top-news","tag-top-stories","tag-udalosti-dne","tag-zpravy"],"share_on_mastodon":{"url":"https:\/\/pubeurope.com\/@cz\/117178179982732032","error":""},"_links":{"self":[{"href":"https:\/\/www.europesays.com\/cz\/wp-json\/wp\/v2\/posts\/195277","targetHints":{"allow":["GET"]}}],"collection":[{"href":"https:\/\/www.europesays.com\/cz\/wp-json\/wp\/v2\/posts"}],"about":[{"href":"https:\/\/www.europesays.com\/cz\/wp-json\/wp\/v2\/types\/post"}],"author":[{"embeddable":true,"href":"https:\/\/www.europesays.com\/cz\/wp-json\/wp\/v2\/users\/2"}],"replies":[{"embeddable":true,"href":"https:\/\/www.europesays.com\/cz\/wp-json\/wp\/v2\/comments?post=195277"}],"version-history":[{"count":0,"href":"https:\/\/www.europesays.com\/cz\/wp-json\/wp\/v2\/posts\/195277\/revisions"}],"wp:featuredmedia":[{"embeddable":true,"href":"https:\/\/www.europesays.com\/cz\/wp-json\/wp\/v2\/media\/195278"}],"wp:attachment":[{"href":"https:\/\/www.europesays.com\/cz\/wp-json\/wp\/v2\/media?parent=195277"}],"wp:term":[{"taxonomy":"category","embeddable":true,"href":"https:\/\/www.europesays.com\/cz\/wp-json\/wp\/v2\/categories?post=195277"},{"taxonomy":"post_tag","embeddable":true,"href":"https:\/\/www.europesays.com\/cz\/wp-json\/wp\/v2\/tags?post=195277"}],"curies":[{"name":"wp","href":"https:\/\/api.w.org\/{rel}","templated":true}]}}