{"id":195291,"date":"2026-08-29T10:00:10","date_gmt":"2026-08-29T10:00:10","guid":{"rendered":"https:\/\/www.europesays.com\/cz\/195291\/"},"modified":"2026-08-29T10:00:10","modified_gmt":"2026-08-29T10:00:10","slug":"madar-ukradl-letadlo-a-zamiril-nad-jadernou-elektrarnu-paks-gripenum-neusel","status":"publish","type":"post","link":"https:\/\/www.europesays.com\/cz\/195291\/","title":{"rendered":"Ma\u010far ukradl letadlo a\u00a0zam\u00ed\u0159il nad jadernou elektr\u00e1rnu Paks. Gripen\u016fm neu\u0161el"},"content":{"rendered":"<p class=\"c_bB\">Z\u00e1sah st\u00edha\u010dek potvrdil na <a data-dot=\"atm-link\" target=\"_blank\" rel=\"noopener nofollow\" href=\"https:\/\/www.facebook.com\/ruszinszendiromulusz\" class=\"c_I\">Facebooku<\/a> ma\u010farsk\u00fd ministr obrany Romulusz Ruszin-Szendi. \u201eMu\u017e si myslel, \u017ee vyzkou\u0161\u00ed mal\u00e9 letadlo odstaven\u00e9 v\u00a0Kalocsi. Nev\u00e1hal a\u00a0vzl\u00e9tl sm\u011brem k\u00a0Paksu. Radary ma\u010farsk\u00fdch obrann\u00fdch sil letadlo okam\u017eit\u011b detekovaly a\u00a0vzl\u00e9tla dvojice pohotovostn\u00edch st\u00edha\u010dek,\u201c uvedl ministr.<\/p>\n<p class=\"c_bB\">O n\u011bkolik minut pozd\u011bji mal\u00e9 letadlo nouzov\u011b p\u0159ist\u00e1lo v\u00a0oblasti obce Gerjen, piloti gripen\u016f letadlo lokalizovali a\u00a0krou\u017eili nad m\u00edstem, ne\u017e dorazil z\u00e1chran\u00e1\u0159sk\u00fd vrtuln\u00edk a\u00a0pozemn\u00ed z\u00e1chran\u00e1\u0159sk\u00e9 jednotky. Na m\u00edsto dorazila tak\u00e9 policie, pilota zadr\u017eela a\u00a0zah\u00e1jila vy\u0161et\u0159ov\u00e1n\u00ed p\u0159\u00edpadu.<\/p>\n<p>Man\u00e9vroval nad elektr\u00e1rnou<\/p>\n<p class=\"c_bB\">Web HVG.hu uvedl, \u017ee se jednalo o\u00a0letadlo Cessna 172.\u00a0Pilot m\u011bl vlet\u011bt do uzav\u0159en\u00e9ho vzdu\u0161n\u00e9ho prostoru nad jedinou ma\u010farskou elektr\u00e1rnou a\u00a0ve vzduchu man\u00e9vroval. Nad elektr\u00e1rnou nesm\u00ed l\u00e9tat \u017e\u00e1dn\u00e9 letadlo v\u00a0okruhu t\u0159\u00ed kilometr\u016f a\u017e do v\u00fd\u0161e 6000\u00a0metr\u016f.<\/p>\n<p class=\"c_bB\">Web tvrd\u00ed, \u017ee letadlo odcizil \u010dty\u0159iadvacetilet\u00fd mlad\u00edk a\u00a0po zadr\u017een\u00ed p\u016fsobil zmaten\u011b. Nouzov\u011b p\u0159ist\u00e1l ve slune\u010dnicov\u00e9m poli, p\u0159i\u010dem\u017e rozbil podvozek.<\/p>\n<p class=\"c_bB\">St\u00edhac\u00ed letoun Gripen ma\u010farsk\u00e9ho letectva se v\u00a0pond\u011bl\u00ed z\u0159\u00edtil u\u00a0ma\u010farsk\u00e9ho Szolnoku v\u00a0centr\u00e1ln\u00ed \u010d\u00e1sti zem\u011b. Jednapades\u00e1tilet\u00fd pilot se katapultoval.<\/p>\n<p><a data-dot=\"atm-link\" target=\"_self\" href=\"https:\/\/www.novinky.cz\/clanek\/zahranicni-evropa-riskoval-zivot-aby-zachranil-stroj-pilot-madarskeho-gripenu-se-katapultoval-az-na-zemi-40594327\" class=\"c_I\" rel=\"nofollow noopener\"><img fetchpriority=\"high\" height=\"276\" width=\"492\" src=\"https:\/\/www.europesays.com\/cz\/wp-content\/uploads\/2026\/08\/1787997610_113_madarsko-gripen-havarie.jpeg\" loading=\"eager\" decoding=\"sync\" class=\"c_t c_r\"\/><\/a><\/p>\n","protected":false},"excerpt":{"rendered":"Z\u00e1sah st\u00edha\u010dek potvrdil na Facebooku ma\u010farsk\u00fd ministr obrany Romulusz Ruszin-Szendi. \u201eMu\u017e si myslel, \u017ee vyzkou\u0161\u00ed mal\u00e9 letadlo odstaven\u00e9&hellip;\n","protected":false},"author":2,"featured_media":195292,"comment_status":"","ping_status":"","sticky":false,"template":"","format":"standard","meta":{"footnotes":"","_share_on_mastodon":"0"},"categories":[10],"tags":[17,21,1626,796,16,18,19,22,761,20],"class_list":["post-195291","post","type-post","status-publish","format-standard","has-post-thumbnail","category-zpravy","tag-headlines","tag-hlavni-udalosti","tag-jas-39-gripen","tag-madarsko","tag-news","tag-top-news","tag-top-stories","tag-udalosti-dne","tag-zasah","tag-zpravy"],"share_on_mastodon":{"url":"https:\/\/pubeurope.com\/@cz\/117178218911651559","error":""},"_links":{"self":[{"href":"https:\/\/www.europesays.com\/cz\/wp-json\/wp\/v2\/posts\/195291","targetHints":{"allow":["GET"]}}],"collection":[{"href":"https:\/\/www.europesays.com\/cz\/wp-json\/wp\/v2\/posts"}],"about":[{"href":"https:\/\/www.europesays.com\/cz\/wp-json\/wp\/v2\/types\/post"}],"author":[{"embeddable":true,"href":"https:\/\/www.europesays.com\/cz\/wp-json\/wp\/v2\/users\/2"}],"replies":[{"embeddable":true,"href":"https:\/\/www.europesays.com\/cz\/wp-json\/wp\/v2\/comments?post=195291"}],"version-history":[{"count":0,"href":"https:\/\/www.europesays.com\/cz\/wp-json\/wp\/v2\/posts\/195291\/revisions"}],"wp:featuredmedia":[{"embeddable":true,"href":"https:\/\/www.europesays.com\/cz\/wp-json\/wp\/v2\/media\/195292"}],"wp:attachment":[{"href":"https:\/\/www.europesays.com\/cz\/wp-json\/wp\/v2\/media?parent=195291"}],"wp:term":[{"taxonomy":"category","embeddable":true,"href":"https:\/\/www.europesays.com\/cz\/wp-json\/wp\/v2\/categories?post=195291"},{"taxonomy":"post_tag","embeddable":true,"href":"https:\/\/www.europesays.com\/cz\/wp-json\/wp\/v2\/tags?post=195291"}],"curies":[{"name":"wp","href":"https:\/\/api.w.org\/{rel}","templated":true}]}}