{"id":195347,"date":"2026-08-29T11:09:12","date_gmt":"2026-08-29T11:09:12","guid":{"rendered":"https:\/\/www.europesays.com\/cz\/195347\/"},"modified":"2026-08-29T11:09:12","modified_gmt":"2026-08-29T11:09:12","slug":"ten-co-sestrelil-haraslina-plzni-se-upsal-slovensky-tvrdak","status":"publish","type":"post","link":"https:\/\/www.europesays.com\/cz\/195347\/","title":{"rendered":"Ten, co sest\u0159elil Harasl\u00edna. Plzni se upsal slovensk\u00fd tvr\u010f\u00e1k"},"content":{"rendered":"<p class=\"b_bA\">\u201eS Denisem k\u00a0n\u00e1m p\u0159ich\u00e1z\u00ed obrovsk\u00e1 zku\u0161enost. P\u016fsobil ve velk\u00fdch klubech v\u00a0presti\u017en\u00edch sout\u011b\u017e\u00edch, pat\u0159\u00ed k\u00a0pil\u00ed\u0159\u016fm slovensk\u00e9 reprezentace. Jde o\u00a0prototyp bojovn\u00edka, kter\u00fd na h\u0159i\u0161ti nech\u00e1 v\u0161echno a\u00a0p\u0159esn\u011b tyto vlastnosti se n\u00e1m b\u011bhem n\u00e1ro\u010dn\u00e9 sezony budou hodit,\u201c \u0159ekl klubov\u00e9mu webu sportovn\u00ed \u0159editel Martin Voz\u00e1bal.<\/p>\n<p class=\"b_bA\">\u201eP\u0159ich\u00e1z\u00ed hr\u00e1\u010d se siln\u00fdm leadershipem, obouchan\u00fd velk\u00fdmi sout\u011b\u017eemi. Ur\u010dit\u011b n\u00e1m hodn\u011b pom\u016f\u017ee s\u00a0organizac\u00ed hry,\u201c p\u0159idal na adresu nov\u00e9 posily nov\u00fd tren\u00e9r Viktorie Radoslav Kov\u00e1\u010d.<\/p>\n<p class=\"b_bA\">O transferu Vavra do Plzn\u011b spekulovala b\u011bhem p\u00e1te\u010dn\u00edho dne n\u011bmeck\u00e1 m\u00e9dia, o\u00a024\u00a0hodin pozd\u011bji d\u016frazn\u00e9ho obr\u00e1nce Plze\u0148 ofici\u00e1ln\u011b p\u0159edstavila jako novou posilu. Kov\u00e1\u010dovi, kter\u00fd p\u0159ed \u0161esti dny nahradil odvolan\u00e9ho Martina Hysk\u00e9ho, m\u016f\u017ee b\u00fdt Vavro k\u00a0dispozici u\u017e pro ned\u011bln\u00ed dom\u00e1c\u00ed ligov\u00fd duel se Slov\u00e1ckem.<\/p>\n<p class=\"b_bA\">\u201eT\u011b\u0161\u00edm se na tuhle v\u00fdzvu. Viktorku dob\u0159e zn\u00e1m, nastoupil jsem proti n\u00ed i\u00a0v p\u0159\u00edpravn\u00fdch z\u00e1pasech. A\u00a0samoz\u0159ejm\u011b se velmi dob\u0159e zn\u00e1me i\u00a0s klukama z\u00a0n\u00e1ro\u010f\u00e1ku, P\u00e1\u0165ou Hro\u0161ovsk\u00fdm a\u00a0D\u00e1videm Kr\u010d\u00edkem,\u201c uvedl Vavro.<\/p>\n<p class=\"b_bA\">T\u0159icetilet\u00fd stoper je vyhl\u00e1\u0161en\u00fd tvr\u010f\u00e1k, souboje s\u00a0n\u00edm leckdy po\u0159\u00e1dn\u011b bol\u00ed. Sv\u00e9 o\u00a0tom v\u00ed jeho reprezenta\u010dn\u00ed par\u0165\u00e1k Luk\u00e1\u0161 Harasl\u00edn, b\u00fdval\u00fd kapit\u00e1n Sparty, kter\u00e9ho Vavro p\u0159ed dv\u011bma lety sest\u0159elil v\u00a0p\u0159\u00edpravn\u00e9m duelu Sparty s\u00a0Kodan\u00ed a\u00a0byl vylou\u010den.<\/p>\n<p class=\"b_bA\">Vavro posledn\u00edch osm let p\u016fsobil v\u00a0zahrani\u010d\u00ed. Postupn\u011b pro\u0161el Kodan\u00ed, Laziem \u0158\u00edm, Huescou a\u00a0Wolfsburgem. Krom\u011b Lazia pat\u0159il ve v\u0161ech klubech ke kl\u00ed\u010dov\u00fdm postav\u00e1m defenzivn\u00ed \u0159ady.<\/p>\n<p class=\"b_bA\">Viktoria je od p\u0159\u00edchodu tren\u00e9ra Kov\u00e1\u010de na p\u0159estupov\u00e9m trhu aktivn\u00ed, u\u017e v\u00a0p\u00e1tek dot\u00e1hla transfer obr\u00e1nce Adama Gabriela z\u00a0d\u00e1nsk\u00e9ho Midtjyllandu. Tak\u00e9 on by si mohl premi\u00e9ru v\u00a0Plzni odb\u00fdt v\u00a0ned\u011bli proti Slov\u00e1cku.<\/p>\n<p><a data-dot=\"atm-link\" target=\"_self\" href=\"https:\/\/www.sport.cz\/clanek\/fotbal-ceska-1-liga-plzen-hlasi-dalsi-posilu-podepsala-odchovance-sparty-5520508\" class=\"b_V g_ia\" rel=\"nofollow noopener\"><img fetchpriority=\"high\" height=\"1080\" width=\"1440\" src=\"https:\/\/www.europesays.com\/cz\/wp-content\/uploads\/2026\/08\/1788001752_408_fotbal-gabriel-plzen.jpeg\" loading=\"eager\" decoding=\"sync\" class=\"b_B b_z\"\/><\/a><\/p>\n","protected":false},"excerpt":{"rendered":"\u201eS Denisem k\u00a0n\u00e1m p\u0159ich\u00e1z\u00ed obrovsk\u00e1 zku\u0161enost. P\u016fsobil ve velk\u00fdch klubech v\u00a0presti\u017en\u00edch sout\u011b\u017e\u00edch, pat\u0159\u00ed k\u00a0pil\u00ed\u0159\u016fm slovensk\u00e9 reprezentace. Jde o\u00a0prototyp&hellip;\n","protected":false},"author":2,"featured_media":195348,"comment_status":"","ping_status":"","sticky":false,"template":"","format":"standard","meta":{"footnotes":"","_share_on_mastodon":"0"},"categories":[15],"tags":[1177,45082,328,94,93],"class_list":["post-195347","post","type-post","status-publish","format-standard","has-post-thumbnail","category-sport","tag-chance-liga-fotbal","tag-denis-vavro","tag-fc-viktoria-plzen","tag-sport","tag-sports"],"share_on_mastodon":{"url":"https:\/\/pubeurope.com\/@cz\/117178490530392856","error":""},"_links":{"self":[{"href":"https:\/\/www.europesays.com\/cz\/wp-json\/wp\/v2\/posts\/195347","targetHints":{"allow":["GET"]}}],"collection":[{"href":"https:\/\/www.europesays.com\/cz\/wp-json\/wp\/v2\/posts"}],"about":[{"href":"https:\/\/www.europesays.com\/cz\/wp-json\/wp\/v2\/types\/post"}],"author":[{"embeddable":true,"href":"https:\/\/www.europesays.com\/cz\/wp-json\/wp\/v2\/users\/2"}],"replies":[{"embeddable":true,"href":"https:\/\/www.europesays.com\/cz\/wp-json\/wp\/v2\/comments?post=195347"}],"version-history":[{"count":0,"href":"https:\/\/www.europesays.com\/cz\/wp-json\/wp\/v2\/posts\/195347\/revisions"}],"wp:featuredmedia":[{"embeddable":true,"href":"https:\/\/www.europesays.com\/cz\/wp-json\/wp\/v2\/media\/195348"}],"wp:attachment":[{"href":"https:\/\/www.europesays.com\/cz\/wp-json\/wp\/v2\/media?parent=195347"}],"wp:term":[{"taxonomy":"category","embeddable":true,"href":"https:\/\/www.europesays.com\/cz\/wp-json\/wp\/v2\/categories?post=195347"},{"taxonomy":"post_tag","embeddable":true,"href":"https:\/\/www.europesays.com\/cz\/wp-json\/wp\/v2\/tags?post=195347"}],"curies":[{"name":"wp","href":"https:\/\/api.w.org\/{rel}","templated":true}]}}