{"id":195760,"date":"2026-08-29T19:58:11","date_gmt":"2026-08-29T19:58:11","guid":{"rendered":"https:\/\/www.europesays.com\/cz\/195760\/"},"modified":"2026-08-29T19:58:11","modified_gmt":"2026-08-29T19:58:11","slug":"madarsko-je-schopno-se-zotavit-z-cehokoli-rekl-magyar-u-prilezitosti-500-vyroci-bitvy-u-mohace","status":"publish","type":"post","link":"https:\/\/www.europesays.com\/cz\/195760\/","title":{"rendered":"Ma\u010farsko je schopno se zotavit z\u00a0\u010dehokoli, \u0159ekl Magyar u\u00a0p\u0159\u00edle\u017eitosti 500.\u00a0v\u00fdro\u010d\u00ed bitvy u\u00a0Moh\u00e1\u010de"},"content":{"rendered":"<p class=\"c_bB\">\u201eP\u0159ed 500\u00a0lety se v\u00a0tento den odehr\u00e1la bitva, kter\u00e1 na stalet\u00ed ur\u010dila osud na\u0161\u00ed zem\u011b. Poselstv\u00edm moh\u00e1\u010dsk\u00e9 katastrofy nen\u00ed por\u00e1\u017eka, ale to, \u017ee Ma\u010farsko je schopn\u00e9 se zotavit z\u00a0\u010dehokoli,\u201c \u0159ekl Magyar ve sv\u00e9m projevu v\u00a0Moh\u00e1\u010di, kter\u00fd byl vys\u00edl\u00e1n \u017eiv\u011b na <a data-dot=\"atm-link\" target=\"_blank\" rel=\"noopener nofollow\" href=\"https:\/\/www.facebook.com\/peter.magyar.102\" class=\"c_I\">Facebooku<\/a>.<\/p>\n<p class=\"c_bB\">P\u0159edseda vl\u00e1dy p\u0159ipomn\u011bl, \u017ee v\u00a0roce 1526\u00a0Ma\u010fa\u0159i bitvu prohr\u00e1li a\u00a0ztratili i\u00a0sv\u00e9ho kr\u00e1le, ale Uhersko nezmizelo. \u201eNyn\u00ed \u017eijeme ve stejn\u00e9 zemi, ob\u00fdv\u00e1me ji a\u00a0mluv\u00edme stejn\u00fdm jazykem. Zat\u00edmco mocnosti, dynastie, hranice a\u00a0zem\u011b zmizely, ma\u010farsk\u00e1 komunita z\u016fstala,\u201c zd\u016fraznil Magyar.<\/p>\n<p class=\"c_bB\">Odpoledne se v\u00a0r\u00e1mci po\u0159adu konala tak\u00e9 rekonstrukce bitvy u\u00a0Moh\u00e1\u010de.<\/p>\n<p class=\"c_bB\">Bitva u\u00a0Moh\u00e1\u010de 29.\u00a0srpna 1526\u00a0trvala\u00a0jen dv\u011b hodiny a\u00a0byla rozhoduj\u00edc\u00edm osmansk\u00fdm v\u00edt\u011bzstv\u00edm, kter\u00e9 vedlo k\u00a0rozpadu st\u0159edov\u011bk\u00e9ho Uhersk\u00e9ho kr\u00e1lovstv\u00ed. Dvacetilet\u00fd uhersk\u00fd, chorvatsk\u00fd a\u00a0\u010desk\u00fd kr\u00e1l Ludv\u00edk Jagellonsk\u00fd p\u0159i \u00fat\u011bku z\u00a0boji\u0161t\u011b utonul v\u00a0rozvodn\u011bn\u00e9m potoku Csele.<\/p>\n<p><a data-dot=\"atm-link\" target=\"_self\" href=\"https:\/\/www.novinky.cz\/clanek\/zahranicni-evropa-pamatnik-bitvy-u-mohace-z-navrhu-ai-pripominal-okridleny-falus-rychle-ho-odstranili-40594764\" class=\"c_I\" rel=\"nofollow noopener\"><img fetchpriority=\"high\" height=\"382\" width=\"680\" src=\"https:\/\/www.europesays.com\/cz\/wp-content\/uploads\/2026\/08\/1788033491_927_madarsko-socha-odhaleni.jpeg\" loading=\"eager\" decoding=\"sync\" class=\"c_t c_r\"\/><\/a><\/p>\n","protected":false},"excerpt":{"rendered":"\u201eP\u0159ed 500\u00a0lety se v\u00a0tento den odehr\u00e1la bitva, kter\u00e1 na stalet\u00ed ur\u010dila osud na\u0161\u00ed zem\u011b. Poselstv\u00edm moh\u00e1\u010dsk\u00e9 katastrofy nen\u00ed&hellip;\n","protected":false},"author":2,"featured_media":195761,"comment_status":"","ping_status":"","sticky":false,"template":"","format":"standard","meta":{"footnotes":"","_share_on_mastodon":"0"},"categories":[3],"tags":[13369,109,108,106,796,2819],"class_list":["post-195760","post","type-post","status-publish","format-standard","has-post-thumbnail","category-evropa","tag-bitva","tag-europa","tag-europe","tag-evropa","tag-madarsko","tag-peter-magyar"],"share_on_mastodon":{"url":"https:\/\/pubeurope.com\/@cz\/117180570350421284","error":""},"_links":{"self":[{"href":"https:\/\/www.europesays.com\/cz\/wp-json\/wp\/v2\/posts\/195760","targetHints":{"allow":["GET"]}}],"collection":[{"href":"https:\/\/www.europesays.com\/cz\/wp-json\/wp\/v2\/posts"}],"about":[{"href":"https:\/\/www.europesays.com\/cz\/wp-json\/wp\/v2\/types\/post"}],"author":[{"embeddable":true,"href":"https:\/\/www.europesays.com\/cz\/wp-json\/wp\/v2\/users\/2"}],"replies":[{"embeddable":true,"href":"https:\/\/www.europesays.com\/cz\/wp-json\/wp\/v2\/comments?post=195760"}],"version-history":[{"count":0,"href":"https:\/\/www.europesays.com\/cz\/wp-json\/wp\/v2\/posts\/195760\/revisions"}],"wp:featuredmedia":[{"embeddable":true,"href":"https:\/\/www.europesays.com\/cz\/wp-json\/wp\/v2\/media\/195761"}],"wp:attachment":[{"href":"https:\/\/www.europesays.com\/cz\/wp-json\/wp\/v2\/media?parent=195760"}],"wp:term":[{"taxonomy":"category","embeddable":true,"href":"https:\/\/www.europesays.com\/cz\/wp-json\/wp\/v2\/categories?post=195760"},{"taxonomy":"post_tag","embeddable":true,"href":"https:\/\/www.europesays.com\/cz\/wp-json\/wp\/v2\/tags?post=195760"}],"curies":[{"name":"wp","href":"https:\/\/api.w.org\/{rel}","templated":true}]}}