{"id":195780,"date":"2026-08-29T20:33:11","date_gmt":"2026-08-29T20:33:11","guid":{"rendered":"https:\/\/www.europesays.com\/cz\/195780\/"},"modified":"2026-08-29T20:33:11","modified_gmt":"2026-08-29T20:33:11","slug":"neschopna-opozice-uz-i-jejich-novinari-nacher-se-neudrzel","status":"publish","type":"post","link":"https:\/\/www.europesays.com\/cz\/195780\/","title":{"rendered":"Neschopn\u00e1 opozice. U\u017e i jejich novin\u00e1\u0159i&#8230; Nacher se neudr\u017eel"},"content":{"rendered":"<p class=\"isSelectedEnd\">&#13;<\/p>\n<p>    Anketa<\/p>\n<p>Kterou sousedn\u00ed zemi m\u00e1te nejrad\u011bji?<\/p>\n<p>hlasovalo: 4432 lid\u00ed<\/p>\n<p>M\u00edstop\u0159edseda Sn\u011bmovny za hnut\u00ed ANO Patrik Nacher <a href=\"https:\/\/www.youtube.com\/watch?v=vihoTsWPvYQ\" rel=\"nofollow noopener\" target=\"_blank\">promluvil v jednom z podcast\u016f<\/a>. Ten v prv\u00e9 \u0159ad\u011b zd\u016fraznil, \u017ee odm\u00edt\u00e1 naskakovat na medi\u00e1ln\u00ed vlnu, kdy se po politic\u00edch chce, aby se vyjad\u0159ovali opakovan\u011b a \u00fapln\u011b ke v\u0161emu.<\/p>\n<p class=\"isSelectedEnd\">&#13;<br \/>\n\tA\u010dkoli se nevn\u00edm\u00e1 jako expert na migra\u010dn\u00ed politiku, \u0159ekl p\u00e1r slov k situaci ve \u0161pan\u011blsk\u00e9 Ceut\u011b.<\/p>\n<p class=\"isSelectedEnd\">&#13;<br \/>\n\t\u201eI p\u0159es to, co my tady vid\u00edme v p\u0159\u00edm\u00e9m p\u0159enosu, i p\u0159es to, co mi t\u0159eba \u0159\u00edkaj\u00ed zn\u00e1m\u00ed, kte\u0159\u00ed jsou ve \u0160pan\u011blsku, z \u010deho ty \u0160pan\u011bl\u00e9 maj\u00ed obavy a podobn\u011b, jak\u00e9 konflikty tam potom vznikaj\u00ed, tak p\u0159esto n\u011bkte\u0159\u00ed lid\u00e9 neust\u00e1le trvaj\u00ed v t\u00e9 pozici na tom, \u017ee se vlastn\u011b nic ned\u011bje, \u017ee nic nehroz\u00ed a \u017ee to je vlastn\u011b v po\u0159\u00e1dku a Evropa by m\u011bla otev\u0159\u00edt svoji n\u00e1ru\u010d,\u201c poznamenal Nacher, kter\u00e9mu se tato situace jev\u00ed jako absolutn\u011b neuv\u011b\u0159iteln\u00e1. \u201ePro m\u011b ta odpov\u011b\u010f je, \u017ee evidentn\u011b pro ur\u010ditou sortu lid\u00ed u n\u00e1s, t\u0159eba ale i v Bruselu, nepom\u016f\u017ee v\u016fbec nic, ani ty z\u00e1b\u011bry, ani ta realita, ani st\u00ed\u017enosti m\u00edstn\u00edch, na to je pot\u0159eba myslet. \u2026 A setrv\u00e1vaj\u00ed furt v t\u00e9 pozici a j\u00e1 si jen kladu ot\u00e1zku, \u017ee nev\u00edm, jestli setrv\u00e1vaj\u00ed v n\u00ed proto, \u017ee cht\u011bj\u00ed b\u00fdt v oponentu\u0159e, nebo proto, \u017ee necht\u011bj\u00ed p\u0159iznat, \u017ee se m\u00fdlili v t\u00e9 v\u011bci migrace.\u201c<\/p>\n<p>&#13;<\/p>\n<p>    Anketa<\/p>\n<p>P\u0159isp\u011bli jste n\u011bkter\u00e9 ze sb\u00edrek na zbran\u011b pro Ukrajinu?<\/p>\n<p>hlasovalo: 20776 lid\u00ed<\/p>\n<p>Nacher konstatoval, \u017ee v situaci v Ceut\u011b hraje roli i dlouhodob\u00e9 nap\u011bt\u00ed mezi \u0160pan\u011blskem a Marokem, kter\u00e9 dlouhodob\u011b prohla\u0161uje, \u017ee Ceuta je vlastn\u011b jeho sou\u010d\u00e1st\u00ed. \u0160pan\u011blsko toto \u00fazem\u00ed vn\u00edm\u00e1 jako exkl\u00e1vu, tedy m\u011bsto le\u017e\u00edc\u00ed mimo jeho vlastn\u00ed \u00fazem\u00ed, kter\u00e9 v\u0161ak je jeho sou\u010d\u00e1st\u00ed. \u201eCo jsem vid\u011bl, bylo, \u017ee migranti napadali ty m\u00edstn\u00ed ob\u010dany,\u201c prozradil Nacher s t\u00edm, \u017ee tento neklid se pak m\u016f\u017ee p\u0159el\u00edt do cel\u00e9ho \u0160pan\u011blska a m\u016f\u017ee vyvolat situaci, kterou u\u017e pak nep\u016fjde zastavit.<\/p>\n<p class=\"isSelectedEnd\">&#13;<br \/>\n\t\u201eJ\u00e1 si furt hled\u00e1m tu ot\u00e1zku, jako nech\u00e1pu to, m\u00e1m pocit, \u017ee to je n\u011bjak\u00fd sen, nebo to nen\u00ed, nebo skryt\u00e1 kamera. Co se je\u0161t\u011b mus\u00ed st\u00e1t, aby n\u011bkdo \u0159ekl:\u00a0hele, my to opravdu moc pod kontrolou nem\u00e1me? A opravdu se to ned\u00e1 srovnat s migrac\u00ed, jak mi tady n\u011bkdo namlouval, z \u010ceskoslovenska, kde ty lidi se asimilovali, p\u0159izp\u016fsobili,\u201c poznamenal Nacher.<\/p>\n<p class=\"isSelectedEnd\">&#13;<br \/>\n\tA t\u00e9ma d\u00e1l rozv\u00edjel.<\/p>\n<p class=\"isSelectedEnd\">&#13;<\/p>\n<p>    Anketa<\/p>\n<p>M\u00e1te d\u016fv\u011bru ve Filipa Turka?<\/p>\n<p>hlasovalo: 6783 lid\u00ed<\/p>\n<p>\u201eA n\u011bkter\u00e9 jin\u00e9 zem\u011b naopak budou financovat neziskov\u00e9 organizace, kter\u00e9 tam ty lod\u011b budou pos\u00edlat, tak to je p\u0159esn\u011b neodpov\u011b\u010f na va\u0161i ot\u00e1zku, co s t\u00edm, tak tam je jednozna\u010dn\u011b potom nejednotn\u00e1 politika Evropy jako celku,\u201c poznamenal Nacher.<\/p>\n<p class=\"isSelectedEnd\">&#13;<br \/>\n\tStranou jeho pozornosti nez\u016fstala ani opozice. \u201eTa je \u00fapln\u011b neschopn\u00e1,\u201c poznamenal Nacher. Nelze se proto podle jeho n\u00e1zoru divit, \u017ee ob\u010dan\u00e9 vn\u00edmaj\u00ed jako l\u00eddra opozice prezidenta Petra Pavla, by\u0165 s\u00e1m Nacher pr\u00fd o prezidentovi jako o hlav\u011b opozice nemluv\u00ed.<\/p>\n<p class=\"isSelectedEnd\">&#13;<br \/>\n\tJen by to pr\u00fd d\u011blal jinak, kdyby byl s\u00e1m prezidentem, sna\u017eil by se z\u00edskat informace o tom \u010di onom probl\u00e9mu a p\u0159edkl\u00e1dat vl\u00e1d\u011b r\u016fzn\u00e9 n\u00e1vrhy, prob\u00edral by s n\u00ed r\u016fzn\u00e1 t\u00e9mata, av\u0161ak bez toho, aby z toho d\u011blal ve\u0159ejnou PR akci. Nacherovi se zd\u00e1, \u017ee prezident Petr Pavel vystupuje proti vl\u00e1d\u011b a\u017e p\u0159\u00edli\u0161 \u010dasto.<\/p>\n<p>&#13;<br \/>\n\t\u201eTady ta opozice je slab\u00e1, jede furt jako antibabi\u0161 i u v\u011bc\u00ed, kter\u00e9 jim samotn\u00ed novin\u00e1\u0159i, kter\u00fd s nima sympatizuj\u00ed, u\u017e je kritizuj\u00ed, \u017ee u\u017e to p\u0159epaluj\u00ed,\u201c poznamenal Nacher, podle n\u011bho\u017e opozice u\u017e dop\u0159edu kritizuje v\u0161echno, co tato vl\u00e1da ud\u011bl\u00e1, proto\u017ee i voli\u010di opozice by sv\u00e9 poslance kritizovali, kdyby snad tuto vl\u00e1du za n\u011bco pochv\u00e1lili.<\/p>\n<p>&#13;<\/p>\n<p>    Psali jsme:<\/p>\n<p>\u00a0<\/p>\n<p>Tento \u010dl\u00e1nek p\u0159\u00edmo v textu aktivn\u011b odkazuje na tyto zdroje:<\/p>\n<p>https:\/\/www.youtube.com<\/p>\n","protected":false},"excerpt":{"rendered":"&#13; Anketa Kterou sousedn\u00ed zemi m\u00e1te nejrad\u011bji? hlasovalo: 4432 lid\u00ed M\u00edstop\u0159edseda Sn\u011bmovny za hnut\u00ed ANO Patrik Nacher promluvil&hellip;\n","protected":false},"author":2,"featured_media":195781,"comment_status":"","ping_status":"","sticky":false,"template":"","format":"standard","meta":{"footnotes":"","_share_on_mastodon":"0"},"categories":[11],"tags":[2955,40646,373,11739,1260,3575,1193,213,3852,950,54,1261,964,53,52],"class_list":["post-195780","post","type-post","status-publish","format-standard","has-post-thumbnail","category-svet","tag-ano","tag-ceuta","tag-eu","tag-maroko","tag-migrace","tag-nacher","tag-opozice","tag-petr-pavel","tag-prezident-pavel","tag-spanelsko","tag-svet","tag-uprchlici","tag-vlada","tag-world","tag-world-news"],"share_on_mastodon":{"url":"https:\/\/pubeurope.com\/@cz\/117180707878104663","error":""},"_links":{"self":[{"href":"https:\/\/www.europesays.com\/cz\/wp-json\/wp\/v2\/posts\/195780","targetHints":{"allow":["GET"]}}],"collection":[{"href":"https:\/\/www.europesays.com\/cz\/wp-json\/wp\/v2\/posts"}],"about":[{"href":"https:\/\/www.europesays.com\/cz\/wp-json\/wp\/v2\/types\/post"}],"author":[{"embeddable":true,"href":"https:\/\/www.europesays.com\/cz\/wp-json\/wp\/v2\/users\/2"}],"replies":[{"embeddable":true,"href":"https:\/\/www.europesays.com\/cz\/wp-json\/wp\/v2\/comments?post=195780"}],"version-history":[{"count":0,"href":"https:\/\/www.europesays.com\/cz\/wp-json\/wp\/v2\/posts\/195780\/revisions"}],"wp:featuredmedia":[{"embeddable":true,"href":"https:\/\/www.europesays.com\/cz\/wp-json\/wp\/v2\/media\/195781"}],"wp:attachment":[{"href":"https:\/\/www.europesays.com\/cz\/wp-json\/wp\/v2\/media?parent=195780"}],"wp:term":[{"taxonomy":"category","embeddable":true,"href":"https:\/\/www.europesays.com\/cz\/wp-json\/wp\/v2\/categories?post=195780"},{"taxonomy":"post_tag","embeddable":true,"href":"https:\/\/www.europesays.com\/cz\/wp-json\/wp\/v2\/tags?post=195780"}],"curies":[{"name":"wp","href":"https:\/\/api.w.org\/{rel}","templated":true}]}}