{"id":195796,"date":"2026-08-29T21:11:10","date_gmt":"2026-08-29T21:11:10","guid":{"rendered":"https:\/\/www.europesays.com\/cz\/195796\/"},"modified":"2026-08-29T21:11:10","modified_gmt":"2026-08-29T21:11:10","slug":"dalo-se-smrti-chlapce-u-brna-zabranit-trener-mel-mit-opily-nehodu-uz-drive-ridicak-mu-zustal","status":"publish","type":"post","link":"https:\/\/www.europesays.com\/cz\/195796\/","title":{"rendered":"Dalo se smrti chlapce u Brna zabr\u00e1nit? Tren\u00e9r m\u011bl m\u00edt opil\u00fd nehodu u\u017e d\u0159\u00edve, \u0159idi\u010d\u00e1k mu z\u016fstal"},"content":{"rendered":"<p>\n                        Fotbalov\u00fd tren\u00e9r, kter\u00fd s t\u00e9m\u011b\u0159 \u010dty\u0159mi promile zp\u016fsobil v polovin\u011b t\u00fddne fat\u00e1ln\u00ed nehodu, p\u0159i n\u00ed\u017e zem\u0159el desetilet\u00fd hoch a dal\u0161\u00ed chlapci skon\u010dili v nemocnici, m\u011bl b\u00fdt u\u017e v minulosti \u00fa\u010dastn\u00edkem jin\u00e9 dopravn\u00ed hav\u00e1rie. I p\u0159i t\u00e9 m\u011bl tenkr\u00e1t nad\u00fdchat velk\u00e9 mno\u017estv\u00ed alkoholu. U\u017e n\u011bkolikr\u00e1t m\u011bl nav\u00edc p\u0159ij\u00edt o \u0159idi\u010dsk\u00fd pr\u016fkaz.\n                    <\/p>\n<p>Trag\u00e9dii, <a target=\"_blank\" href=\"https:\/\/cnn.iprima.cz\/videa\/trener-ktery-s-detmi-opily-fatalne-boural-u-brna-nadychal-alkohol-uz-pri-jine-nehode\" rel=\"nofollow noopener\">kter\u00e1 se ve st\u0159edu stala pobl\u00ed\u017e Doubravn\u00edku na Brn\u011bnsku<\/a>, se mo\u017en\u00e1 dalo p\u0159edej\u00edt. Chlapec, kter\u00fd by na za\u010d\u00e1tku z\u00e1\u0159\u00ed oslavil jeden\u00e1ct\u00e9 narozeniny, mohl \u017e\u00edt.<\/p>\n<p>\u010cT\u011aTE TAK\u00c9: <a target=\"_blank\" href=\"https:\/\/cnn.iprima.cz\/financne-krvacime-obce-tlaci-na-stat-aby-jim-pomohl-kvuli-textilu-zvysi-se-poplatek-za-odpad-520244\" rel=\"nofollow noopener\">Finan\u010dn\u011b krv\u00e1c\u00edme. Obce tla\u010d\u00ed na st\u00e1t, aby konal kv\u016fli sb\u011bru textilu. Vzroste poplatek za odpad?<\/a><\/p>\n<p>Jak to?<\/p>\n<p>Redakci Krimi Zpr\u00e1v se toti\u017e poda\u0159ilo zjistit, \u017ee <a target=\"_blank\" href=\"https:\/\/cnn.iprima.cz\/jel-jako-prase-popsal-svedek-tragickou-nehodu-u-brna-opily-trener-vezl-i-jinou-skupinu-deti-520446\" rel=\"nofollow noopener\">fotbalov\u00fd tren\u00e9r Ji\u0159\u00ed F., <\/a>kter\u00fd inkriminovanou hav\u00e1rii p\u0159ed p\u00e1r dny zp\u016fsobil, m\u011bl b\u00fdt v minulosti \u00fa\u010dastn\u00edkem i jin\u00e9 dopravn\u00ed nehody. A podle sv\u011bdka nav\u00edc m\u011bl i p\u0159ed t\u0159emi lety nad\u00fdchat v\u011bt\u0161\u00ed mno\u017estv\u00ed alkoholu.<\/p>\n<p class=\"intro-title-mobile\">\n        \u010ct\u011bte tak\u00e9\n    <\/p>\n<p>        <a href=\"https:\/\/cnn.iprima.cz\/nasledky-tragicke-nehody-na-brnensku-mistni-jsou-zdrceni-do-skoly-miri-krizovi-interventi-520344\" class=\"image-link\" rel=\"nofollow noopener\" target=\"_blank\"><\/p>\n<p>            <img decoding=\"async\" loading=\"lazy\" class=\"image\" src=\"https:\/\/www.europesays.com\/cz\/wp-content\/uploads\/2026\/08\/d409ac19f1bd6426692db1861094f7b2.png\" alt=\"P\u0159i tragick\u00e9 nehod\u011b na Brn\u011bnsku zem\u0159elo d\u00edt\u011b.\"\/><\/p>\n<p>            <\/a><\/p>\n<p class=\"intro-title-desktop\">\n            \u010ct\u011bte tak\u00e9\n        <\/p>\n<p>                <a href=\"https:\/\/cnn.iprima.cz\/nasledky-tragicke-nehody-na-brnensku-mistni-jsou-zdrceni-do-skoly-miri-krizovi-interventi-520344\" class=\"title-link\" rel=\"nofollow noopener\" target=\"_blank\"><\/p>\n<p class=\"title\">\n                N\u00e1sledky trag\u00e9die na Brn\u011bnsku: Do \u0161koly m\u00ed\u0159\u00ed psychologov\u00e9, fotbalov\u00fd klub prov\u011b\u0159\u00ed sv\u00e9 postupy\n            <\/p>\n<p>        <\/a><\/p>\n<p>                                                                                                27. srp 2026, 19:47<\/p>\n<p>                6 min \u010dten\u00ed<\/p>\n<p>Nedaleko Nedv\u011bdice tehdy do\u0161lo k tomu, \u017ee motork\u00e1\u0159 zezadu narazil do osobn\u00edho vozu, kter\u00fd z ni\u010deho nic za\u010dal prudce brzdit. \u201eTen \u010dlov\u011bk mi n\u011bkolikr\u00e1t zm\u011bnil rychlost takov\u00fdm zp\u016fsobem, \u017ee u\u017e nebylo mo\u017eno p\u0159edv\u00eddat, nato\u017e reagovat,\u201c vzpom\u00edn\u00e1 pro CNN Prima NEWS mu\u017e, kter\u00fd \u0159\u00eddil motorku.<\/p>\n<p>Pr\u00e1v\u011b do n\u011bj n\u00e1sledn\u011b je\u0161t\u011b narazilo protijedouc\u00ed auto. Utrp\u011bl r\u016fzn\u00e1 zran\u011bn\u00ed, v\u010detn\u011b zlomen\u00fdch \u017eeber. S odstupem si na Ji\u0159\u00edho F. vzpom\u00edn\u00e1.<\/p>\n<p class=\"intro-title-mobile\">\n        \u010ct\u011bte tak\u00e9\n    <\/p>\n<p>        <a href=\"https:\/\/cnn.iprima.cz\/detaily-tragicke-nehody-na-brnensku-v-aute-jeli-mali-fotbaliste-nemeli-pasy-ridic-nadychal-520248\" class=\"image-link\" rel=\"nofollow noopener\" target=\"_blank\"><\/p>\n<p>            <img decoding=\"async\" loading=\"lazy\" class=\"image\" src=\"https:\/\/www.europesays.com\/cz\/wp-content\/uploads\/2026\/08\/ea31ddbafb58d1cfe7648b5d6f55c615.jpg\" alt=\"Tragick\u00e1 nehoda na Brn\u011bnsku \"\/><\/p>\n<p>            <\/a><\/p>\n<p class=\"intro-title-desktop\">\n            \u010ct\u011bte tak\u00e9\n        <\/p>\n<p>                <a href=\"https:\/\/cnn.iprima.cz\/detaily-tragicke-nehody-na-brnensku-v-aute-jeli-mali-fotbaliste-nemeli-pasy-ridic-nadychal-520248\" class=\"title-link\" rel=\"nofollow noopener\" target=\"_blank\"><\/p>\n<p class=\"title\">\n                Detaily tragick\u00e9 nehody na Brn\u011bnsku: V aut\u011b jeli mal\u00ed fotbalist\u00e9. Nem\u011bli p\u00e1sy, \u0159idi\u010d nad\u00fdchal\n            <\/p>\n<p>        <\/a><\/p>\n<p>                                                                                                26. srp 2026, 17:52<\/p>\n<p>                6 min \u010dten\u00ed<\/p>\n<p>\u201eV okam\u017eiku, kdy otev\u0159el \u00fasta, pota\u017emo jakmile otev\u0159el dve\u0159e od auta, bylo c\u00edtit opravdu hodn\u011b alkoholu,\u201c vybavuje si motork\u00e1\u0159. \u201ePo dechov\u00e9 zkou\u0161ce se uk\u00e1zalo, \u017ee m\u00e1 2,2 promile alkoholu v krvi. Nebylo na n\u011bm poznat v\u016fbec nic, opravdu v\u016fbec nic. Sedl si do auta, vystoupil z auta. Artikuloval \u00fapln\u011b spr\u00e1vn\u011b, nebylo poznat, \u017ee m\u00e1 2,2 promile alkoholu v krvi.\u201c<\/p>\n<p>Spr\u00e1vn\u00ed org\u00e1n nakonec i p\u0159es mu\u017eovo nal\u00e9h\u00e1n\u00ed a poukazov\u00e1n\u00ed na \u0161of\u00e9rovu opilost rozhodl, \u017ee ani jeden z \u00fa\u010dastn\u00edk\u016f za dopravn\u00ed nehodu nem\u016f\u017ee. U jednoho z nich se tak \u0159e\u0161il jen alkohol za volantem. <br \/>\u201eT\u00edm p\u00e1dem tento \u010dlov\u011bk vyv\u00e1zl bez trestu za t\u011b\u017ek\u00e9 ubl\u00ed\u017een\u00ed na zdrav\u00ed,\u201c \u0159\u00edk\u00e1 motork\u00e1\u0159. \u201eKdyby se to posuzovalo jako nehoda, kterou zp\u016fsobil opil\u00fd \u0159idi\u010d, byl by odsouzen\u00fd za ubl\u00ed\u017een\u00ed na zdrav\u00ed, \u0159\u00edzen\u00ed pod vlivem alkoholu a v t\u00e9to dob\u011b by mo\u017en\u00e1 ani \u0159idi\u010d\u00e1k nem\u011bl&#8230;\u201c<\/p>\n<p class=\"intro-title-mobile\">\n        \u010ct\u011bte tak\u00e9\n    <\/p>\n<p>        <a href=\"https:\/\/cnn.iprima.cz\/dalo-se-tragicke-nehode-u-brna-zabranit-zatajeny-stav-ridice-dospeli-deti-varovali-520255\" class=\"image-link\" rel=\"nofollow noopener\" target=\"_blank\"><\/p>\n<p>            <img decoding=\"async\" loading=\"lazy\" class=\"image\" src=\"https:\/\/www.europesays.com\/cz\/wp-content\/uploads\/2026\/08\/74a3dd32b46584129e9ca6190cc86ff5.jpg\" alt=\"Tragick\u00e1 nehoda na Brn\u011bnsku \"\/><\/p>\n<p>            <\/a><\/p>\n<p class=\"intro-title-desktop\">\n            \u010ct\u011bte tak\u00e9\n        <\/p>\n<p>                <a href=\"https:\/\/cnn.iprima.cz\/dalo-se-tragicke-nehode-u-brna-zabranit-zatajeny-stav-ridice-dospeli-deti-varovali-520255\" class=\"title-link\" rel=\"nofollow noopener\" target=\"_blank\"><\/p>\n<p class=\"title\">\n                Dalo se tragick\u00e9 nehod\u011b u Brna zabr\u00e1nit? Pr\u00fd se v\u011bd\u011blo, \u017ee \u0159idi\u010d pije. D\u011bti p\u0159ed n\u00edm varovali\n            <\/p>\n<p>        <\/a><\/p>\n<p>                                                                                                26. srp 2026, 21:11<\/p>\n<p>                6 min \u010dten\u00ed<\/p>\n<p>Jsou to samoz\u0159ejm\u011b jen \u201ekdyby\u201c.<\/p>\n<p>Ji\u0159\u00ed F., kter\u00fd pr\u00fd holdoval vodce, by ale mo\u017en\u00e1 u\u017e tehdy skon\u010dil v l\u00e9\u010debn\u011b, o n\u00ed\u017e \u00fadajn\u011b uva\u017eoval. Za recidivu by pravd\u011bpodobn\u011b na n\u011bkolik let p\u0159i\u0161el o \u0159idi\u010d\u00e1k. A ot\u00e1zkou je, jestli by v\u016fbec mohl d\u00e1l pracovat ve st\u0159elick\u00e9m fotbalov\u00e9m klubu s mal\u00fdmi hr\u00e1\u010di.<\/p>\n<p>Podle n\u011bkter\u00fdch sv\u011bdk\u016f je to ostatn\u011b i s t\u00edm \u0159idi\u010d\u00e1kem je\u0161t\u011b trochu jinak. Ji\u0159\u00ed F. toti\u017e \u00fadajn\u011b u\u017e v minulosti o opr\u00e1vn\u011bn\u00ed \u0159\u00eddit vozidlo t\u0159ikr\u00e1t p\u0159i\u0161el. Nehoda z roku 2023 tak mohla b\u00fdt dal\u0161\u00edm d\u016frazn\u00fdm varov\u00e1n\u00edm, \u017ee m\u00e1 s alkoholem obrovsk\u00fd probl\u00e9m a \u017ee je nebezpe\u010dn\u00fd nejen sob\u011b, ale i okol\u00ed.<\/p>\n<p>MO\u017dN\u00c1 JSTE P\u0158EHL\u00c9DLI: <a target=\"_blank\" href=\"https:\/\/cnn.iprima.cz\/horska-draha-smrti-po-jizde-na-slavne-extremni-atrakci-zemreli-lide-reportaz-odhaluje-desive-detaily-520475\" rel=\"nofollow noopener\">Mrtv\u00ed, v\u00e1\u017en\u011b zran\u011bn\u00ed i \u017eena v k\u00f3matu. Extr\u00e9mn\u00ed horskou dr\u00e1hu v USA uzav\u0159eli, \u00fa\u0159ady \u010del\u00ed kritice<\/a><\/p>\n<p class=\"!text-semibold-14-14 !text-black mb-0 mt-2\">\n                Vystudoval gymn\u00e1zium v Brn\u011b. Ve t\u0159et\u00edm ro\u010dn\u00edku p\u0159eru\u0161il vysokou \u0161kolu, proto\u017ee \u0161el na konkurz do brn\u011bnsk\u00e9 region\u00e1ln\u00ed televize, kter\u00fd n\u00e1sledn\u011b vyhr\u00e1l, a za\u010dal tak pracovat v televizi jako sportovn\u00ed report\u00e9r. N\u00e1sledn\u011b m\u011bl i sv\u016fj po\u0159ad Za lajnou, kam si zval v\u00fdznamn\u00e9 sportovce a tren\u00e9ry.  Po p\u011bti letech v region\u00e1ln\u00ed televizi k\u00fdvl na nab\u00eddku Primy. Za\u010dal tak d\u011blat report\u00e1\u017ee do celost\u00e1tn\u00edho vys\u00edl\u00e1n\u00ed, p\u0159ev\u00e1\u017en\u011b z ji\u017en\u00ed Moravy. Na Prim\u011b pracuje ji\u017e dvan\u00e1ct\u00fdm rokem. Za tu dobu vytvo\u0159il u\u017e tis\u00edce report\u00e1\u017e\u00ed a m\u00e1 za sebou stovky \u017eiv\u00fdch vstup\u016f. Aktu\u00e1ln\u011b je jednou z tv\u00e1\u0159\u00ed zpravodajsk\u00e9 platformy CNN Prima NEWS, kde uv\u00e1d\u00ed po\u0159ad Krimi zpr\u00e1vy.\n            <\/p>\n","protected":false},"excerpt":{"rendered":"Fotbalov\u00fd tren\u00e9r, kter\u00fd s t\u00e9m\u011b\u0159 \u010dty\u0159mi promile zp\u016fsobil v polovin\u011b t\u00fddne fat\u00e1ln\u00ed nehodu, p\u0159i n\u00ed\u017e zem\u0159el desetilet\u00fd hoch&hellip;\n","protected":false},"author":2,"featured_media":195797,"comment_status":"","ping_status":"","sticky":false,"template":"","format":"standard","meta":{"footnotes":"","_share_on_mastodon":"0"},"categories":[10],"tags":[45105,45148,17,21,178,4102,16,351,18,19,1245,22,20],"class_list":["post-195796","post","type-post","status-publish","format-standard","has-post-thumbnail","category-zpravy","tag-doubravnik","tag-fotbalovy-trener","tag-headlines","tag-hlavni-udalosti","tag-krimi","tag-nehoda","tag-news","tag-smrt","tag-top-news","tag-top-stories","tag-tragedie","tag-udalosti-dne","tag-zpravy"],"share_on_mastodon":{"url":"https:\/\/pubeurope.com\/@cz\/117180857518850646","error":""},"_links":{"self":[{"href":"https:\/\/www.europesays.com\/cz\/wp-json\/wp\/v2\/posts\/195796","targetHints":{"allow":["GET"]}}],"collection":[{"href":"https:\/\/www.europesays.com\/cz\/wp-json\/wp\/v2\/posts"}],"about":[{"href":"https:\/\/www.europesays.com\/cz\/wp-json\/wp\/v2\/types\/post"}],"author":[{"embeddable":true,"href":"https:\/\/www.europesays.com\/cz\/wp-json\/wp\/v2\/users\/2"}],"replies":[{"embeddable":true,"href":"https:\/\/www.europesays.com\/cz\/wp-json\/wp\/v2\/comments?post=195796"}],"version-history":[{"count":0,"href":"https:\/\/www.europesays.com\/cz\/wp-json\/wp\/v2\/posts\/195796\/revisions"}],"wp:featuredmedia":[{"embeddable":true,"href":"https:\/\/www.europesays.com\/cz\/wp-json\/wp\/v2\/media\/195797"}],"wp:attachment":[{"href":"https:\/\/www.europesays.com\/cz\/wp-json\/wp\/v2\/media?parent=195796"}],"wp:term":[{"taxonomy":"category","embeddable":true,"href":"https:\/\/www.europesays.com\/cz\/wp-json\/wp\/v2\/categories?post=195796"},{"taxonomy":"post_tag","embeddable":true,"href":"https:\/\/www.europesays.com\/cz\/wp-json\/wp\/v2\/tags?post=195796"}],"curies":[{"name":"wp","href":"https:\/\/api.w.org\/{rel}","templated":true}]}}