{"id":195802,"date":"2026-08-29T21:23:12","date_gmt":"2026-08-29T21:23:12","guid":{"rendered":"https:\/\/www.europesays.com\/cz\/195802\/"},"modified":"2026-08-29T21:23:12","modified_gmt":"2026-08-29T21:23:12","slug":"plzen-posiluje-obranu-prichazi-adam-gabriel-ve-hre-je-i-denis-vavro","status":"publish","type":"post","link":"https:\/\/www.europesays.com\/cz\/195802\/","title":{"rendered":"Plze\u0148 posiluje obranu. P\u0159ich\u00e1z\u00ed Adam Gabriel, ve h\u0159e je i\u00a0Denis Vavro"},"content":{"rendered":"<p class=\"e_cz\">S ohledem na vysok\u00fd po\u010det inkasovan\u00fdch g\u00f3l\u016f, postupu do Evropsk\u00e9 ligy a\u00a0s t\u00edm se bl\u00ed\u017e\u00edc\u00ed anglick\u00e9 t\u00fddny p\u0159ivedla do t\u00fdmu Adama Gabriela. Krom\u011b toho se spekuluje o\u00a0p\u0159\u00edchodu Denise Vavra.<\/p>\n<p>Obrana ho\u0159\u00ed ji\u017e od za\u010d\u00e1tku sez\u00f3ny. Na vin\u011b jsou zran\u011bn\u00ed stoper\u016f, chyb\u011bj\u00edc\u00ed prav\u00fd bek a\u00a0\u0161patn\u00e1 v\u00fdkonnost<\/p>\n<p class=\"e_cz\">Bylo jasn\u00e9, \u017ee klub mus\u00ed nakoupit kvalitn\u00ed hr\u00e1\u010de do obrany. Sez\u00f3nu za\u010dala bez prav\u00e9ho beka. Na tento post p\u0159edchoz\u00ed tren\u00e9r Martin Hysk\u00fd stav\u011bl nejprve Amara Memi\u010de, pozd\u011bji z\u00e1lo\u017en\u00edka Filipa Prebsla. Memi\u010d je mnohem platn\u011bj\u0161\u00ed na k\u0159\u00eddle p\u0159i podpo\u0159e \u00fatoku. Filip Prebsl p\u0159i v\u0161\u00ed \u00fact\u011b na Plze\u0148 nem\u00e1. Nelze mu up\u0159\u00edt snahu a\u00a0bojovnost, ale je namo\u010den\u00fd ve velk\u00e9m po\u010dtu inkasovan\u00fdch g\u00f3l\u016f. Ostatn\u011b s\u00a0touto statistikou ji\u017e na z\u00e1pad \u010cech p\u0159i\u0161el. Jedin\u00fd g\u00f3l Crvene zvezdy v\u00a0nezapomenuteln\u00e9 \u010dtvrte\u010dn\u00ed odvet\u011b jde rovn\u011b\u017e na jeho vrub. V\u00a0okam\u017eiku p\u0159estal hr\u00e1t, podcenil \u00fato\u010dn\u00fd v\u00fdpad soupe\u0159e a\u00a0Ivani\u010d, kter\u00e9ho m\u011bl hl\u00eddat, pohodln\u011b sk\u00f3roval.<\/p>\n<p class=\"e_cz\">Jan Paluska s\u00a0V\u00e1clavem Jemelkou jsou st\u00e1le v\u00a0rekonvalescenci. A\u00a0i kdyby nakr\u00e1sn\u011b vyb\u011bhli na tr\u00e1vn\u00edk, potrv\u00e1 x \u010dasu, ne\u017e se dostanou do ide\u00e1ln\u00ed formy. Moment\u00e1ln\u011b je plze\u0148sk\u00e1 obrana ve slo\u017een\u00ed Kr\u010d\u00edk, Dweh, Doski a\u00a0Sp\u00e1\u010dil. V\u00a0kru\u0161n\u00fdch \u010dasech vid\u011bl ka\u017ed\u00fd, \u017ee obrana pot\u0159ebuje urychlen\u011b, a\u00a0hlavn\u011b kvalitn\u011b pos\u00edlit.<\/p>\n<p>Adam Gabriel zapln\u00ed chyb\u011bj\u00edc\u00ed m\u00edsto v\u00a0obran\u011b<\/p>\n<p class=\"e_cz\">Viktori\u00e1ni tedy ozn\u00e1mili p\u0159\u00edchod <a data-dot=\"atm-link\" target=\"_blank\" rel=\"ugc noopener nofollow\" href=\"https:\/\/x.com\/fcviktorkaplzen\/status\/2093384805798801638?ref_src=twsrc%5Etfw%7Ctwcamp%5Etweetembed%7Ctwterm%5E2093384805798801638%7Ctwgr%5Eb54a3f6c160745ae13bc68bb3b5353ab23419254%7Ctwcon%5Es1_&amp;ref_url=https%3A%2F%2Fzonglmagazin.com%2Fplzen-posiluje-obranu-prichazi-adam-gabriel-ve-hre-je-i-denis-vavro%2F\" class=\"e_w\">Adama Gabriela<\/a>. Prav\u00e9ho beka, kter\u00fd Plzni zoufale chyb\u00ed. Fakt \u017ee Gabriel hraje pr\u00e1v\u011b na tomto postu z\u00a0n\u011bj d\u011bl\u00e1 platnou posilu u\u017e nyn\u00ed. Odchovanec Sparty se po dvou letech v\u00a0Hradci Kr\u00e1lov\u00e9 st\u011bhoval do D\u00e1nska. Za Midtjylland odehr\u00e1l 2\u00a0a\u00a0p\u016fl sez\u00f3ny. Jarn\u00ed \u010d\u00e1st po p\u0159estupu se mu velmi vyda\u0159ila, dal\u0161\u00ed dv\u011b sez\u00f3ny byl m\u00e9n\u011b vyt\u011b\u017eovan\u00fd. Podstatn\u00e9 v\u0161ak je, \u017ee p\u0159ich\u00e1z\u00ed z\u00a0klubu, kter\u00fd pravideln\u011b hraje evropsk\u00e9 poh\u00e1ry, nikoliv z\u00a0t\u00fdmu na \u00farovni Karvin\u00e9 \u010di ze zahrani\u010dn\u00edho klubu podpr\u016fm\u011brn\u00e9 \u00farovn\u011b. P\u0159ejme mu a\u0165 sv\u00e9 dovednosti prod\u00e1 na h\u0159i\u0161ti a\u00a0pom\u016f\u017ee Viktorii v\u00edt\u011bzit.<\/p>\n<p>P\u0159\u00edchod Denise Vavra by znamenal nejlep\u0161\u00ed transfer v\u00a0nov\u00e9 sez\u00f3n\u011b<\/p>\n<p class=\"e_cz\">Ji\u017e n\u011bkolikr\u00e1t jsem se zm\u00ednil, \u017ee nam\u00edsto o\u010dek\u00e1van\u00fdch hv\u011bzdn\u011bj\u0161\u00edch posil ut\u00e1hli Martin Voz\u00e1bal a\u00a0Adolf \u0160\u00e1dek opasky a\u00a0\u0161et\u0159ili. V\u00fdsledky n\u00e1sledn\u011b korespondovaly s\u00a0kvalitou p\u0159iveden\u00fdch posil, co\u017e odnesl vyhazovem pouze tren\u00e9r Hysk\u00fd. Adam Gabriel tak\u00e9 nep\u0159i\u0161el jako hr\u00e1\u010d, kv\u016fli kter\u00e9mu se muselo rozb\u00edjet pras\u00e1tko, ale u\u00a0n\u011bj je velk\u00e1 pravd\u011bpodobnost \u017ee se okam\u017eit\u011b adaptuje do nov\u00e9ho prost\u0159ed\u00ed.<\/p>\n<p lang=\"cs\" dir=\"ltr\">Slovensk\u00fd obr\u00e1nce Denis Vavro by se m\u011bl brzy st\u00e1t novou posilou Viktorie Plze\u0148. Podle informac\u00ed z N\u011bmecka u\u017e m\u011bl podstoupit i l\u00e9ka\u0159skou prohl\u00eddku. <a href=\"https:\/\/x.com\/hashtag\/prestupy?src=hash&amp;ref_src=twsrc%5Etfw\" rel=\"nofollow\">#prestupy<\/a><\/p>\n<p>\u2014 Jakub Dvo\u0159\u00e1k (@jakubdvo) <a href=\"https:\/\/x.com\/jakubdvo\/status\/2093351554019397957?ref_src=twsrc%5Etfw\" rel=\"nofollow\">August 28, 2026<\/a><\/p>\n<p class=\"e_cz\">Douf\u00e1m, \u017ee spekulace o\u00a0p\u0159\u00edchodu Denise Vavra, se stanou skute\u010dnost\u00ed. T\u0159icetilet\u00fd obr\u00e1nce m\u00e1 za sebou t\u00e9m\u011b\u0159 9\u00a0let v\u00a0zahrani\u010d\u00ed. Jedinou m\u00e9n\u011b vyda\u0159enou \u0161tac\u00ed pro n\u011bj bylo t\u0159\u00edlet\u00e9 p\u016fsoben\u00ed v\u00a0Laziu \u0158\u00edm. V\u00a0Kodani a\u00a0n\u00e1sledn\u011b ve Wolfsburgu byl pevnou sou\u010d\u00e1st\u00ed z\u00e1kladn\u00ed sestavy. M\u00e1 tedy mnohem v\u00edce zku\u0161enost\u00ed a\u00a0praxe v\u00a0t\u011b\u017ek\u00fdch z\u00e1pasech ne\u017e p\u0159\u00edchoz\u00ed Adam Gabriel.<\/p>\n<p class=\"e_cz\">Vavro ale hraje na pozici stopera. D\u016fvodem, pro\u010d jeho p\u0159\u00edchod nen\u00ed nere\u00e1ln\u00fd je jist\u011b \u00fa\u010dast Viktorie v\u00a0Evropsk\u00e9 lize. Ve Wolfsburgu s\u00a0n\u00edm ji\u017e nepo\u010d\u00edtaj\u00ed pro \u00fadajn\u00e9 neshody ve zp\u016fsobu hry t\u00fdmu. Jeho zp\u016fsob hry a\u00a0v\u016fbec jeho osobnost plze\u0148skou obranu vyztu\u017e\u00ed. Protihr\u00e1\u010de budou v\u00fdlety na plze\u0148skou polovinu h\u0159i\u0161t\u011b mnohem v\u00edce bolet. K\u00a0dovr\u0161en\u00ed spokojenosti zb\u00fdv\u00e1, aby klub ofici\u00e1ln\u011b ozn\u00e1mil jeho p\u0159\u00edchod.<\/p>\n<p class=\"e_cz\">Autor textu: Tom\u00e1\u0161 Zelenka<\/p>\n<p class=\"e_cz\">Zdroj statistick\u00fdch informac\u00ed: Livesport<\/p>\n","protected":false},"excerpt":{"rendered":"S ohledem na vysok\u00fd po\u010det inkasovan\u00fdch g\u00f3l\u016f, postupu do Evropsk\u00e9 ligy a\u00a0s t\u00edm se bl\u00ed\u017e\u00edc\u00ed anglick\u00e9 t\u00fddny p\u0159ivedla&hellip;\n","protected":false},"author":2,"featured_media":195803,"comment_status":"","ping_status":"","sticky":false,"template":"","format":"standard","meta":{"footnotes":"","_share_on_mastodon":"0"},"categories":[15],"tags":[45149,1177,45082,327,328,12693,94,93],"class_list":["post-195802","post","type-post","status-publish","format-standard","has-post-thumbnail","category-sport","tag-adam-gabriel","tag-chance-liga-fotbal","tag-denis-vavro","tag-evropska-liga-uefa","tag-fc-viktoria-plzen","tag-prestupy","tag-sport","tag-sports"],"share_on_mastodon":{"url":"https:\/\/pubeurope.com\/@cz\/117180904443684794","error":""},"_links":{"self":[{"href":"https:\/\/www.europesays.com\/cz\/wp-json\/wp\/v2\/posts\/195802","targetHints":{"allow":["GET"]}}],"collection":[{"href":"https:\/\/www.europesays.com\/cz\/wp-json\/wp\/v2\/posts"}],"about":[{"href":"https:\/\/www.europesays.com\/cz\/wp-json\/wp\/v2\/types\/post"}],"author":[{"embeddable":true,"href":"https:\/\/www.europesays.com\/cz\/wp-json\/wp\/v2\/users\/2"}],"replies":[{"embeddable":true,"href":"https:\/\/www.europesays.com\/cz\/wp-json\/wp\/v2\/comments?post=195802"}],"version-history":[{"count":0,"href":"https:\/\/www.europesays.com\/cz\/wp-json\/wp\/v2\/posts\/195802\/revisions"}],"wp:featuredmedia":[{"embeddable":true,"href":"https:\/\/www.europesays.com\/cz\/wp-json\/wp\/v2\/media\/195803"}],"wp:attachment":[{"href":"https:\/\/www.europesays.com\/cz\/wp-json\/wp\/v2\/media?parent=195802"}],"wp:term":[{"taxonomy":"category","embeddable":true,"href":"https:\/\/www.europesays.com\/cz\/wp-json\/wp\/v2\/categories?post=195802"},{"taxonomy":"post_tag","embeddable":true,"href":"https:\/\/www.europesays.com\/cz\/wp-json\/wp\/v2\/tags?post=195802"}],"curies":[{"name":"wp","href":"https:\/\/api.w.org\/{rel}","templated":true}]}}