{"id":195828,"date":"2026-08-29T23:13:22","date_gmt":"2026-08-29T23:13:22","guid":{"rendered":"https:\/\/www.europesays.com\/cz\/195828\/"},"modified":"2026-08-29T23:13:22","modified_gmt":"2026-08-29T23:13:22","slug":"vasniva-laska-rozplyva-se-upir-krejci-po-svatbe-s-mnohem-mladsi-lucii-s-exmanzelkou-se-soudi","status":"publish","type":"post","link":"https:\/\/www.europesays.com\/cz\/195828\/","title":{"rendered":"V\u00e1\u0161niv\u00e1 l\u00e1ska, rozpl\u00fdv\u00e1 se Up\u00edr Krej\u010d\u00ed po svatb\u011b s mnohem mlad\u0161\u00ed Luci\u00ed. S exman\u017eelkou se soud\u00ed"},"content":{"rendered":"<p>\n                        Bavi\u010d, mim, hudebn\u00edk, herec V\u00e1clav Up\u00edr Krej\u010d\u00ed po rozvodu s b\u00fdvalou \u017eenou Zuzanou, s n\u00ed\u017e m\u00e1 dv\u011b dcery, pro\u017e\u00edv\u00e1 op\u011bt spokojen\u00e9 obdob\u00ed. P\u0159ed rokem se o\u017eenil s o \u0161estn\u00e1ct let mlad\u0161\u00ed Luci\u00ed a \u017eivot s n\u00ed si nem\u016f\u017ee vynachv\u00e1lit. Nejen o tom promluvil v rozhovoru pro CNN Prima NEWS.\n                    <\/p>\n<p>S b\u00fdvalou man\u017eelkou Zuzanou se rozvedl sice u\u017e p\u0159ed t\u0159emi lety, soudn\u00ed spor o majetek ale nad\u00e1le trv\u00e1. \u201eSt\u00e1le se to vle\u010de, ale te\u010f u\u017e je na vin\u011b jen soudkyn\u011b. Je v klidu, nic ne\u0159e\u0161\u00ed, nev\u00edm, z jak\u00e9ho d\u016fvodu, ale m\u00e1 n\u011bjak dost \u010dasu. Nejhor\u0161\u00ed je, \u017ee nen\u00ed odvol\u00e1n\u00ed, nem\u016f\u017eete si na ni st\u011b\u017eovat,\u201c posteskl si V\u00e1clav Up\u00edr Krej\u010d\u00ed.<\/p>\n<p>\u010cT\u011aTE TAK\u00c9: <a target=\"_blank\" href=\"https:\/\/cnn.iprima.cz\/show-time\/upir-krejci-o-penzi-z-te-almuzny-vyzit-nejde-seniori-vadi-vyziraji-kasu-i-pri-volbach-456135\" rel=\"nofollow noopener\">V\u00e1clav Up\u00edr Krej\u010d\u00ed o sv\u00e9 penzi. Z t\u00e9 almu\u017eny nejde vy\u017e\u00edt. Senio\u0159i jsou v \u010cR ne\u017e\u00e1douc\u00ed<\/a><\/p>\n<p>Kapitolu minul\u00e9ho man\u017eelstv\u00ed jinak u\u017e definitivn\u011b uzav\u0159el a minul\u00fd rok se znovu o\u017eenil. Vzal si o \u0161estn\u00e1ct let mlad\u0161\u00ed Lucii, se kterou je \u0161\u0165astn\u00fd. \u201eD\u00edky Lucince jsem zjistil, \u017ee existuj\u00ed na sv\u011bt\u011b i bezva \u017eeny, holky, kamar\u00e1dky&#8230; A pr\u00e1v\u011b Lucinka mi ud\u011bl\u00e1, co mi na o\u010d\u00edch vid\u00ed. A v\u011b\u0159te, je toho docela dost. Teprve te\u010f za\u017e\u00edv\u00e1m opravdovou, bezstarostnou, v\u00e1\u0161nivou l\u00e1sku. A j\u00e1 ji za to miluji,\u201c vyznal se Up\u00edr.<\/p>\n<p class=\"intro-title-mobile\">\n        \u010ct\u011bte tak\u00e9\n    <\/p>\n<p>        <a href=\"https:\/\/cnn.iprima.cz\/show-time\/vasek-promluvil-o-pozadi-rozchodu-s-evou-jak-se-s-tezkym-zivotnim-obdobim-vyrovnava-455492\" class=\"image-link\" rel=\"nofollow noopener\" target=\"_blank\"><\/p>\n<p>            <img decoding=\"async\" loading=\"lazy\" class=\"image\" src=\"https:\/\/www.europesays.com\/cz\/wp-content\/uploads\/2026\/08\/0eb6ee254cfbde3d191137d38acd5e1b.jpg\" alt=\"Va\u0161ek s Evou p\u0159ed budovou okresn\u00edho soudu kr\u00e1tce pot\u00e9, co byli rozvedeni. \"\/><\/p>\n<p>            <\/a><\/p>\n<p class=\"intro-title-desktop\">\n            \u010ct\u011bte tak\u00e9\n        <\/p>\n<p>                <a href=\"https:\/\/cnn.iprima.cz\/show-time\/vasek-promluvil-o-pozadi-rozchodu-s-evou-jak-se-s-tezkym-zivotnim-obdobim-vyrovnava-455492\" class=\"title-link\" rel=\"nofollow noopener\" target=\"_blank\"><\/p>\n<p class=\"title\">\n                Va\u0161ek o fotce s Evou po\u0159\u00edzen\u00e9 t\u0159i minuty po rozvodu: Z o\u010d\u00ed je jasn\u00e9, kdo a jak n\u00e1\u0161 konec nese\n            <\/p>\n<p>        <\/a><\/p>\n<p>                                                                                                9. pro 2024, 10:04<\/p>\n<p>                6 min \u010dten\u00ed<\/p>\n<p>Do jej\u00ed rodiny zapadl dob\u0159e.\u00a0\u201eSezn\u00e1mil jsem se s Lucinkou, kdy\u017e ode\u0161el jej\u00ed hodn\u011b milovan\u00fd tat\u00ednek, a Lucinka \u017eije t\u00edm, \u017ee tat\u00ednek m\u011b poslal za sebe jako n\u00e1hradu. Dokonce m\u00e1 \u010dasto pocit, \u017ee jsem naklonovanej. M\u00e1m pr\u00fd stejn\u00fd hl\u00e1\u0161ky a m\u016f\u017eu po n\u011bm nosit i drah\u00e9 oble\u010den\u00ed, kter\u00e9 si schoval. Jej\u00ed maminka byla ze m\u011b nad\u0161en\u00e1, hlavn\u011b kdy\u017e jsem za\u010dal se stavebn\u00edmi \u00fapravami okolo chaty. Pr\u00fd ty p\u0159ede mnou nest\u00e1ly za nic. Kdy\u017e jsme se s Lucinkou rozhodli vz\u00edt, po\u017e\u00e1dal jsem maminku o ruku Lucinky. \u201aByla dojat\u00e1 a \u0159ekla: V\u00edt\u00e1m v\u00e1s do rodiny.\u2018 Bezva, \u017ee je\u0161t\u011b sta\u010dila b\u00fdt na na\u0161\u00ed svatb\u011b,\u201c zm\u00ednil.\u00a0<\/p>\n<p>Na chat\u011b vybetonoval u\u017e 70 schod\u016f<\/p>\n<p>S man\u017eelkou voln\u00fd \u010das nejrad\u011bji tr\u00e1v\u00ed na chat\u011b. Tam je V\u00e1clav ve sv\u00e9m \u017eivlu. Vy\u017e\u00edv\u00e1 se v manu\u00e1ln\u00ed pr\u00e1ci.<\/p>\n<p>\u201eMiluji pr\u00e1ci na chat\u011b, mak\u00e1m jak \u0161\u00edlenej, nap\u0159\u00edklad jsem u\u017e vybetonoval sedmdes\u00e1t schod\u016f, okolo karavanu pevnost a objemn\u00e9 i mal\u00e9 truhl\u00edky. Sousedi si ze m\u011b d\u011blaj\u00ed srandu a \u0159\u00edkaj\u00ed: \u201aHele, Up\u00edre, ty jsi zd\u011bdil beton\u00e1rku?\u2018 Lucinka se boj\u00ed, \u017ee m\u00e1m ur\u010dit\u011b dal\u0161\u00ed betonov\u00e9 n\u00e1pady. Pros\u00ed m\u011b, abych tu zahradu okolo chaty neprom\u011bnil v betonov\u00fd heliport. J\u00e1 se pt\u00e1m, jestli by to nebylo lep\u0161\u00ed, to sek\u00e1n\u00ed m\u011b nebav\u00ed. Na rovinu \u0159\u00edk\u00e1m, nem\u00e1m r\u00e1d to sek\u00e1n\u00ed tr\u00e1vy. V duchu si \u0159\u00edk\u00e1m, \u017ee by byl nejlep\u0161\u00ed betonov\u00fd tr\u00e1vn\u00edk. Klidn\u011b bych ud\u011blal i betonov\u00e9 stromy, i hru\u0161ky a jablka, p\u00e1\u010d sb\u00edje\u010dku na sklize\u0148 u\u017e m\u00e1m,\u201c p\u0159ibl\u00ed\u017eil s nads\u00e1zkou a \u00fasm\u011bvem.<\/p>\n<p>MOHLO V\u00c1M UNIKNOUT: <a target=\"_blank\" href=\"https:\/\/cnn.iprima.cz\/show-time\/luxus-zpevaka-milana-drobneho-s-manzelkou-ziji-ve-vile-s-bazenem-virivkou-a-posilovnou-517576\" rel=\"nofollow noopener\">Luxus zp\u011bv\u00e1ka Milana Drobn\u00e9ho. S man\u017eelkou \u017eij\u00ed v n\u00e1dhern\u00e9 vile s baz\u00e9nem, posilovnou a v\u00ed\u0159ivkou<\/a><\/p>\n<p class=\"!text-semibold-14-14 !text-black mb-0 mt-2\">\n                David v r\u00e1mci CNN Prima NEWS p\u00ed\u0161e p\u0159edev\u0161\u00edm o d\u011bn\u00ed na dom\u00e1c\u00ed sc\u00e9n\u011b. (david.lastovka@iprima.cz)\n            <\/p>\n","protected":false},"excerpt":{"rendered":"Bavi\u010d, mim, hudebn\u00edk, herec V\u00e1clav Up\u00edr Krej\u010d\u00ed po rozvodu s b\u00fdvalou \u017eenou Zuzanou, s n\u00ed\u017e m\u00e1 dv\u011b dcery,&hellip;\n","protected":false},"author":2,"featured_media":195829,"comment_status":"","ping_status":"","sticky":false,"template":"","format":"standard","meta":{"footnotes":"","_share_on_mastodon":"0"},"categories":[14],"tags":[1538,6484,79,349,651,2493,15502,8397,649,45151,80],"class_list":["post-195828","post","type-post","status-publish","format-standard","has-post-thumbnail","category-zabava","tag-celebrity","tag-chata","tag-entertainment","tag-herec","tag-rodina","tag-rozvod","tag-schody","tag-spolecenska-rubrika","tag-spolecnost","tag-upir-krejci","tag-zabava"],"share_on_mastodon":{"url":"https:\/\/pubeurope.com\/@cz\/117181337187344951","error":""},"_links":{"self":[{"href":"https:\/\/www.europesays.com\/cz\/wp-json\/wp\/v2\/posts\/195828","targetHints":{"allow":["GET"]}}],"collection":[{"href":"https:\/\/www.europesays.com\/cz\/wp-json\/wp\/v2\/posts"}],"about":[{"href":"https:\/\/www.europesays.com\/cz\/wp-json\/wp\/v2\/types\/post"}],"author":[{"embeddable":true,"href":"https:\/\/www.europesays.com\/cz\/wp-json\/wp\/v2\/users\/2"}],"replies":[{"embeddable":true,"href":"https:\/\/www.europesays.com\/cz\/wp-json\/wp\/v2\/comments?post=195828"}],"version-history":[{"count":0,"href":"https:\/\/www.europesays.com\/cz\/wp-json\/wp\/v2\/posts\/195828\/revisions"}],"wp:featuredmedia":[{"embeddable":true,"href":"https:\/\/www.europesays.com\/cz\/wp-json\/wp\/v2\/media\/195829"}],"wp:attachment":[{"href":"https:\/\/www.europesays.com\/cz\/wp-json\/wp\/v2\/media?parent=195828"}],"wp:term":[{"taxonomy":"category","embeddable":true,"href":"https:\/\/www.europesays.com\/cz\/wp-json\/wp\/v2\/categories?post=195828"},{"taxonomy":"post_tag","embeddable":true,"href":"https:\/\/www.europesays.com\/cz\/wp-json\/wp\/v2\/tags?post=195828"}],"curies":[{"name":"wp","href":"https:\/\/api.w.org\/{rel}","templated":true}]}}