{"id":195848,"date":"2026-08-30T01:32:09","date_gmt":"2026-08-30T01:32:09","guid":{"rendered":"https:\/\/www.europesays.com\/cz\/195848\/"},"modified":"2026-08-30T01:32:09","modified_gmt":"2026-08-30T01:32:09","slug":"k-zemi-se-riti-jasne-zarici-kometa-zasahne-zemi","status":"publish","type":"post","link":"https:\/\/www.europesays.com\/cz\/195848\/","title":{"rendered":"K Zemi se \u0159\u00edt\u00ed jasn\u011b z\u00e1\u0159\u00edc\u00ed kometa. Zas\u00e1hne Zemi?"},"content":{"rendered":"<p>Kometa 220P\/McNaught v srpnu znovu ne\u010dekan\u011b zv\u00fd\u0161ila jasnost. Pozorovatel\u00e9 na severn\u00ed polokouli ji mohou nyn\u00ed hledat astronomick\u00fdm dalekohledem, dal\u0161\u00ed \u0161ance p\u0159ijde p\u0159ed \u0159\u00edjnov\u00fdm p\u0159ibl\u00ed\u017een\u00edm k Zemi.<\/p>\n<p>Vlasatice o sob\u011b dala v\u011bd\u011bt u\u017e v \u010dervnu, kdy po v\u00fdronu materi\u00e1lu zjasnila p\u0159ibli\u017en\u011b o deset magnitud. Astronomov\u00e9 nyn\u00ed b\u011bhem srpna tohoto roku zaznamenali dal\u0161\u00ed ud\u00e1lost, kter\u00e1 jej\u00ed jas zv\u00fd\u0161ila zhruba o sedm magnitud.<\/p>\n<p>Na obloze ji <a href=\"https:\/\/www.universetoday.com\/articles\/comet-220p-mcnaught-puts-on-an-encore-performance\" rel=\"nofollow noopener\" target=\"_blank\">mohou <\/a>lid\u00e9 na severn\u00ed polokouli naj\u00edt vysoko nad ji\u017en\u00edm obzorem, mezi hv\u011bzdami Lambda Ceti a Omicron Tauri. Ke spat\u0159en\u00ed komety je v\u0161ak nutn\u00fd astronomick\u00fd dalekohled.<\/p>\n<p>Kdy bude nejl\u00e9pe vid\u011bt<\/p>\n<p>Jas komety by m\u011bl d\u00e1le r\u016fst p\u0159ed jej\u00edm \u0159\u00edjnov\u00fdm maxim\u00e1ln\u00edm p\u0159ibl\u00ed\u017een\u00edm k Zemi. T\u011bleso bude i tehdy p\u0159\u00edli\u0161 daleko na pozorov\u00e1n\u00ed pouh\u00fdm okem. Po leto\u0161n\u00ed n\u00e1v\u0161t\u011bv\u011b se 220P\/McNaught vr\u00e1t\u00ed do p\u0159\u00edzniv\u011bj\u0161\u00edch podm\u00ednek a\u017e na p\u0159elomu let 2031 a 2032.<\/p>\n<p>Kometa <a href=\"https:\/\/phys.org\/news\/2026-08-comet-220p-mcnaught-encore.html\" rel=\"nofollow noopener\" target=\"_blank\">ob\u011bhne <\/a>Slunce p\u0159ibli\u017en\u011b jednou za p\u011bt a p\u016fl roku. Objevil ji australsk\u00fd astronom Robert McNaught v kv\u011btnu 2004 na observato\u0159i Siding Spring.<\/p>\n","protected":false},"excerpt":{"rendered":"Kometa 220P\/McNaught v srpnu znovu ne\u010dekan\u011b zv\u00fd\u0161ila jasnost. Pozorovatel\u00e9 na severn\u00ed polokouli ji mohou nyn\u00ed hledat astronomick\u00fdm dalekohledem,&hellip;\n","protected":false},"author":2,"featured_media":195849,"comment_status":"","ping_status":"","sticky":false,"template":"","format":"standard","meta":{"footnotes":"","_share_on_mastodon":"0"},"categories":[13],"tags":[2727,2038,45156,2037,74,73,78,75,7497,77,76,1540],"class_list":["post-195848","post","type-post","status-publish","format-standard","has-post-thumbnail","category-veda-a-technika","tag-astronomie","tag-clanek","tag-komenta","tag-nedd","tag-science","tag-science-technology","tag-technika","tag-technology","tag-teleskop","tag-veda","tag-veda-a-technika","tag-vesmir"],"share_on_mastodon":{"url":"https:\/\/pubeurope.com\/@cz\/117181883491533542","error":""},"_links":{"self":[{"href":"https:\/\/www.europesays.com\/cz\/wp-json\/wp\/v2\/posts\/195848","targetHints":{"allow":["GET"]}}],"collection":[{"href":"https:\/\/www.europesays.com\/cz\/wp-json\/wp\/v2\/posts"}],"about":[{"href":"https:\/\/www.europesays.com\/cz\/wp-json\/wp\/v2\/types\/post"}],"author":[{"embeddable":true,"href":"https:\/\/www.europesays.com\/cz\/wp-json\/wp\/v2\/users\/2"}],"replies":[{"embeddable":true,"href":"https:\/\/www.europesays.com\/cz\/wp-json\/wp\/v2\/comments?post=195848"}],"version-history":[{"count":0,"href":"https:\/\/www.europesays.com\/cz\/wp-json\/wp\/v2\/posts\/195848\/revisions"}],"wp:featuredmedia":[{"embeddable":true,"href":"https:\/\/www.europesays.com\/cz\/wp-json\/wp\/v2\/media\/195849"}],"wp:attachment":[{"href":"https:\/\/www.europesays.com\/cz\/wp-json\/wp\/v2\/media?parent=195848"}],"wp:term":[{"taxonomy":"category","embeddable":true,"href":"https:\/\/www.europesays.com\/cz\/wp-json\/wp\/v2\/categories?post=195848"},{"taxonomy":"post_tag","embeddable":true,"href":"https:\/\/www.europesays.com\/cz\/wp-json\/wp\/v2\/tags?post=195848"}],"curies":[{"name":"wp","href":"https:\/\/api.w.org\/{rel}","templated":true}]}}