{"id":195938,"date":"2026-08-30T06:28:15","date_gmt":"2026-08-30T06:28:15","guid":{"rendered":"https:\/\/www.europesays.com\/cz\/195938\/"},"modified":"2026-08-30T06:28:15","modified_gmt":"2026-08-30T06:28:15","slug":"petra-paroubkova-slavi-53-narozeniny-vyrok-o-sexy-mozku-zlidovel","status":"publish","type":"post","link":"https:\/\/www.europesays.com\/cz\/195938\/","title":{"rendered":"Petra Paroubkov\u00e1 slav\u00ed 53. narozeniny. V\u00fdrok o sexy mozku zlidov\u011bl"},"content":{"rendered":"<p>B\u00fdval\u00e1 man\u017eelka \u010desk\u00e9ho premi\u00e9ra Petra Paroubkov\u00e1 slav\u00ed 53. narozeniny. Jej\u00ed \u017eivot po boku v\u00fdrazn\u00e9ho politika zapl\u0148oval p\u0159ed lety p\u0159edn\u00ed str\u00e1nky mnoha novin. Dnes \u017eije podstatn\u011b klidn\u011bj\u0161\u00edm \u017eivotem a po boku nov\u00e9ho partnera na\u0161la pot\u0159ebnou osobn\u00ed rovnov\u00e1hu. Dok\u00e1zala se vyrovnat s v\u00e1\u017en\u00fdmi zdravotn\u00edmi komplikacemi i ne\u00fasp\u011b\u0161n\u00fdm man\u017eelstv\u00edm.<\/p>\n<p>Ne\u010dekan\u00e9 zdravotn\u00ed komplikace<\/p>\n<p>V \u00fanoru roku 2015 za\u017eila situaci, kter\u00e1 ji velmi rychle donutila p\u0159ehodnotit dosavadn\u00ed priority. B\u011bhem b\u011b\u017en\u00e9ho \u010dek\u00e1n\u00ed na dceru uc\u00edtila n\u00e1hlou pal\u010divou bolest. Sama tento stav popsala jako ne\u010dekanou explozi v hlav\u011b. Z\u00e1chran\u00e1\u0159i ji okam\u017eit\u011b p\u0159evezli do nemocnice s diagn\u00f3zou masivn\u00edho krv\u00e1cen\u00ed do mozku. Na jednotce intenzivn\u00ed p\u00e9\u010de str\u00e1vila dlouh\u00e9 dva t\u00fddny a l\u00e9ka\u0159i ji museli nep\u0159etr\u017eit\u011b sledovat.<\/p>\n<p>L\u00e9ka\u0159\u016fm se nepoda\u0159ilo naj\u00edt b\u011b\u017enou v\u00fddu\u0165 a podobn\u00fd stav p\u0159edstavoval u zdrav\u00e9ho \u010dlov\u011bka velkou vz\u00e1cnost. Sama pacientka do t\u00e9 doby nekou\u0159ila, prakticky nepila alkohol a dbala na pravideln\u00fd pohyb. N\u00e1ro\u010dn\u00e1 rekonvalescence si vy\u017e\u00e1dala spoustu \u010dasu a trp\u011blivosti. Z nejhor\u0161\u00edho se dostala a mohla se vr\u00e1tit dom\u016f ke sv\u00e9 rodin\u011b. B\u011bhem dlouh\u00e9 hospitalizace se o malou dceru Margaritu musel postarat v\u00fdhradn\u011b jej\u00ed tehdej\u0161\u00ed man\u017eel.<\/p>\n<p>Hled\u00e1n\u00ed partnersk\u00e9 harmonie<\/p>\n<p>Man\u017eelstv\u00ed s p\u0159edsedou vl\u00e1dy nakonec nevydr\u017eelo v\u0161echny zkou\u0161ky a p\u00e1r ohl\u00e1sil rozchod. Rozvodov\u00e9 \u0159\u00edzen\u00ed za\u010dalo na podzim roku 2017 a \u00fa\u0159edn\u00ed te\u010dku dostalo a\u017e po \u010dty\u0159ech letech. Konec vztahu nesla velmi t\u011b\u017ece. \u201eMoje nepoveden\u00e9 man\u017eelstv\u00ed beru jako jeden ze sv\u00fdch nejv\u011bt\u0161\u00edch \u017eivotn\u00edch ne\u00fasp\u011bch\u016f,\u201c p\u0159iznala Petra Paroubkov\u00e1 v ned\u00e1vn\u00e9m rozhovoru pro iDNES.cz. Rozpad rodiny p\u0159isuzuje p\u0159edev\u0161\u00edm \u0161patn\u00e9 vz\u00e1jemn\u00e9 komunikaci.<\/p>\n<p>Dnes si d\u00e1v\u00e1 na partnerskou komunikaci mnohem v\u011bt\u0161\u00ed pozor a vyu\u017e\u00edv\u00e1 k tomu modern\u00ed technologie. Do mobiln\u00edho telefonu si nainstalovala speci\u00e1ln\u00ed aplikaci ur\u010denou k ochran\u011b vztah\u016f. Program ji v\u010das upozorn\u00ed na v\u00e1znouc\u00ed konverzaci a vyb\u00eddne k \u0159e\u0161en\u00ed p\u0159\u00edpadn\u00e9ho probl\u00e9mu d\u0159\u00edve, ne\u017e p\u0159eroste v otev\u0159en\u00fd konflikt. Sama o sob\u011b tvrd\u00ed, \u017ee m\u00e1 sklony k vytv\u00e1\u0159en\u00ed katastrofick\u00fdch sc\u00e9n\u00e1\u0159\u016f. Technologie j\u00ed tak pom\u00e1h\u00e1 udr\u017eet emoce pod kontrolou.<\/p>\n<p><img fetchpriority=\"high\" decoding=\"async\" class=\"wp-image-42895 size-large\" src=\"https:\/\/www.europesays.com\/cz\/wp-content\/uploads\/2026\/08\/3840px-JP_2011-1-1024x740.jpg\" alt=\"Paroubkovi na sn\u00edmku z roku 2011, FOTO: David Sedleck\u00fd, CC BY-SA 3.0, via Wikimedia Commons\" width=\"696\" height=\"503\"  \/>Paroubkovi na sn\u00edmku z roku 2011, FOTO: <a href=\"https:\/\/commons.wikimedia.org\/wiki\/File:JP_2011.jpg\" target=\"_blank\" rel=\"noopener noreferrer follow external nofollow\" data-wpel-link=\"external\">David Sedleck\u00fd<\/a>, <a href=\"https:\/\/creativecommons.org\/licenses\/by-sa\/3.0\" target=\"_blank\" rel=\"noopener noreferrer follow external nofollow\" data-wpel-link=\"external\">CC BY-SA 3.0<\/a>, via Wikimedia Commons<\/p>\n<p>Nov\u00e9 \u0161t\u011bst\u00ed na\u0161la po boku \u0159eck\u00e9ho podnikatele, kter\u00e9ho znala dlouh\u00fdch osmadvacet let. Dlouholet\u00e9 pevn\u00e9 p\u0159\u00e1telstv\u00ed se koncem lo\u0148sk\u00e9ho l\u00e9ta p\u0159irozen\u011b prom\u011bnilo ve v\u00e1\u017en\u00fd vztah. Sama sebe popisuje jako siln\u011b stereotypn\u00edho \u010dlov\u011bka, kter\u00fd nerad d\u011bl\u00e1 zbrkl\u00e9 \u017eivotn\u00ed zm\u011bny. \u201eByl a je to \u010dlov\u011bk, se kter\u00fdm si m\u00e1m co \u0159\u00edct a kter\u00e9mu d\u016fv\u011b\u0159uji,\u201c popsala d\u00e1le sv\u00e9 city. Nalezen\u00ed l\u00e1sky v osob\u011b dlouholet\u00e9ho zn\u00e1m\u00e9ho pro ni p\u0159edstavovalo s\u00e1zku na jistotu.<\/p>\n<p>S\u00edla lidsk\u00e9ho intelektu<\/p>\n<p>Do pov\u011bdom\u00ed ve\u0159ejnosti se zapsala u\u017e na \u00fapln\u00e9m za\u010d\u00e1tku sv\u00e9ho sou\u017eit\u00ed se zn\u00e1m\u00fdm <a href=\"https:\/\/www.readzone.cz\/slavni-v-politice-herci-zpevaci-moderatori-i-sportovci-kteri-to-dotahli-az-do-snemovny-nebo-vlady\/\" target=\"_blank\" rel=\"noopener follow nofollow\" data-wpel-link=\"internal\">politikem.<\/a> V prvn\u00edm velk\u00e9m novinov\u00e9m rozhovoru odpov\u011bd\u011bla na ot\u00e1zku ohledn\u011b sympati\u00ed k budouc\u00edmu choti velmi up\u0159\u00edmn\u011b. Prohl\u00e1sila, \u017ee nejv\u00edc se*y na mu\u017ei je jeho mozek. Spojen\u00ed rychle zlidov\u011blo a prov\u00e1zelo ji dal\u0161\u00ed dlouh\u00e1 l\u00e9ta. \u201ePot\u0159ebujete m\u00edt vedle sebe partnera, se kter\u00fdm si m\u00e1te co \u0159\u00edct a mus\u00edte b\u00fdt n\u011bjak\u00fdm zp\u016fsobem kompatibiln\u00ed,\u201c vysv\u011btlila sv\u016fj tehdej\u0161\u00ed v\u00fdrok.<\/p>\n<p>Dnes pracuje jako marketingov\u00e1 mana\u017eerka pro softwarovou spole\u010dnost a na svou minulost pohl\u00ed\u017e\u00ed s velk\u00fdm nadhledem. Uzn\u00e1v\u00e1, \u017ee se od dob sv\u00e9 svatby v roce 2007 v\u00fdrazn\u011b zm\u011bnila a dosp\u011bla. D\u0159\u00edve pr\u00fd m\u011bla silnou tendenci vid\u011bt v\u011bci striktn\u011b \u010dernob\u00edle a b\u00fdvala ve sv\u00fdch n\u00e1zorech hodn\u011b vyhran\u011bn\u00e1. S p\u0159ib\u00fdvaj\u00edc\u00edm v\u011bkem a \u017eivotn\u00edmi zku\u0161enostmi z\u00edskala mnohem v\u011bt\u0161\u00ed toleranci. Sv\u016fj sou\u010dasn\u00fd soukrom\u00fd i profesn\u00ed \u017eivot si u\u017e\u00edv\u00e1 v naprost\u00e9m klidu.<\/p>\n<p>Zdroj informac\u00ed: autorsk\u00e9 zpracov\u00e1n\u00ed redakce <a href=\"https:\/\/www.readzone.cz\/kontakty\/\" target=\"_blank\" rel=\"noopener noreferrer follow nofollow\" data-wpel-link=\"internal\">Readzone.cz<\/a> na z\u00e1klad\u011b ve\u0159ejn\u011b dostupn\u00fdch informac\u00ed z m\u00e9di\u00ed (<a href=\"https:\/\/www.idnes.cz\/zpravy\/revue\/spolecnost\/petra-paroubkova-promluvila-o-krvaceni-do-mozku.A150303_154404_lidicky_nh\" target=\"_blank\" rel=\"noopener follow noreferrer nofollow\" data-wpel-link=\"exclude\">idnes<\/a>, <a href=\"https:\/\/www.kafe.cz\/celebrity\/petra-paroubkova-2025\/\" target=\"_blank\" rel=\"noopener follow external nofollow\" data-wpel-link=\"external\">kafe<\/a>, <a href=\"https:\/\/www.idnes.cz\/zpravy\/revue\/vztahy-a-sex\/petra-paroubkova-rozvod-paroubek-dcera-margarita-sexy-mozek.A240417_184615_sex_zar\" target=\"_blank\" rel=\"noopener follow noreferrer nofollow\" data-wpel-link=\"exclude\">idnes<\/a>, <a href=\"https:\/\/cs.wikipedia.org\/wiki\/Petra_Paroubkov%C3%A1\" target=\"_blank\" rel=\"noopener follow external nofollow\" data-wpel-link=\"external\">cs.wikipedia<\/a>).<\/p>\n","protected":false},"excerpt":{"rendered":"B\u00fdval\u00e1 man\u017eelka \u010desk\u00e9ho premi\u00e9ra Petra Paroubkov\u00e1 slav\u00ed 53. narozeniny. Jej\u00ed \u017eivot po boku v\u00fdrazn\u00e9ho politika zapl\u0148oval p\u0159ed lety&hellip;\n","protected":false},"author":2,"featured_media":195939,"comment_status":"","ping_status":"","sticky":false,"template":"","format":"standard","meta":{"footnotes":"","_share_on_mastodon":"0"},"categories":[14],"tags":[79,11403,45162,2491,2241,45163,174,651,2493,37741,1528,652,80,597],"class_list":["post-195938","post","type-post","status-publish","format-standard","has-post-thumbnail","category-zabava","tag-entertainment","tag-jiri-paroubek","tag-krvaceni-do-mozku","tag-manzelstvi","tag-narozeniny","tag-petra-paroubkova","tag-politika","tag-rodina","tag-rozvod","tag-s-kym-zije","tag-vyroci","tag-vztahy","tag-zabava","tag-zdravi"],"share_on_mastodon":{"url":"https:\/\/pubeurope.com\/@cz\/117183047924329513","error":""},"_links":{"self":[{"href":"https:\/\/www.europesays.com\/cz\/wp-json\/wp\/v2\/posts\/195938","targetHints":{"allow":["GET"]}}],"collection":[{"href":"https:\/\/www.europesays.com\/cz\/wp-json\/wp\/v2\/posts"}],"about":[{"href":"https:\/\/www.europesays.com\/cz\/wp-json\/wp\/v2\/types\/post"}],"author":[{"embeddable":true,"href":"https:\/\/www.europesays.com\/cz\/wp-json\/wp\/v2\/users\/2"}],"replies":[{"embeddable":true,"href":"https:\/\/www.europesays.com\/cz\/wp-json\/wp\/v2\/comments?post=195938"}],"version-history":[{"count":0,"href":"https:\/\/www.europesays.com\/cz\/wp-json\/wp\/v2\/posts\/195938\/revisions"}],"wp:featuredmedia":[{"embeddable":true,"href":"https:\/\/www.europesays.com\/cz\/wp-json\/wp\/v2\/media\/195939"}],"wp:attachment":[{"href":"https:\/\/www.europesays.com\/cz\/wp-json\/wp\/v2\/media?parent=195938"}],"wp:term":[{"taxonomy":"category","embeddable":true,"href":"https:\/\/www.europesays.com\/cz\/wp-json\/wp\/v2\/categories?post=195938"},{"taxonomy":"post_tag","embeddable":true,"href":"https:\/\/www.europesays.com\/cz\/wp-json\/wp\/v2\/tags?post=195938"}],"curies":[{"name":"wp","href":"https:\/\/api.w.org\/{rel}","templated":true}]}}