{"id":196030,"date":"2026-08-30T08:33:11","date_gmt":"2026-08-30T08:33:11","guid":{"rendered":"https:\/\/www.europesays.com\/cz\/196030\/"},"modified":"2026-08-30T08:33:11","modified_gmt":"2026-08-30T08:33:11","slug":"po-rozvodu-odjela-na-bali-o-12-let-mladsi-wayan-ji-vratil-sebevedomi-pak-prisel-sok-zena-cz","status":"publish","type":"post","link":"https:\/\/www.europesays.com\/cz\/196030\/","title":{"rendered":"Po rozvodu odjela na Bali. O 12 let mlad\u0161\u00ed Wayan j\u00ed vr\u00e1til sebev\u011bdom\u00ed, pak p\u0159i\u0161el \u0161ok \u2013 \u017dena.cz"},"content":{"rendered":"<p>Pak p\u0159i\u0161el den, kdy se Wayanova hra vybarvila naplno. Poslal mi dlouhou, zoufalou zpr\u00e1vu. Tvrdil, \u017ee si na\u0161el agenturu, kter\u00e1 mu pom\u016f\u017ee vy\u0159\u00eddit pracovn\u00ed v\u00edzum do \u010ceska, ale pot\u0159ebuje okam\u017eit\u011b poslat poplatek 1 800 eur, kter\u00e1 on s\u00e1m nem\u00e1 \u0161anci u\u0161et\u0159it. \u201eKl\u00e1ro, miluji t\u011b a ud\u011bl\u00e1m cokoliv, abychom byli spolu. Pokud mi ty pen\u00edze p\u016fj\u010d\u00ed\u0161, hned jak p\u0159ijedu a za\u010dnu pracovat, v\u0161echno ti vr\u00e1t\u00edm. Jsi moje jedin\u00e1 nad\u011bje,\u201c st\u00e1lo ve zpr\u00e1v\u011b, kterou zakon\u010dil spoustou srd\u00ed\u010dek.<\/p>\n","protected":false},"excerpt":{"rendered":"Pak p\u0159i\u0161el den, kdy se Wayanova hra vybarvila naplno. Poslal mi dlouhou, zoufalou zpr\u00e1vu. Tvrdil, \u017ee si na\u0161el&hellip;\n","protected":false},"author":2,"featured_media":196031,"comment_status":"","ping_status":"","sticky":false,"template":"","format":"standard","meta":{"footnotes":"","_share_on_mastodon":"0"},"categories":[7],"tags":[43,42,41,40,1471,653,6631,703,45172,45173,2493,28503],"class_list":["post-196030","post","type-post","status-publish","format-standard","has-post-thumbnail","category-cesko","tag-ceska-republika","tag-cesko","tag-czech-republic","tag-czechia","tag-dovolena","tag-laska","tag-partnerske-vztahy","tag-penize","tag-pravdive-pribehy","tag-pribehy-ctenaru","tag-rozvod","tag-sebevedomi"],"share_on_mastodon":{"url":"https:\/\/pubeurope.com\/@cz\/117183539343312797","error":""},"_links":{"self":[{"href":"https:\/\/www.europesays.com\/cz\/wp-json\/wp\/v2\/posts\/196030","targetHints":{"allow":["GET"]}}],"collection":[{"href":"https:\/\/www.europesays.com\/cz\/wp-json\/wp\/v2\/posts"}],"about":[{"href":"https:\/\/www.europesays.com\/cz\/wp-json\/wp\/v2\/types\/post"}],"author":[{"embeddable":true,"href":"https:\/\/www.europesays.com\/cz\/wp-json\/wp\/v2\/users\/2"}],"replies":[{"embeddable":true,"href":"https:\/\/www.europesays.com\/cz\/wp-json\/wp\/v2\/comments?post=196030"}],"version-history":[{"count":0,"href":"https:\/\/www.europesays.com\/cz\/wp-json\/wp\/v2\/posts\/196030\/revisions"}],"wp:featuredmedia":[{"embeddable":true,"href":"https:\/\/www.europesays.com\/cz\/wp-json\/wp\/v2\/media\/196031"}],"wp:attachment":[{"href":"https:\/\/www.europesays.com\/cz\/wp-json\/wp\/v2\/media?parent=196030"}],"wp:term":[{"taxonomy":"category","embeddable":true,"href":"https:\/\/www.europesays.com\/cz\/wp-json\/wp\/v2\/categories?post=196030"},{"taxonomy":"post_tag","embeddable":true,"href":"https:\/\/www.europesays.com\/cz\/wp-json\/wp\/v2\/tags?post=196030"}],"curies":[{"name":"wp","href":"https:\/\/api.w.org\/{rel}","templated":true}]}}