{"id":196066,"date":"2026-08-30T09:10:09","date_gmt":"2026-08-30T09:10:09","guid":{"rendered":"https:\/\/www.europesays.com\/cz\/196066\/"},"modified":"2026-08-30T09:10:09","modified_gmt":"2026-08-30T09:10:09","slug":"na-metalovem-festivalu-v-susici-zkolaboval-fanousek-uz-ho-neozivili","status":"publish","type":"post","link":"https:\/\/www.europesays.com\/cz\/196066\/","title":{"rendered":"Na metalov\u00e9m festivalu v\u00a0Su\u0161ici zkolaboval fanou\u0161ek. U\u017e ho neo\u017eivili"},"content":{"rendered":"<p class=\"c_bB\">Akce s\u00a0n\u00e1zvem Metal Madness se konala ve vod\u00e1ck\u00e9m kempu u\u00a0\u0159eky Otavy. \u201eNa\u0161e pos\u00e1dka na m\u00edsto dorazila po p\u016fl jeden\u00e1ct\u00e9 ve\u010der. U\u00a0mu\u017ee kolem 50\u00a0let jsme zah\u00e1jili resuscitaci, kter\u00e1 byla bohu\u017eel ne\u00fasp\u011b\u0161n\u00e1, a\u00a0l\u00e9ka\u0159 po hodin\u011b konstatoval smrt,\u201c uvedla Karolina Kor\u010d\u00edkov\u00e1 z\u00a0krajsk\u00e9 z\u00e1chrann\u00e9 slu\u017eby s\u00a0t\u00edm, \u017ee na m\u00edsto byl p\u0159ivol\u00e1n koroner.<\/p>\n<p class=\"c_bB\">Podle policejn\u00ed mluv\u010d\u00ed Veroniky Hokrov\u00e9 zat\u00edm nic nenasv\u011bd\u010duje ciz\u00edmu zavin\u011bn\u00ed. \u201eP\u0159esnou p\u0159\u00ed\u010dinu smrti ur\u010d\u00ed a\u017e na\u0159\u00edzen\u00e1 zdravotn\u00ed pitva. P\u0159\u00edpad \u0161et\u0159\u00ed klatov\u0161t\u00ed kriminalist\u00e9,\u201c dodala.<\/p>\n<p class=\"c_bB\">Ke kolapsu mu\u017ee do\u0161lo v\u00a0z\u00e1v\u011bru koncertu, kdy m\u011bly hr\u00e1t je\u0161t\u011b t\u0159i kapely. Jejich vystoupen\u00ed po\u0159adatel zru\u0161il.<\/p>\n<p><a data-dot=\"atm-link\" target=\"_self\" href=\"https:\/\/www.novinky.cz\/clanek\/krimi-statni-zastupkyne-spachala-sebevrazdu-behem-metaloveho-festivalu-40592436\" class=\"c_I\" rel=\"nofollow noopener\"><img fetchpriority=\"high\" height=\"590\" width=\"1048\" src=\"https:\/\/www.europesays.com\/cz\/wp-content\/uploads\/2026\/08\/1788081009_996_zalobkyne.jpeg\" loading=\"eager\" decoding=\"sync\" class=\"c_t c_r\"\/><\/a><\/p>\n","protected":false},"excerpt":{"rendered":"Akce s\u00a0n\u00e1zvem Metal Madness se konala ve vod\u00e1ck\u00e9m kempu u\u00a0\u0159eky Otavy. \u201eNa\u0161e pos\u00e1dka na m\u00edsto dorazila po p\u016fl&hellip;\n","protected":false},"author":2,"featured_media":196067,"comment_status":"","ping_status":"","sticky":false,"template":"","format":"standard","meta":{"footnotes":"","_share_on_mastodon":"0"},"categories":[7],"tags":[43,42,41,40,337,4046,351,41539],"class_list":["post-196066","post","type-post","status-publish","format-standard","has-post-thumbnail","category-cesko","tag-ceska-republika","tag-cesko","tag-czech-republic","tag-czechia","tag-koncert","tag-metal","tag-smrt","tag-susice"],"share_on_mastodon":{"url":"https:\/\/pubeurope.com\/@cz\/117183685137455572","error":""},"_links":{"self":[{"href":"https:\/\/www.europesays.com\/cz\/wp-json\/wp\/v2\/posts\/196066","targetHints":{"allow":["GET"]}}],"collection":[{"href":"https:\/\/www.europesays.com\/cz\/wp-json\/wp\/v2\/posts"}],"about":[{"href":"https:\/\/www.europesays.com\/cz\/wp-json\/wp\/v2\/types\/post"}],"author":[{"embeddable":true,"href":"https:\/\/www.europesays.com\/cz\/wp-json\/wp\/v2\/users\/2"}],"replies":[{"embeddable":true,"href":"https:\/\/www.europesays.com\/cz\/wp-json\/wp\/v2\/comments?post=196066"}],"version-history":[{"count":0,"href":"https:\/\/www.europesays.com\/cz\/wp-json\/wp\/v2\/posts\/196066\/revisions"}],"wp:featuredmedia":[{"embeddable":true,"href":"https:\/\/www.europesays.com\/cz\/wp-json\/wp\/v2\/media\/196067"}],"wp:attachment":[{"href":"https:\/\/www.europesays.com\/cz\/wp-json\/wp\/v2\/media?parent=196066"}],"wp:term":[{"taxonomy":"category","embeddable":true,"href":"https:\/\/www.europesays.com\/cz\/wp-json\/wp\/v2\/categories?post=196066"},{"taxonomy":"post_tag","embeddable":true,"href":"https:\/\/www.europesays.com\/cz\/wp-json\/wp\/v2\/tags?post=196066"}],"curies":[{"name":"wp","href":"https:\/\/api.w.org\/{rel}","templated":true}]}}