{"id":196094,"date":"2026-08-30T09:52:17","date_gmt":"2026-08-30T09:52:17","guid":{"rendered":"https:\/\/www.europesays.com\/cz\/196094\/"},"modified":"2026-08-30T09:52:17","modified_gmt":"2026-08-30T09:52:17","slug":"skvely-uspech-havel-a-spicar-slavi-svetovou-medaili-dostalovi-za-cilem-pomohl-polak","status":"publish","type":"post","link":"https:\/\/www.europesays.com\/cz\/196094\/","title":{"rendered":"Skv\u011bl\u00fd \u00fasp\u011bch! Havel a\u00a0\u0160picar slav\u00ed sv\u011btovou medaili, Dost\u00e1lovi za c\u00edlem pomohl Pol\u00e1k"},"content":{"rendered":"<p class=\"b_bA\">\u201eLoni jsme byli posledn\u00ed v\u00a0B-fin\u00e1le, tak jsem r\u00e1d, \u017ee jsme uk\u00e1zali, \u017ee to nebyl n\u00e1\u0161 standard,\u201c usm\u00edval se v\u00a0rozhovoru pro \u010ceskou televizi Havel. P\u011btat\u0159icetilet\u00fd kajak\u00e1\u0159 u\u017e si pohr\u00e1val s\u00a0my\u0161lenkami na konec kari\u00e9ry, ale te\u010f je ur\u010dit\u011b r\u00e1d, \u017ee si kari\u00e9ru prodlou\u017eil.<\/p>\n<p class=\"b_bA\">\u201eV Poznani jsem z\u00edskal medaili na sv\u00e9m prvn\u00edm mistrovstv\u00ed sv\u011bta p\u0159ed \u0161estn\u00e1cti lety, snad tahle nen\u00ed posledn\u00ed. Jsem nesm\u00edrn\u011b \u0161\u0165astn\u00fd,\u201c z\u00e1\u0159il Havel, jen\u017e z\u00edskal dv\u011b olympijsk\u00e9 medaile jako \u010dlen \u010dty\u0159kajaku.<\/p>\n<p class=\"b_bA\">\u201eNa t\u00e9hle trati jsme na sv\u011btovou medaili docela dlouho \u010dekali, ale vy\u0161lo n\u00e1m to tu loni i\u00a0na Sv\u011btov\u00e9m poh\u00e1ru, asi to tu m\u00e1me r\u00e1di,\u201c s\u00a0\u00fasm\u011bvem p\u0159itak\u00e1val o\u00a0dva roky mlad\u0161\u00ed \u0160picar.<\/p>\n<p><a data-dot=\"atm-link\" target=\"_self\" href=\"https:\/\/www.sport.cz\/clanek\/vodni-sporty-dostal-na-petistovce-postoupil-do-finale-ms-v-poznani-ho-ceka-boj-o-obhajobu-titulu-5520741\" class=\"b_V g_ia\" rel=\"nofollow noopener\"><img fetchpriority=\"high\" height=\"2730\" width=\"3641\" src=\"https:\/\/www.europesays.com\/cz\/wp-content\/uploads\/2026\/08\/fuksa-kanoistika.jpeg\" loading=\"eager\" decoding=\"sync\" class=\"b_B b_z\"\/><\/a><\/p>\n<p class=\"b_bA\">Oba si tak spravili chu\u0165 po \u010dty\u0159kajaku, jemu\u017e se v\u00a0Poznani nepoda\u0159ilo postoupit do A-fin\u00e1le. \u201eU\u017e moc sil nezb\u00fdvalo, jak jsme jeli \u0161estou p\u011btistovku. N\u011bmci vedle n\u00e1s vyp\u00e1lili, vypadalo to, \u017ee je v\u0161echno ztracen\u00e9, ale zbytek pole nebyl tak daleko,\u201c popisoval Havel.<\/p>\n<p class=\"b_bA\">N\u011bmeck\u00e9 duo Jacob Schopf, Max Lemke dominovalo, \u010ce\u0161i byli v\u00a0p\u016flce trati a\u017e posledn\u00ed dev\u00e1t\u00ed t\u00e9m\u011b\u0159 dv\u011b sekundy za pr\u016fb\u011b\u017en\u011b t\u0159et\u00edmi Ma\u010fary. Jen\u017ee t\u011bm z\u00e1v\u011br v\u016fbec nevy\u0161el a\u00a0Havel se \u0160picarem se skv\u011bl\u00fdm fini\u0161em posunuli o\u00a028\u00a0setin na stupn\u011b v\u00edt\u011bz\u016f.<\/p>\n<p class=\"b_bA\">\u201eMy takhle jezd\u00edme, v\u0161ichni \u0159\u00edkaj\u00ed, \u017ee jsme bl\u00e1zni. U\u017e to vypadalo, \u017ee jsme ztracen\u00ed, pod\u00edval jsem se a\u017e v\u00a0c\u00edli a\u00a0byl z\u00a0toho cenn\u00fd kov,\u201c popisoval \u0160picar. Na p\u011btistovce byli spole\u010dn\u011b dosud nejv\u00fd\u0161 \u010dtvrt\u00ed v\u00a0roce 2022.<\/p>\n<p class=\"b_bA\">Olympijsk\u00fd v\u00edt\u011bz na kajaku Dost\u00e1l na medaili t\u011bsn\u011b nedos\u00e1hl, ve fin\u00e1le p\u011btistovky skon\u010dil t\u011bsn\u011b pod p\u00f3diem. V\u00a0z\u00e1v\u011bru se posouval dop\u0159edu, ale ke stup\u0148\u016fm v\u00edt\u011bz\u016f mu chyb\u011blo 46\u00a0setin.<\/p>\n<p class=\"b_bA\">Dost\u00e1lovi z\u00e1v\u011bre\u010dnou p\u0159\u00edpravu vydatn\u011b zkomplikovala vir\u00f3za, nemohl po\u0159\u00e1dn\u011b tr\u00e9novat. Proto v\u00a0Poznani upnul s\u00edly jen k\u00a0neolympijsk\u00e9 p\u011btistovce, na n\u00ed\u017e byl obh\u00e1jcem zlata. Sm\u011brem k\u00a0olympijsk\u00e9 nominaci se nav\u00edc po\u010d\u00edtaj\u00ed body rovnocenn\u011b ze v\u0161ech discipl\u00edn.<\/p>\n<p><a data-dot=\"atm-link\" target=\"_self\" href=\"https:\/\/www.sport.cz\/clanek\/vodni-sporty-prokesova-na-postup-nemela-dve-ceske-lode-pojedou-o-medaile-5520453\" class=\"b_V g_ia\" rel=\"nofollow noopener\"><img height=\"732\" width=\"976\" src=\"https:\/\/www.europesays.com\/cz\/wp-content\/uploads\/2026\/08\/1788083536_532_veslovani-flamikova-santruckova.jpeg\" loading=\"eager\" decoding=\"sync\" class=\"b_B b_z\"\/><\/a><\/p>\n<p class=\"b_bA\">Do fin\u00e1le postoupil Dost\u00e1l d\u00edky siln\u00e9mu fini\u0161i z\u00a0druh\u00e9ho m\u00edsta ve sv\u00e9m semifin\u00e1le a\u00a0podobnou strategii zvolil i\u00a0pro fin\u00e1le. Oproti p\u0159edchoz\u00edm dn\u016fm se v\u00edtr v\u00fdrazn\u011b zklidnil. \u010cesk\u00fd reprezentant po startu ztr\u00e1cel, v\u00a0polovin\u011b trati byl sedm\u00fd, ale pak se posouval vp\u0159ed. Na nejrychlej\u0161\u00ed trio v\u00a0\u010dele se zlat\u00fdm Australanem Thomasem Greenem ale nem\u011bl.<\/p>\n<p class=\"b_bA\">Nemoc ho omezuje u\u017e t\u00e9m\u011b\u0159 m\u011bs\u00edc. \u201ePosledn\u00ed \u010dty\u0159i dny m\u00e1m i\u00a0zalehl\u00e9 ucho. T\u011b\u0161\u00edm se do postele a\u00a0k doktorovi na po\u0159\u00e1dn\u00e9 kole\u010dko vy\u0161et\u0159en\u00ed. Budu asi muset \u0159e\u0161it v\u00edc prevenci, abych byl p\u0159\u00ed\u0161t\u00ed rok na vrcholn\u00e9 akci ve form\u011b, ale bez nemoc\u00ed,\u201c pl\u00e1noval v\u00a0rozhovoru pro \u010ceskou televizi.<\/p>\n<p class=\"b_bA\">P\u0159esto ze sebe dok\u00e1zal vym\u00e1\u010dknout maximum. \u201eJel jsem naplno a\u00a0s ohledem na tu indispozici to nen\u00ed \u0161patn\u00fd v\u00fdsledek. Na startu bylo zn\u00e1t, \u017ee jsem se rychlosti m\u011bs\u00edc nev\u011bnoval, druh\u00e1 p\u016flka je pak u\u00a0m\u011b v\u017edycky rychlej\u0161\u00ed,\u201c l\u00ed\u010dil sv\u011b\u0159enec Pavla Dav\u00eddka.<\/p>\n<p class=\"b_bA\">\u201eV c\u00edli jsem se musel chytit Pol\u00e1ka, na\u0161t\u011bst\u00ed jsem se vyhnul ostud\u011b, \u017ee by pro m\u011b museli vodn\u00ed z\u00e1chran\u00e1\u0159i,\u201c pousm\u00e1l se.<\/p>\n<p class=\"b_bA\">Martinu Fuksovi, jen\u017e v\u00a0Poznani z\u00edskal zlato a\u00a0st\u0159\u00edbro na individu\u00e1ln\u00edch trat\u00edch, na deblkanoi s\u00a0bratrem Petrem uniklo t\u0159et\u00ed spole\u010dn\u00e9 sv\u011btov\u00e9 A-fin\u00e1le o\u00a0jedinou setinu. N\u00e1ladu si spravili v\u00edt\u011bzstv\u00edm v\u00a0\u201eb\u00e9\u010dku\u201c, v\u00a0n\u011bm\u017e nejrychlej\u0161\u00ed t\u0159i lod\u011b d\u011blila jedin\u00e1 desetina.<\/p>\n<p class=\"b_bA\">\u0160est\u00e1 m\u00edsta obsadily v\u00a0B-fin\u00e1le dvoustovky kanoistka Denisa \u0158\u00e1hov\u00e1 a\u00a0kajak\u00e1\u0159ka Barbora Sovov\u00e1.<\/p>\n<p>Mistrovstv\u00ed sv\u011bta v rychlostn\u00ed kanoistice v Poznani:Mu\u017ei:500 m:K1:1. Green (Austr.) 1:37,662. Varga (Ma\u010f.) -0,413. Borucki (Pol.) -1,294. DOST\u00c1L (\u010cR) -1,75K2: 1. Schopf, Lemke (N\u011bm.) 1:27,572. Ribeiro, Baptista (Portug.) -1,723. \u0160PICAR, HAVEL (\u010cR) -2,37C2:1. Petrov, \u0160tyl (Rus.) 1:39,23 2. Assuncao, Nascimento (Braz.) -0,583. Koll\u00e1r, Juh\u00e1sz (Ma\u010f.) -0,80 &#8230;fin\u00e1le B:1. P. FUKSA, M. FUKSA (\u010cR) 1:43,49\u017deny:500 m:K2: 1. Harlenov\u00e1, Drobotov\u00e1 (Austr.) 1:39,542. J\u00fc \u0160&#8216;-meng, Jin Meng-tie (\u010c\u00edna) -1,65 3. Paszekov\u00e1, Jagschov\u00e1 (N\u011bm.) -1,66C4: 1. \u010c\u00edna (\u0164iang Si-na, Tcheng An-\u0161uo, Sun Meng-ja, Ma Ja-nan) 1:45,682. Ma\u010farsko -0,933. Kanada -2,49200 m:K1:1. Moerckeov\u00e1 (D\u00e1n.) 39,712. Luczov\u00e1 (Ma\u010f.) -0,603. Ouzandeov\u00e1 (\u0161p.) -1,00 &#8230;fin\u00e1le B:6. SOVOV\u00c1 (\u010cR) 43,52C1: 1. Luzanov\u00e1 (Ukr.) 44,402. Jensenov\u00e1 (Kan.) -0,503. Harrisonov\u00e1 (USA) -0,64&#8230;fin\u00e1le B:6. \u0158\u00c1HOV\u00c1 (\u010cR) 48,19<a data-dot=\"atm-link\" target=\"_self\" href=\"https:\/\/www.sport.cz\/clanek\/vodni-sporty-prokesova-se-louci-se-svetovym-sampionatem-patnactym-mistem-5520742\" class=\"b_V g_ia\" rel=\"nofollow noopener\"><img height=\"646\" width=\"862\" src=\"https:\/\/www.europesays.com\/cz\/wp-content\/uploads\/2026\/08\/1788083537_899_veslovani.jpeg\" loading=\"eager\" decoding=\"sync\" class=\"b_B b_z\"\/><\/a><\/p>\n","protected":false},"excerpt":{"rendered":"\u201eLoni jsme byli posledn\u00ed v\u00a0B-fin\u00e1le, tak jsem r\u00e1d, \u017ee jsme uk\u00e1zali, \u017ee to nebyl n\u00e1\u0161 standard,\u201c usm\u00edval se&hellip;\n","protected":false},"author":2,"featured_media":196095,"comment_status":"","ping_status":"","sticky":false,"template":"","format":"standard","meta":{"footnotes":"","_share_on_mastodon":"0"},"categories":[15],"tags":[23041,27778,23042,23077,94,93],"class_list":["post-196094","post","type-post","status-publish","format-standard","has-post-thumbnail","category-sport","tag-josef-dostal","tag-kajak","tag-kanoistika","tag-rychlostni-kanoistika","tag-sport","tag-sports"],"share_on_mastodon":{"url":"https:\/\/pubeurope.com\/@cz\/117183850040109217","error":""},"_links":{"self":[{"href":"https:\/\/www.europesays.com\/cz\/wp-json\/wp\/v2\/posts\/196094","targetHints":{"allow":["GET"]}}],"collection":[{"href":"https:\/\/www.europesays.com\/cz\/wp-json\/wp\/v2\/posts"}],"about":[{"href":"https:\/\/www.europesays.com\/cz\/wp-json\/wp\/v2\/types\/post"}],"author":[{"embeddable":true,"href":"https:\/\/www.europesays.com\/cz\/wp-json\/wp\/v2\/users\/2"}],"replies":[{"embeddable":true,"href":"https:\/\/www.europesays.com\/cz\/wp-json\/wp\/v2\/comments?post=196094"}],"version-history":[{"count":0,"href":"https:\/\/www.europesays.com\/cz\/wp-json\/wp\/v2\/posts\/196094\/revisions"}],"wp:featuredmedia":[{"embeddable":true,"href":"https:\/\/www.europesays.com\/cz\/wp-json\/wp\/v2\/media\/196095"}],"wp:attachment":[{"href":"https:\/\/www.europesays.com\/cz\/wp-json\/wp\/v2\/media?parent=196094"}],"wp:term":[{"taxonomy":"category","embeddable":true,"href":"https:\/\/www.europesays.com\/cz\/wp-json\/wp\/v2\/categories?post=196094"},{"taxonomy":"post_tag","embeddable":true,"href":"https:\/\/www.europesays.com\/cz\/wp-json\/wp\/v2\/tags?post=196094"}],"curies":[{"name":"wp","href":"https:\/\/api.w.org\/{rel}","templated":true}]}}