{"id":196102,"date":"2026-08-30T10:11:16","date_gmt":"2026-08-30T10:11:16","guid":{"rendered":"https:\/\/www.europesays.com\/cz\/196102\/"},"modified":"2026-08-30T10:11:16","modified_gmt":"2026-08-30T10:11:16","slug":"tym-z-vesnice-sokoval-leverkusen-schickuv-partak-tezko-hledal-slova","status":"publish","type":"post","link":"https:\/\/www.europesays.com\/cz\/196102\/","title":{"rendered":"T\u00fdm z\u00a0vesnice \u0161okoval Leverkusen. Schick\u016fv par\u0165\u00e1k t\u011b\u017eko hledal slova"},"content":{"rendered":"<p class=\"b_bA\">Kdy\u017e Elversberg zvl\u00e1dl na konci p\u0159ede\u0161l\u00e9 sezony extr\u00e9mn\u011b vyrovnan\u00fd boj o\u00a0druh\u00e9 postupov\u00e9 m\u00edsto do bundesligy, nikdo asi netu\u0161il, \u017ee historick\u00e1 premi\u00e9ra mezi n\u011bmeckou elitou p\u0159inese mo\u017en\u00e1 je\u0161t\u011b v\u011bt\u0161\u00ed poh\u00e1dku.<\/p>\n<p class=\"b_bA\">Do m\u011bste\u010dka na jihoz\u00e1pad\u011b, kousek od Saarbr\u00fcckenu a\u00a0hranic s\u00a0Franci\u00ed, dorazil slavn\u00fd Leverkusen i\u00a0s \u010desk\u00fdm \u00fato\u010dn\u00edkem Patrikem Schickem. Elversberg tvo\u0159\u00ed jednu obec se sousedn\u00edm Spiesenem, dohromady maj\u00ed asi t\u0159in\u00e1ct tis\u00edc obyvatel. Samotn\u00fd Elversberg pak sotva polovinu, nap\u0159\u00edklad bulv\u00e1rn\u00ed den\u00edk Bild ho ozna\u010dil za vesnici: \u201eZ\u00e1zrak \u0161okuje ligu. Pro Leverkusen trapn\u00e1 por\u00e1\u017eka,\u201c <a data-dot=\"atm-link\" target=\"_blank\" rel=\"noopener nofollow\" href=\"https:\/\/www.bild.de\/sport\/fussball\/bundesliga-elversberg-ueberrollt-leverkusen-wunder-dorf-schockt-die-liga-6a92b18427cdbc5135d06c46\" class=\"b_V\">zn\u011bly titulky<\/a>.<\/p>\n<p><a data-dot=\"atm-link\" target=\"_self\" href=\"https:\/\/www.sport.cz\/clanek\/fotbal-bundesliga-schick-si-otevrel-strelecky-ucet-leverkusen-ale-padl-s-novackem-5520851\" class=\"b_V g_ia\" rel=\"nofollow noopener\"><img fetchpriority=\"high\" height=\"2538\" width=\"3384\" src=\"https:\/\/www.europesays.com\/cz\/wp-content\/uploads\/2026\/08\/1788084673_39_9499.jpeg\" loading=\"eager\" decoding=\"sync\" class=\"b_B b_z\"\/><\/a><\/p>\n<p class=\"b_bA\">P\u0159esto se zde nach\u00e1z\u00ed stadion pro p\u0159ibli\u017en\u011b deset tis\u00edc div\u00e1k\u016f. V\u00a0sobotu se stal centrem fotbalov\u00e9ho d\u011bn\u00ed snad v\u00a0cel\u00e9m N\u011bmecku.<\/p>\n<p class=\"b_bA\">Nov\u00e1\u010dek toti\u017e favorita neuv\u011b\u0159iteln\u011b zasko\u010dil a\u00a0v 9.\u00a0minut\u011b vedl u\u017e 2:0.\u00a0Ob\u011b trefy d\u011blilo asi 60\u00a0sekund a\u00a0tu druhou z\u00a0kopa\u010dky Cola Campbella nestihly kv\u016fli opakova\u010dk\u00e1m ani po\u0159\u00e1dn\u011b zabrat televizn\u00ed kamery. Kdy\u017e pak kr\u00e1tce po zm\u011bn\u011b stran zv\u00fd\u0161il David Mokwa na 3:0, senzace byla bl\u00edzko.<\/p>\n<p class=\"b_bA\">\u201eO pauze jsme prob\u00edrali, jak mus\u00edme hr\u00e1t a\u00a0z\u00e1pas oto\u010dit. Te\u010f se sm\u011bji dost ironicky, proto\u017ee nedok\u00e1\u017eu ani slovy vyj\u00e1d\u0159it, co se stalo. Kdy\u017e takhle za\u010dnete prvn\u00ed polo\u010das, a\u00a0pak to zopakujete ve druh\u00e9m, postr\u00e1d\u00e1te mnoho v\u011bc\u00ed. N\u00e1m chyb\u011bla ment\u00e1ln\u00ed s\u00edla, energie i\u00a0hern\u00ed inteligence,\u201c l\u00ed\u010dil po z\u00e1pase viditeln\u011b na\u0161tvan\u00fd g\u00f3lman Flekken.<\/p>\n<p class=\"b_bA\">Leverkusen pod nov\u00fdm kou\u010dem Carlesem Mart\u00ednezem zabral. V\u00a077.\u00a0minut\u011b se par\u00e1dn\u00ed pati\u010dkou prosadil Schick a\u00a0v nastaven\u00ed sn\u00ed\u017eil na rozd\u00edl jedin\u00e9 branky Christian Kofane. V\u00a0z\u00e1v\u011bru mohli host\u00e9 klidn\u011b srovnat, pokusu Jonase Hofmanna chyb\u011blo m\u00e1lo.<\/p>\n<p class=\"b_bA\">Jen\u017ee nestalo se a\u00a0t\u0159i body z\u016fstaly v\u00a0Elversbergu. \u201eCht\u011bli jsme b\u00fdt energi\u010dt\u00ed, vytv\u00e1\u0159et tlak, vn\u00e9st do hry ostrost a\u00a0odvahu. Ale to v\u0161e n\u00e1m chyb\u011blo. Naopak Elversberg n\u00e1m uk\u00e1zal, jak se to m\u00e1 d\u011blat. Bylo to p\u0159esn\u011b naopak, ne\u017e jsme pl\u00e1novali. V\u00a0tuto chv\u00edli si to nedok\u00e1\u017eu vysv\u011btlit, m\u00e1m pr\u00e1zdnou mysl,\u201c l\u00ed\u010dil 33let\u00fd Flekken.<\/p>\n<p class=\"b_bA\">\u201eJako cel\u00fd t\u00fdm se mus\u00edme zamyslet nad t\u00edm, jak jsme za\u010dali oba polo\u010dasy. S\u00a0mentalitou a\u00a0p\u0159\u00edstupem, kter\u00fd jsme p\u0159edv\u00e1d\u011bli, nem\u016f\u017eeme vyhr\u00e1t ani jeden z\u00e1pas. Por\u00e1\u017eka je t\u011b\u017ek\u00e1, mus\u00edme se s\u00a0n\u00ed velmi rychle vypo\u0159\u00e1dat. Jedin\u00e9 pozitivum jsou dva vst\u0159elen\u00e9 g\u00f3ly, jinak se ale do dal\u0161\u00edho utk\u00e1n\u00ed s\u00a0Unionem mus\u00ed v\u0161echno zm\u011bnit. Je pot\u0159eba se pou\u010dit a\u00a0otev\u0159\u00edt o\u010di. Takhle nejde pokra\u010dovat,\u201c dodal r\u00e1zn\u011b.<\/p>\n<p><a data-dot=\"atm-link\" target=\"_self\" href=\"https:\/\/www.sport.cz\/clanek\/nazory-komentare-echo-bundesligy-bayern-bez-konkurence-dortmund-bude-kousat-5519020\" class=\"b_V g_ia\" rel=\"nofollow noopener\"><img height=\"739\" width=\"985\" src=\"https:\/\/www.europesays.com\/cz\/wp-content\/uploads\/2026\/08\/1788084675_93_komentar-straka.jpeg\" loading=\"eager\" decoding=\"sync\" class=\"b_B b_z\"\/><\/a><\/p>\n<p class=\"b_bA\">Flekken ale tak\u00e9 pochv\u00e1lil dom\u00e1c\u00ed, kte\u0159\u00ed maj\u00ed za sebou fantastickou premi\u00e9ru. <\/p>\n<p class=\"b_bA\">\u201eDo 70.\u00a0minuty jsme hr\u00e1li tak, jak jsme cht\u011bli. Pak u\u017e jsme nedok\u00e1zali udr\u017eet intenzitu. Soupe\u0159 n\u00e1s zatla\u010dil, m\u011bl na tr\u00e1vn\u00edku daleko v\u00edce ofenzivn\u00edch fotbalist\u016f. Ale v\u011b\u0159\u00edm, \u017ee pokud budeme p\u0159edv\u00e1d\u011bt na\u0161i odv\u00e1\u017enou hru i\u00a0bez m\u00ed\u010de, m\u016f\u017eeme v\u00a0sout\u011b\u017ei dob\u0159e konkurovat,\u201c \u0159ekl kou\u010d Vincent Wagner.<\/p>\n<p><a data-dot=\"atm-link\" target=\"_self\" href=\"https:\/\/www.sport.cz\/clanek\/fotbal-reprezentace-schick-poprve-promluvil-po-konci-v-narodaku-reprezentace-mi-vic-brala-nez-davala-jezdili-jsme-se-znehodnocovat-5520432\" class=\"b_V g_ia\" rel=\"nofollow noopener\"><img height=\"1198\" width=\"1598\" src=\"https:\/\/www.europesays.com\/cz\/wp-content\/uploads\/2026\/08\/fotbal-reprezentace-schick.jpeg\" loading=\"eager\" decoding=\"sync\" class=\"b_B b_z\"\/><\/a><\/p>\n","protected":false},"excerpt":{"rendered":"Kdy\u017e Elversberg zvl\u00e1dl na konci p\u0159ede\u0161l\u00e9 sezony extr\u00e9mn\u011b vyrovnan\u00fd boj o\u00a0druh\u00e9 postupov\u00e9 m\u00edsto do bundesligy, nikdo asi netu\u0161il,&hellip;\n","protected":false},"author":2,"featured_media":196103,"comment_status":"","ping_status":"","sticky":false,"template":"","format":"standard","meta":{"footnotes":"","_share_on_mastodon":"0"},"categories":[15],"tags":[4490,4512,45178,326,375,4492,94,93],"class_list":["post-196102","post","type-post","status-publish","format-standard","has-post-thumbnail","category-sport","tag-bayer-04-leverkusen","tag-bundesliga","tag-elversberg","tag-fotbal","tag-nemecko","tag-patrik-schick","tag-sport","tag-sports"],"share_on_mastodon":{"url":"https:\/\/pubeurope.com\/@cz\/117183924926155454","error":""},"_links":{"self":[{"href":"https:\/\/www.europesays.com\/cz\/wp-json\/wp\/v2\/posts\/196102","targetHints":{"allow":["GET"]}}],"collection":[{"href":"https:\/\/www.europesays.com\/cz\/wp-json\/wp\/v2\/posts"}],"about":[{"href":"https:\/\/www.europesays.com\/cz\/wp-json\/wp\/v2\/types\/post"}],"author":[{"embeddable":true,"href":"https:\/\/www.europesays.com\/cz\/wp-json\/wp\/v2\/users\/2"}],"replies":[{"embeddable":true,"href":"https:\/\/www.europesays.com\/cz\/wp-json\/wp\/v2\/comments?post=196102"}],"version-history":[{"count":0,"href":"https:\/\/www.europesays.com\/cz\/wp-json\/wp\/v2\/posts\/196102\/revisions"}],"wp:featuredmedia":[{"embeddable":true,"href":"https:\/\/www.europesays.com\/cz\/wp-json\/wp\/v2\/media\/196103"}],"wp:attachment":[{"href":"https:\/\/www.europesays.com\/cz\/wp-json\/wp\/v2\/media?parent=196102"}],"wp:term":[{"taxonomy":"category","embeddable":true,"href":"https:\/\/www.europesays.com\/cz\/wp-json\/wp\/v2\/categories?post=196102"},{"taxonomy":"post_tag","embeddable":true,"href":"https:\/\/www.europesays.com\/cz\/wp-json\/wp\/v2\/tags?post=196102"}],"curies":[{"name":"wp","href":"https:\/\/api.w.org\/{rel}","templated":true}]}}