{"id":196194,"date":"2026-08-30T11:50:13","date_gmt":"2026-08-30T11:50:13","guid":{"rendered":"https:\/\/www.europesays.com\/cz\/196194\/"},"modified":"2026-08-30T11:50:13","modified_gmt":"2026-08-30T11:50:13","slug":"opozice-neni-tak-vyrazna-jak-by-mohla-byt-pripustil-pavel-vladu-pochvalil-za-jednu-vec","status":"publish","type":"post","link":"https:\/\/www.europesays.com\/cz\/196194\/","title":{"rendered":"Opozice nen\u00ed tak v\u00fdrazn\u00e1, jak by mohla b\u00fdt, p\u0159ipustil Pavel. Vl\u00e1du pochv\u00e1lil za jednu v\u011bc"},"content":{"rendered":"<p>\n                        Sou\u010dasn\u00e1 opozice nen\u00ed tak v\u00fdrazn\u00e1, jak by mohla nebo cht\u011bla b\u00fdt. V Partii na CNN Prima NEWS to \u0159ekl prezident Petr Pavel. B\u011bhem exkluzivn\u00edho rozhovoru na Pra\u017esk\u00e9m hrad\u011b tak\u00e9 reagoval na koali\u010dn\u00ed politiky, kte\u0159\u00ed ho ozna\u010duj\u00ed za \u201el\u00eddra opozice\u201c. \u201eRozhodn\u011b j\u00edm nejsem a ani nechci b\u00fdt. Neaspiruji na to st\u00e1t se premi\u00e9rem,\u201c zd\u016fraznil Pavel.\n                    <\/p>\n<p>\u201eM\u011bli bychom asi za\u010d\u00edt definic\u00ed, co to je l\u00eddr opozice,\u201c reagoval Pavel na n\u011bkter\u00e9 koali\u010dn\u00ed politiky, kte\u0159\u00ed mu \u010dasto podsouvaj\u00ed zm\u00edn\u011bnou n\u00e1lepku. Prezident b\u011bhem vys\u00edl\u00e1n\u00ed CNN Prima NEWS p\u0159ipomn\u011bl ned\u00e1vn\u00fd <a target=\"_blank\" href=\"https:\/\/www.novinky.cz\/clanek\/domaci-exkluzivni-pruzkum-nejvyraznejsim-opozicnim-politikem-je-prezident-pavel-druhy-je-paradoxne-premier-babis-40591509\" rel=\"nofollow noopener\">pr\u016fzkum agentury NMS<\/a>, z n\u011bho\u017e na jednu stranu skute\u010dn\u011b vypl\u00fdv\u00e1, \u017ee \u010ce\u0161i pova\u017euj\u00ed Pavla za nejv\u00fdrazn\u011bj\u0161\u00edho opozi\u010dn\u00edho politika. Jen\u017ee druh\u00e9 m\u00edsto obsadil paradoxn\u011b Andrej Babi\u0161 (ANO), kter\u00fd p\u0159itom vykon\u00e1v\u00e1 funkci premi\u00e9ra. A kdyby se po\u010d\u00edtaly jen odpov\u011bdi voli\u010d\u016f ANO, Babi\u0161 by dokonce skon\u010dil na prvn\u00ed p\u0159\u00ed\u010dce.<\/p>\n<p>\u010cT\u011aTE TAK\u00c9: <a target=\"_blank\" href=\"https:\/\/cnn.iprima.cz\/pavel-lidrem-opozice-za-nim-babis-politici-a-analytici-reaguji-na-kuriozni-vysledky-pruzkumu-518825\" rel=\"nofollow noopener\">Nikdy nezpochyb\u0148ujte voli\u010de ANO, sm\u00e1l se Stan\u011bk. Dle pr\u016fzkumu maj\u00ed za l\u00eddra opozice Babi\u0161e<\/a><\/p>\n<p>\u201ePodle tohoto pr\u016fzkumu sd\u00edl\u00edme s Andrejem Babi\u0161em kr\u00e1sn\u00e9 prvn\u00ed a druh\u00e9 m\u00edsto,\u201c glosoval Pavel. Podle n\u011bj lze za skute\u010dn\u00e9ho l\u00eddra opozice ozna\u010dit osobu, kter\u00e1 se vymezuje proti vl\u00e1d\u011b a z\u00e1rove\u0148 m\u00e1 ambici sestavit sv\u016fj vlastn\u00ed kabinet. \u201eJ\u00e1 o nic takov\u00e9ho neusiluji, neaspiruji na to st\u00e1t se premi\u00e9rem. Vykon\u00e1v\u00e1m funkci prezidenta,\u201c \u0159ekl s t\u00edm, \u017ee n\u011bkter\u00e9 jeho kritick\u00e9 n\u00e1zory v\u016f\u010di vl\u00e1d\u011b nejsou znakem toho, \u017ee by byl v opozici.<\/p>\n<p class=\"intro-title-mobile\">\n        \u010ct\u011bte tak\u00e9\n    <\/p>\n<p>        <a href=\"https:\/\/cnn.iprima.cz\/vladni-blok-a-hledani-prezidentskeho-kandidata-rezonuje-jmeno-spojene-s-babisem-520222\" class=\"image-link\" rel=\"nofollow noopener\" target=\"_blank\"><\/p>\n<p>            <img decoding=\"async\" loading=\"lazy\" class=\"image\" src=\"https:\/\/www.europesays.com\/cz\/wp-content\/uploads\/2026\/08\/85e21e8d92bd000a2e6e483d27136efc.jpg\" alt=\"Zleva: Ministr zahrani\u010d\u00ed Petr Macinka (Motorist\u00e9, foto: CNN Prima NEWS), premi\u00e9r Andrej Babi\u0161 (ANO, foto: Profimedia.cz) a p\u0159edseda Poslaneck\u00e9 sn\u011bmovny Tomio Okamura (SPD, foto: CNN Prima NEWS)\"\/><\/p>\n<p>            <\/a><\/p>\n<p class=\"intro-title-desktop\">\n            \u010ct\u011bte tak\u00e9\n        <\/p>\n<p>                <a href=\"https:\/\/cnn.iprima.cz\/vladni-blok-a-hledani-prezidentskeho-kandidata-rezonuje-jmeno-spojene-s-babisem-520222\" class=\"title-link\" rel=\"nofollow noopener\" target=\"_blank\"><\/p>\n<p class=\"title\">\n                Vl\u00e1dn\u00ed kandid\u00e1t na prezidenta? Mluv\u00ed se o p\u0159ekvapiv\u00e9m jm\u00e9nu. Exministr to neodm\u00edtl\n            <\/p>\n<p>        <\/a><\/p>\n<p>                                                                                                26. srp 2026, 13:45<\/p>\n<p>                6 min \u010dten\u00ed<\/p>\n<p>I kdy\u017e je tvrzen\u00ed koali\u010dn\u00edch politik\u016f o Pavlovi jako\u017eto \u201e\u0161\u00e9fovi opozice\u201c bezpochyby promy\u0161lenou strategi\u00ed, nutno zm\u00ednit, \u017ee pr\u016fzkumy i koment\u00e1to\u0159i \u010dasto poukazuj\u00ed na jistou ochablost parlamentn\u00ed opozice. Tento fakt p\u0159ipou\u0161t\u00ed i samotn\u00fd prezident. \u201eJe to mo\u017en\u00e1 d\u00e1no i t\u00edm, \u017ee sou\u010dasn\u00e1 opozice nen\u00ed tak v\u00fdrazn\u00e1, jak by mohla nebo cht\u011bla b\u00fdt. Pokud se stane nejsiln\u011bj\u0161\u00edm kritick\u00fdm hlasem k vl\u00e1d\u011b prezident, m\u016f\u017ee to v\u00e9st k z\u00e1v\u011bru, \u017ee je vlastn\u011b tou opozic\u00ed. Jen\u017ee j\u00e1 rozhodn\u011b l\u00eddrem opozice nejsem a ani nechci b\u00fdt,\u201c zd\u016fraznil prezident.<\/p>\n<p>Pochvala vl\u00e1dy za podporu Ukrajiny<\/p>\n<p>Na dotaz moder\u00e1torky Terezie Tom\u00e1nkov\u00e9, pro\u010d \u010cesko nem\u00e1 v\u00fdraznou opozici se siln\u00fdm l\u00eddrem, Pavel odpov\u011bd\u011bl n\u00e1sledovn\u011b: \u201eTo bychom se m\u011bli zeptat opozi\u010dn\u00edch stran.\u201c K tomu dodal, \u017ee on s\u00e1m se ur\u010dit\u011b nechce stav\u011bt do role \u201ekonsolid\u00e1tora\u201c opozice. \u201eJe to na nich, jak se k tomu postav\u00ed. Z principu je d\u016fle\u017eit\u00e9, aby tady byla siln\u00e1 opozice, kter\u00e1 bude vytv\u00e1\u0159et alternativu k vl\u00e1d\u011b. Nikdo nem\u00e1 patent na rozum a ani sebelep\u0161\u00ed vl\u00e1da nebude nikdy perfektn\u00ed,\u201c uvedl.<\/p>\n<p>Ke sv\u00fdm spor\u016fm s vl\u00e1dou Pavel sd\u011blil, \u017ee je p\u0159ipraven pochv\u00e1lit koalici za cokoliv, co ud\u011bl\u00e1 ve prosp\u011bch \u010cesk\u00e9 republiky. \u201eStejn\u011b tak k n\u00ed budu kritick\u00fd, kdy\u017e budu p\u0159esv\u011bd\u010den, \u017ee nejedn\u00e1 ve prosp\u011bch t\u00e9to zem\u011b. D\u011blal jsem to tak i v p\u0159\u00edpad\u011b p\u0159edchoz\u00ed vl\u00e1dy,\u201c doplnil. A b\u011bhem vys\u00edl\u00e1n\u00ed Pavel skute\u010dn\u011b jeden kompliment zm\u00ednil.<\/p>\n<p>\u201eRozum\u00edm, \u017ee na\u0161e podpora Ukrajiny u\u017e nen\u00ed, \u0159ekn\u011bme, tak jednozna\u010dn\u00e1, jako byla v minulosti. Na druhou stranu v t\u011bch z\u00e1kladn\u00edch parametrech trv\u00e1. Pokra\u010duje muni\u010dn\u00ed iniciativa i podpora spojeneck\u00fdch mechanism\u016f. Na\u0161e vl\u00e1da tak\u00e9 p\u0159ed summitem NATO p\u0159isp\u011bla k n\u00e1kupu zbran\u00ed pro Ukrajinu. Za tohle si mysl\u00edm, \u017ee je mo\u017en\u00e9 vl\u00e1du pochv\u00e1lit,\u201c popsal.<\/p>\n<p>MOHLO BY V\u00c1S ZAJ\u00cdMAT: <a target=\"_blank\" href=\"https:\/\/cnn.iprima.cz\/jak-babis-pije-opozici-krev-ano-vevodi-pruzkumum-a-ostatni-strany-tapou-co-delaji-spatne-520261\" rel=\"nofollow noopener\">Jak Babi\u0161 pije opozici krev. ANO v\u00e9vod\u00ed pr\u016fzkum\u016fm a ostatn\u00ed strany t\u00e1pou, co d\u011blaj\u00ed \u0161patn\u011b<\/a><\/p>\n<p class=\"!text-semibold-14-14 !text-black mb-0 mt-2\">\n                V on-line zpravodajstv\u00ed CNN Prima NEWS za\u010dal pracovat v roce 2020. V\u011bnuje se p\u0159ev\u00e1\u017en\u011b dom\u00e1c\u00ed politick\u00e9 sc\u00e9n\u011b. Krom\u011b zpravodajsk\u00fdch text\u016f a rozhovor\u016f zpracov\u00e1v\u00e1 tak\u00e9 koment\u00e1\u0159e nebo glosy. Nenech\u00e1v\u00e1 ho chladn\u00fdm ani zahrani\u010dn\u00ed politika, akcentuje nap\u0159\u00edklad d\u011bn\u00ed kolem v\u00e1lky na Ukrajin\u011b. V p\u0159\u00edpad\u011b odleh\u010den\u011bj\u0161\u00edch t\u00e9mat se v\u011bnuje videohr\u00e1m \u010di houba\u0159en\u00ed. (Marek.Vesely@iprima.cz)\n            <\/p>\n","protected":false},"excerpt":{"rendered":"Sou\u010dasn\u00e1 opozice nen\u00ed tak v\u00fdrazn\u00e1, jak by mohla nebo cht\u011bla b\u00fdt. V Partii na CNN Prima NEWS to&hellip;\n","protected":false},"author":2,"featured_media":196195,"comment_status":"","ping_status":"","sticky":false,"template":"","format":"standard","meta":{"footnotes":"","_share_on_mastodon":"0"},"categories":[7],"tags":[266,43,42,41,40,1193,31932,213,174,110,964],"class_list":["post-196194","post","type-post","status-publish","format-standard","has-post-thumbnail","category-cesko","tag-andrej-babis","tag-ceska-republika","tag-cesko","tag-czech-republic","tag-czechia","tag-opozice","tag-partie-terezie-tomankove","tag-petr-pavel","tag-politika","tag-ukrajina","tag-vlada"],"share_on_mastodon":{"url":"https:\/\/pubeurope.com\/@cz\/117184313919019500","error":""},"_links":{"self":[{"href":"https:\/\/www.europesays.com\/cz\/wp-json\/wp\/v2\/posts\/196194","targetHints":{"allow":["GET"]}}],"collection":[{"href":"https:\/\/www.europesays.com\/cz\/wp-json\/wp\/v2\/posts"}],"about":[{"href":"https:\/\/www.europesays.com\/cz\/wp-json\/wp\/v2\/types\/post"}],"author":[{"embeddable":true,"href":"https:\/\/www.europesays.com\/cz\/wp-json\/wp\/v2\/users\/2"}],"replies":[{"embeddable":true,"href":"https:\/\/www.europesays.com\/cz\/wp-json\/wp\/v2\/comments?post=196194"}],"version-history":[{"count":0,"href":"https:\/\/www.europesays.com\/cz\/wp-json\/wp\/v2\/posts\/196194\/revisions"}],"wp:featuredmedia":[{"embeddable":true,"href":"https:\/\/www.europesays.com\/cz\/wp-json\/wp\/v2\/media\/196195"}],"wp:attachment":[{"href":"https:\/\/www.europesays.com\/cz\/wp-json\/wp\/v2\/media?parent=196194"}],"wp:term":[{"taxonomy":"category","embeddable":true,"href":"https:\/\/www.europesays.com\/cz\/wp-json\/wp\/v2\/categories?post=196194"},{"taxonomy":"post_tag","embeddable":true,"href":"https:\/\/www.europesays.com\/cz\/wp-json\/wp\/v2\/tags?post=196194"}],"curies":[{"name":"wp","href":"https:\/\/api.w.org\/{rel}","templated":true}]}}